{"id":3550,"date":"2014-01-23T22:33:34","date_gmt":"2014-01-23T21:33:34","guid":{"rendered":"http:\/\/xn--portalmawa-g0b.pl\/?p=3550"},"modified":"2020-06-15T22:49:09","modified_gmt":"2020-06-15T20:49:09","slug":"rada-nadzorcza-pec-u-pomyslodawca-zwolnien-pracownikow-w-spolce-nalezacej-do-miasta-chcieli-wypowiedziec-przywileje-pracownicze","status":"publish","type":"post","link":"http:\/\/portalm\u0142awa.pl\/?p=3550","title":{"rendered":"Rada nadzorcza PEC-u pomys\u0142odawc\u0105 zwolnie\u0144 pracownik\u00f3w. W sp\u00f3\u0142ce nale\u017c\u0105cej do miasta chcieli wypowiedzie\u0107 przywileje pracownicze?"},"content":{"rendered":"<p style=\"text-align: justify;\"><strong><img decoding=\"async\" class=\"wp-image-3551 alignleft lazyload\" data-src=\"http:\/\/xn--portalmawa-g0b.pl\/wp-content\/uploads\/2020\/06\/pec-300x225.jpg\" alt=\"\" width=\"231\" height=\"173\" data-srcset=\"http:\/\/portalm\u0142awa.pl\/wp-content\/uploads\/2020\/06\/pec-300x225.jpg 300w, http:\/\/portalm\u0142awa.pl\/wp-content\/uploads\/2020\/06\/pec-500x375.jpg 500w, http:\/\/portalm\u0142awa.pl\/wp-content\/uploads\/2020\/06\/pec.jpg 640w\" data-sizes=\"(max-width: 231px) 100vw, 231px\" src=\"data:image\/svg+xml;base64,PHN2ZyB3aWR0aD0iMSIgaGVpZ2h0PSIxIiB4bWxucz0iaHR0cDovL3d3dy53My5vcmcvMjAwMC9zdmciPjwvc3ZnPg==\" style=\"--smush-placeholder-width: 231px; --smush-placeholder-aspect-ratio: 231\/173;\" \/>Od wrze\u015bnia 2013 roku w M\u0142awskim PEC-u trwa\u0142y rozwa\u017cania dotycz\u0105ce zwolnie\u0144. Jak si\u0119 okaza\u0142o ich inicjatorem jest Rada Nadzorcza, a w\u0142a\u015bciwie jej przewodnicz\u0105cy rodem z Przasnysza. On te\u017c przedstawia\u0142 swoje racje w tej kwestii na komisji bud\u017cetu 17 stycznia. Prezes PEC Miros\u0142aw Wilkowski za\u015b stawa\u0142 po stronie pracownik\u00f3w. Co ciekawe, jak twierdzi\u0142 radny Micha\u0142 Nowakowski dowiedzia\u0142 si\u0119, \u017ce planowane by\u0142o zwolnienie grupowe z wypowiedzeniem uk\u0142adu zbiorowego, czyli przywilej\u00f3w pracowniczych. Poniewa\u017c zak\u0142ad nale\u017cy do miasta, pytanie, czy burmistrz o tym wiedzia\u0142?<\/strong><\/p>\n<p style=\"text-align: justify;\">Dyskusj\u0119 na temat zwolnie\u0144 rozpocz\u0105\u0142 radny Micha\u0142 Nowakowski informuj\u0105c, \u017ce od cz\u0142onk\u00f3w m\u0142awskiej Solidarno\u015bci dowiedzia\u0142 si\u0119, \u017ce w PEC-u planowane s\u0105 grupowe zwolnienia. Ma\u0142o tego \u0142\u0105czy\u0107 si\u0119 one maj\u0105 z wypowiedzeniem uk\u0142adu zbiorowego, czyli przywilej\u00f3w pracowniczych.<\/p>\n<p style=\"text-align: justify;\">&#8211; Z tego sprawozdania, kt\u00f3re pan przygotowa\u0142 wynika, \u017ce w ci\u0105gu ostatnich o\u015bmiu lat zredukowano zatrudnienie o 22 proc. Tu wyja\u015bnia pan dosy\u0107 szczeg\u00f3\u0142owo, dosy\u0107 zrozumiale, \u017ce ja tu mo\u017ce zacytuj\u0119 nawet: &#8220;w konsekwencji zastosowania nowoczesnych rozwi\u0105za\u0144 technicznych i technologicznych zmniejsza si\u0119 stan zatrudnienia, co skutkuje wzgl\u0119dnym spadkiem koszt\u00f3w osobowych. Poprzez restrukturyzacj\u0119 technologiczn\u0105 praca ludzka jest zast\u0119powana prac\u0105 maszyn&#8221;. Rozumiem &#8211; m\u00f3wi\u0142 Micha\u0142 Nowakowski. Ale w tej chwili w sp\u00f3\u0142ce pracuje 35 os\u00f3b. Domniemam, \u017ce praca jest ca\u0142odobowa, na zmiany. Tu szykuje pan kolejne zwolnienia, kolejn\u0105 redukcj\u0119. Ja tego wog\u00f3le nie rozumiem. Jeszcze dodatkowo jest wypowiedzenie tego uk\u0142adu zbiorowego, czyli tych przywilej\u00f3w pracowniczych przy tak wysokim bezrobociu w m\u0142awskiem. No sp\u00f3\u0142ka miejska tak nie post\u0119puje. Chcia\u0142bym si\u0119 dowiedzie\u0107 w sprawie tych zwolnie\u0144.<\/p>\n<p style=\"text-align: justify;\">Oto ca\u0142a wypowied\u017a radnego Nowakowskiego<\/p>\n<div id=\"blankBM178\" style=\"text-align: justify;\"><\/div>\n<p style=\"text-align: justify;\">Miros\u0142aw Wilkowski prezes PEC podkre\u015bli\u0142 jednak w odpowiedzi, \u017ce to nie zarz\u0105d, czyli m.in nie on stoi za planami redukcji zatrudnienia<\/p>\n<p style=\"text-align: justify;\">&#8211; Zarz\u0105d stoi na stanowisku, i to zosta\u0142o przedstawione w spos\u00f3b jasny i czytelny, \u017ce na t\u0105 chwil\u0119, w obecnej strukturze przedsi\u0119biorstwa z uwagi na uwarunkowania dotycz\u0105ce szczeg\u00f3lnych warunk\u00f3w pracy w ciep\u0142ownictwie, sektorze energetycznym na szczeg\u00f3lne przepisy dotycz\u0105ce tego typu przedsi\u0119biorstw \u017cadnych ruch\u00f3w kadrowych nie powinno by\u0107. Poniewa\u017c mo\u017ce to spowodowa\u0107 powstanie odpowiedzialno\u015bci karnej ze strony zarz\u0105du za niedochowanie przepis\u00f3w, kt\u00f3re dotycz\u0105 bezpiecze\u0144stwa pracy, ochrony zdrowia &#8211; zaznacza\u0142 Wilkowski<\/p>\n<p style=\"text-align: justify;\">Delikatnie prezes jednak wskaza\u0142, kto jest inicjatorem tego pomys\u0142u<\/p>\n<p style=\"text-align: justify;\">Oto w ca\u0142o\u015bci wypowied\u017a prezesa PEC. Pos\u0142uchaj<\/p>\n<div id=\"blankBM174\" style=\"text-align: justify;\"><\/div>\n<p style=\"text-align: justify;\"><strong>Prezes PEC broni\u0142 obecnego stanu zatrudnienia &#8211; stan\u0105\u0142 po stronie pracownik\u00f3w<\/strong><\/p>\n<p style=\"text-align: justify;\">Jak si\u0119 okaza\u0142o pomys\u0142odawc\u0105 uszczuplenia szereg\u00f3w za\u0142ogi m\u0142awskiej firmy ciep\u0142owniczej by\u0142a jej rada nadzorcza. Co potwierdzi\u0142 jej przewodnicz\u0105cy obecny na komisji bud\u017cetu. Czym uzasadnia\u0142 konieczno\u015b\u0107 zwolnie\u0144?<\/p>\n<p style=\"text-align: justify;\">&#8211; Ja by\u0142em inicjatorem analizy struktury zatrudnienia &#8211; m\u00f3wi\u0142 przewodnicz\u0105cy. Dla mnie jest jednoznaczne, \u017ce w grupie 35 pracownik\u00f3w og\u00f3\u0142em jest zatrudnionych 11 pracownik\u00f3w umys\u0142owych. Jest to zdecydowany przerost. Proponowane zmniejszenie zatrudnienia nie dotyczy\u0142o pracownik\u00f3w fizycznych tylko pracownik\u00f3w umys\u0142owych. Dla pa\u0144stwa wiedzy mieszkam i pracuj\u0119 w Przasnyszu. Mam pewne do\u015bwiadczenie w pracy w ciep\u0142owni. Tu na przyk\u0142ad ciep\u0142ownia przasnyska sprzedaj\u0105c ponad 200 tys. GJ ciep\u0142a w zak\u0142adzie podstawowym, w oddziale w Modlinie pond 100 tys GJ, czyli tyle w Modlinie co i tutaj w M\u0142awie ma w sumie zatrudnienie w 20 os\u00f3b w Przasnyszu, w tym ksi\u0119gowo\u015b\u0107 wszyscy pracownicy obs\u0142ugi i w Modlinie 13 os\u00f3b. Czyli w sumie przy sprzeda\u017cy ponad 300 tys. GJ ciep\u0142a zatrudnienie jest 33 osoby. Tutaj zak\u0142ad m\u0142awski sprzedaje oko\u0142o 100 tys. ma zatrudnienie ma 35 os\u00f3b.<\/p>\n<p style=\"text-align: justify;\">Poni\u017cej ca\u0142o\u015b\u0107 wypowiedzi przewodnicz\u0105cego Rady Nadzorczej PEC-u<\/p>\n<div id=\"blankBM175\" style=\"text-align: justify;\"><\/div>\n<p style=\"text-align: justify;\">Nie zgadza\u0142 si\u0119 z tym por\u00f3wnaniem prezes PEC-u i stan\u0105\u0142 po stronie pracownik\u00f3w tj. utrzymania zatrudnienia na dotychczasowym poziomie<\/p>\n<p style=\"text-align: justify;\">Poni\u017cej wypowied\u017a prezesa.<\/p>\n<p>&nbsp;<\/p>\n<p>&nbsp;<\/p>\n<p style=\"text-align: justify;\"><span style=\"color: #ff0000;\"><strong>KOMENTARZE<\/strong><\/span><\/p>\n<p style=\"text-align: justify;\"><i>Wydawca portalu nie ponosi odpowiedzialno\u015bci za tre\u015b\u0107 komentarzy zamieszczanych przez u\u017cytkownik\u00f3w. Osoby zamieszczaj\u0105ce wypowiedzi naruszaj\u0105ce prawo lub prawem chronione dobra os\u00f3b trzecich mog\u0105 ponie\u015b\u0107 z tego tytu\u0142u odpowiedzialno\u015b\u0107 karn\u0105 lub cywiln\u0105.<\/i><span style=\"color: #ff0000;\"><strong><i>JEDNOCZE\u015aNIE UZYTKOWNICY ZAMIESZCZAJ\u0104C KOMENTARZ OSWIADCZAJ\u0104, \u017bE BIOR\u0104 PE\u0141N\u0104 ODPOWIEDZIALNO\u015a\u0106 ZA TRE\u015aCI UMIESZCZONE PRZEZ SIEBIE<\/i><\/strong><\/span><\/p>\n<div style=\"padding-bottom:20px; padding-top:10px;\" class=\"hupso-share-buttons\"><!-- Hupso Share Buttons - https:\/\/www.hupso.com\/share\/ --><a class=\"hupso_pop\" href=\"https:\/\/www.hupso.com\/share\/\"><img decoding=\"async\" data-src=\"http:\/\/static.hupso.com\/share\/buttons\/button100x23.png\" style=\"border:0px; width:100; height: 23; \" alt=\"Share Button\" src=\"data:image\/svg+xml;base64,PHN2ZyB3aWR0aD0iMSIgaGVpZ2h0PSIxIiB4bWxucz0iaHR0cDovL3d3dy53My5vcmcvMjAwMC9zdmciPjwvc3ZnPg==\" class=\"lazyload\" \/><\/a><script type=\"text\/javascript\">var hupso_services=new Array(\"Twitter\",\"Facebook\",\"Pinterest\",\"Linkedin\",\"Tumblr\",\"StumbleUpon\",\"Digg\",\"Reddit\",\"Bebo\",\"Delicious\",\"QZone\",\"Renren\",\"Email\");var hupso_icon_type = \"labels\";var hupso_background=\"#3BF8FF\";var hupso_border=\"#FF2B0A\";var hupso_image_folder_url = \"\";var hupso_url=\"\";var hupso_title=\"Rada%20nadzorcza%20PEC-u%20pomys%C5%82odawc%C4%85%20zwolnie%C5%84%20pracownik%C3%B3w.%20W%20sp%C3%B3%C5%82ce%20nale%C5%BC%C4%85cej%20do%20miasta%20chcieli%20wypowiedzie%C4%87%20przywileje%20pracownicze%3F\";<\/script><script type=\"text\/javascript\" src=\"http:\/\/static.hupso.com\/share\/js\/share.js\"><\/script><!-- Hupso Share Buttons --><\/div>","protected":false},"excerpt":{"rendered":"<p>Od wrze\u015bnia 2013 roku w M\u0142awskim PEC-u trwa\u0142y rozwa\u017cania dotycz\u0105ce zwolnie\u0144. Jak si\u0119 okaza\u0142o ich inicjatorem jest Rada Nadzorcza, a w\u0142a\u015bciwie jej przewodnicz\u0105cy rodem z Przasnysza. On te\u017c przedstawia\u0142 swoje&hellip; <\/p>\n<div style=\"padding-bottom:20px; padding-top:10px;\" class=\"hupso-share-buttons\"><!-- Hupso Share Buttons - https:\/\/www.hupso.com\/share\/ --><a class=\"hupso_pop\" href=\"https:\/\/www.hupso.com\/share\/\"><img data-src=\"http:\/\/static.hupso.com\/share\/buttons\/button100x23.png\" style=\"border:0px; width:100; height: 23; \" alt=\"Share Button\" src=\"data:image\/svg+xml;base64,PHN2ZyB3aWR0aD0iMSIgaGVpZ2h0PSIxIiB4bWxucz0iaHR0cDovL3d3dy53My5vcmcvMjAwMC9zdmciPjwvc3ZnPg==\" class=\"lazyload\" \/><\/a><script type=\"text\/javascript\">var hupso_services=new Array(\"Twitter\",\"Facebook\",\"Pinterest\",\"Linkedin\",\"Tumblr\",\"StumbleUpon\",\"Digg\",\"Reddit\",\"Bebo\",\"Delicious\",\"QZone\",\"Renren\",\"Email\");var hupso_icon_type = \"labels\";var hupso_background=\"#3BF8FF\";var hupso_border=\"#FF2B0A\";var hupso_image_folder_url = \"\";var hupso_url=\"\";var hupso_title=\"Rada%20nadzorcza%20PEC-u%20pomys%C5%82odawc%C4%85%20zwolnie%C5%84%20pracownik%C3%B3w.%20W%20sp%C3%B3%C5%82ce%20nale%C5%BC%C4%85cej%20do%20miasta%20chcieli%20wypowiedzie%C4%87%20przywileje%20pracownicze%3F\";<\/script><script type=\"text\/javascript\" src=\"http:\/\/static.hupso.com\/share\/js\/share.js\"><\/script><!-- Hupso Share Buttons --><\/div>","protected":false},"author":1,"featured_media":3551,"comment_status":"open","ping_status":"open","sticky":false,"template":"","format":"standard","meta":{"_acf_changed":false,"wprm-recipe-roundup-name":"","wprm-recipe-roundup-description":"","footnotes":""},"categories":[19],"tags":[23,986,987,848],"class_list":["post-3550","post","type-post","status-publish","format-standard","has-post-thumbnail","hentry","category-aktualnosci","tag-mlawa","tag-pec","tag-prawa-pracownicze","tag-zwolnienia"],"acf":[],"amp_enabled":true,"_links":{"self":[{"href":"http:\/\/portalm\u0142awa.pl\/index.php?rest_route=\/wp\/v2\/posts\/3550","targetHints":{"allow":["GET"]}}],"collection":[{"href":"http:\/\/portalm\u0142awa.pl\/index.php?rest_route=\/wp\/v2\/posts"}],"about":[{"href":"http:\/\/portalm\u0142awa.pl\/index.php?rest_route=\/wp\/v2\/types\/post"}],"author":[{"embeddable":true,"href":"http:\/\/portalm\u0142awa.pl\/index.php?rest_route=\/wp\/v2\/users\/1"}],"replies":[{"embeddable":true,"href":"http:\/\/portalm\u0142awa.pl\/index.php?rest_route=%2Fwp%2Fv2%2Fcomments&post=3550"}],"version-history":[{"count":2,"href":"http:\/\/portalm\u0142awa.pl\/index.php?rest_route=\/wp\/v2\/posts\/3550\/revisions"}],"predecessor-version":[{"id":3554,"href":"http:\/\/portalm\u0142awa.pl\/index.php?rest_route=\/wp\/v2\/posts\/3550\/revisions\/3554"}],"wp:featuredmedia":[{"embeddable":true,"href":"http:\/\/portalm\u0142awa.pl\/index.php?rest_route=\/wp\/v2\/media\/3551"}],"wp:attachment":[{"href":"http:\/\/portalm\u0142awa.pl\/index.php?rest_route=%2Fwp%2Fv2%2Fmedia&parent=3550"}],"wp:term":[{"taxonomy":"category","embeddable":true,"href":"http:\/\/portalm\u0142awa.pl\/index.php?rest_route=%2Fwp%2Fv2%2Fcategories&post=3550"},{"taxonomy":"post_tag","embeddable":true,"href":"http:\/\/portalm\u0142awa.pl\/index.php?rest_route=%2Fwp%2Fv2%2Ftags&post=3550"}],"curies":[{"name":"wp","href":"https:\/\/api.w.org\/{rel}","templated":true}]}}