{"id":3761,"date":"2013-09-06T09:41:18","date_gmt":"2013-09-06T07:41:18","guid":{"rendered":"http:\/\/xn--portalmawa-g0b.pl\/?p=3761"},"modified":"2020-06-21T09:46:15","modified_gmt":"2020-06-21T07:46:15","slug":"czyzby-teatr-fanum-byl-inspiracja-tegorocznego-nalotu-bombowego","status":"publish","type":"post","link":"http:\/\/portalm\u0142awa.pl\/?p=3761","title":{"rendered":"Czy\u017cby Teatr Fanum by\u0142 inspiracj\u0105 tegorocznego \u201eNalotu Bombowego\u201d ?"},"content":{"rendered":"<p style=\"text-align: justify;\"><strong><img decoding=\"async\" class=\"wp-image-3762 alignleft lazyload\" data-src=\"http:\/\/xn--portalmawa-g0b.pl\/wp-content\/uploads\/2020\/06\/tarnozek-300x169.jpg\" alt=\"\" width=\"215\" height=\"121\" data-srcset=\"http:\/\/portalm\u0142awa.pl\/wp-content\/uploads\/2020\/06\/tarnozek-300x169.jpg 300w, http:\/\/portalm\u0142awa.pl\/wp-content\/uploads\/2020\/06\/tarnozek-480x270.jpg 480w, http:\/\/portalm\u0142awa.pl\/wp-content\/uploads\/2020\/06\/tarnozek.jpg 640w\" data-sizes=\"(max-width: 215px) 100vw, 215px\" src=\"data:image\/svg+xml;base64,PHN2ZyB3aWR0aD0iMSIgaGVpZ2h0PSIxIiB4bWxucz0iaHR0cDovL3d3dy53My5vcmcvMjAwMC9zdmciPjwvc3ZnPg==\" style=\"--smush-placeholder-width: 215px; --smush-placeholder-aspect-ratio: 215\/121;\" \/>Spektakl uliczny kt\u00f3ry zosta\u0142 pokazany na Starym Rynku w M\u0142awie 30 sierpnia wywo\u0142a\u0142 wiele emocji i komentarzy. Czy jednak by\u0142 autorski? Czy mo\u017ce <span id=\"c60t7c3_3\" class=\"c60t7c3\">mia<\/span>\u0142 sw\u00f3j pierwowz\u00f3r w postaci spektaklu ulicznego granego ju\u017c wielokrotnie od kilku lat przez Teatr Fanum w Siedlcach ze scenariuszem i re\u017cyseri\u0105 Huberta Prekurata?.<\/strong><\/p>\n<p style=\"text-align: justify;\"><strong>Oto jaki opis i zachwyt nad widowiskiem oraz opis tre\u015b<span id=\"c60t7c3_5\" class=\"c60t7c3\">ci<\/span> scenariusza \u00a0Nalotu Bombowego na M\u0142aw\u0119 2013 r. mo\u017cna znale\u017a\u0107 na stronie Urz\u0119du Miasta (<a href=\"http:\/\/www.mlawa.um.gov.pl\/aktualnosci\/niezwykly-spektakl-na-mlawskim-rynku.html\">\u00a0<\/a><a href=\"http:\/\/www.mlawa.um.gov.pl\/aktualnosci\/niezwykly-spektakl-na-mlawskim-rynku.html\">http:\/\/www.mlawa.um.gov.pl\/aktualnosci\/niezwykly-spektakl-na-mlawskim-rynku.html<\/a>) <\/strong><\/p>\n<p style=\"text-align: justify;\">Grupa aktorska z Miejskiego Domu Kultury w M\u0142awie po\u0142\u0105czy\u0142a realistyczny obraz przedwojennego miasta z uniwersaln\u0105 symbolik\u0105 dobra i z\u0142a, cierpienia, b\u00f3lu, przemijania. <i>Sztuka powinna dzia\u0142a\u0107 na odbiorc\u00f3w, budzi\u0107 emocje i wywo\u0142ywa\u0107 dyskusj\u0119 &#8211; \u00a0ten cel tw\u00f3rcy pi\u0105tkowego spektaklu z pewno\u015bci\u0105 osi\u0105gn\u0119li<\/i><i>\u00a0<\/i><\/p>\n<p style=\"text-align: justify;\"><i>Ulica Starego Rynku zamieni\u0142a si\u0119 w przestrze\u0144 teatraln\u0105. \u00a0Ponad sto os\u00f3b z MDK pod kierownictwem re\u017cysera Mariusza Tarno\u017cka postawi\u0142o sobie wysok\u0105 poprzeczk\u0119 i w spos\u00f3b uniwersalny, stosuj\u0105c czyteln\u0105 symbolik\u0119 przedstawi\u0142o wzruszaj\u0105cy obraz wojny, zniewolenia, dominacji i cierpienia.<\/i><\/p>\n<p style=\"text-align: justify;\"><i>Przes\u0142anie by\u0142o czytelne. Aktorzy podzieleni zostali na dwie grupy \u2013 czarn\u0105 i bia\u0142\u0105. Pierwsza z nich symbolizowa\u0142a bezwzgl\u0119dnego, wyrachowanego, niemal\u017ce pozbawione ludzkiej natury agresora, kt\u00f3ry zniewala ludzi, pozbawia wszystkiego, wykorzystuje, wi\u0119zi i d\u0105\u017cy do ich unicestwienia. Odarci z kolorowych szat, niczym z rado\u015bci \u017cycia, ludzie zamieniaj\u0105 \u00a0si\u0119 w jednolity, \u00a0bia\u0142y t\u0142um. To co ich \u0142\u0105czy to niewinno\u015b\u0107, strach i b\u00f3l. Kr\u0119powani czarnymi wi\u0119zami s\u0105 bici i poniewierani. Rodzicom zabierane \u00a0s\u0105 dzieci. Podczas spektaklu pojawiaj\u0105 si\u0119 <span id=\"c60t7c3_4\" class=\"c60t7c3\">symbole<\/span> wiary i nadziei (figurka, \u017cywy obraz piety, niebo, chleb) oraz b\u00f3lu, cierpienia, z\u0142a (druty kolczaste, pejcze, pa\u0142ki).<\/i><\/p>\n<p style=\"text-align: justify;\"><i>Cho\u0107 obraz przybra\u0142 bardziej metaforyczn\u0105 form\u0119 spotka\u0142 si\u0119 z uznaniem wielu widz\u00f3w, dostrzegaj\u0105cych naturalne przeobra\u017cenie si\u0119 rekonstruktor\u00f3w ludno\u015bci cywilnej w grup\u0119 aktorsk\u0105. \u2013 Wzruszy\u0142em si\u0119, cho\u0107 nie cz\u0119sto mi si\u0119 to zdarza \u2013 powiedzia\u0142 Pawe\u0142 Ro\u017cd\u017cestwi\u0144<span id=\"c60t7c3_6\" class=\"c60t7c3\">ski<\/span> z Fundacji Polonia Militaris. \u00a0\u2013 Spektakl wni\u00f3s\u0142 now\u0105 jako\u015b\u0107, uniwersaln\u0105 \u015bwie\u017co\u015b\u0107. By\u0142 profesjonalny i z pewno\u015bci\u0105 wzbudzi\u0142by uznanie wytrawnych widz\u00f3w \u2013 podsumowa\u0142 Wojciech Zalewski, historyk, autor wielu\u00a0ksi\u0105\u017cek na tematyce wojennej,\u00a0za\u0142o\u017cyciel i redaktor naczelny portalu oraz wydawnictwa \u201eTaktyka i <span id=\"c60t7c3_2\" class=\"c60t7c3\">strategia<\/span>\u201d. \u0179r\u00f3d\u0142o:UMM<\/i><\/p>\n<p style=\"text-align: justify;\"><strong>Najciekawsze jest jednak to, \u017ce uhonorowanych zosta\u0142o dziesi\u0119\u0107 os\u00f3b za to, \u017ce na r\u00f3\u017cnych polach przyczyniaj\u0105 si\u0119 do organizacji widowiska historycznego oraz wspieraj\u0105 m\u0142awskie inicjatywy:<\/strong><\/p>\n<ul style=\"text-align: justify;\">\n<li>Andrzej Szwejkowski \u2013 Prezes Polskiego Banku Sp\u00f3\u0142dzielczego w Ciechanowie, wielokrotny sponsor rekonstrukcji oraz wielu wydarze\u0144 kulturalnych w M\u0142awie<\/li>\n<li>Wojciech Zalewski \u2013 Prezes Patria Polonia, rekonstruktor<\/li>\n<li>Dariusz W\u0142odarczyk \u2013 Wiceprezes Patria Polonia, rekonstruktor<\/li>\n<li><span id=\"c60t7c3_1\" class=\"c60t7c3\">S<\/span>\u0142awomir Cisowski \u2013 rekonstruktor, pasjonat, komentator sze\u015bciu edycji rekonstrukcji<\/li>\n<li>Stanis\u0142aw Charzy\u0144ski \u2013 przedsi\u0119biorca m\u0142awski, Artex Hurt, sponsor rekonstrukcji wszystkich edycji<\/li>\n<li><strong>Mariusz Tarno\u017cek \u2013 re\u017cyser, autor scenariuszy Teatralnego Widowiska Nalotu Bombowego nad M\u0142aw\u0105<\/strong><\/li>\n<li>Zbigniew Kleniewski \u2013 W\u00f3jt Gminy Wi\u015bniewo, wsp\u00f3\u0142organizator widowiska<\/li>\n<li>Wies\u0142aw Boczkowski \u2013 W\u00f3jt Gminy Szyd\u0142owo, wsp\u00f3\u0142organizator widowiska<\/li>\n<li>Jan Warecki \u2013 W\u00f3jt Gminy Wieczfnia Ko\u015bcielna, gospodarz terenu w Uniszkach Zawadzkich<\/li>\n<li>Pawe\u0142 Rozd\u017cestwie\u0144ski \u2013 rekonstruktor, przedstawiciel Fundacji Polonia Militaris, realizator rekonstrukcji<\/li>\n<\/ul>\n<p style=\"text-align: justify;\">Medale wr\u0119czy\u0142 Burmistrz Miasta M\u0142awa S\u0142awomir Kowalewski oraz Przewodnicz\u0105cy Rady Miasta M\u0142awa Krzysztof Wasi\u0142owski.<\/p>\n<p style=\"text-align: justify;\"><img fetchpriority=\"high\" decoding=\"async\" src=\"http:\/\/www.archiwum.xn--portalmawa-g0b.pl\/images\/tarnozek.jpg\" alt=\"\" width=\"584\" height=\"329\" \/><\/p>\n<p style=\"text-align: justify;\">Mariusz Tarno\u017cek \u00a0na zdj\u0119ciu w bia\u0142ym\u00a0T-Shirt-cie czwarty od lewej strony.<\/p>\n<p style=\"text-align: justify;\">Sam m\u0142awski spektakl wywo\u0142a\u0142 wiele emocji w\u015br\u00f3d mieszka\u0144c\u00f3w M\u0142awy i pojawi\u0142o si\u0119 sporo komentarzy na jego temat na portalu spo\u0142eczno\u015bciowym facebook Nalot Bombowy na M\u0142aw\u0119 2013 r. Co pisali?:<\/p>\n<p style=\"text-align: justify;\"><strong>Danuta Gasto\u0142ek:<\/strong><\/p>\n<p style=\"text-align: justify;\"><i>To nie by\u0142 Nalot Bombowy na M\u0142aw\u0119.\u00a0Ka\u017cda inscenizacja to sztuka, na ni\u017cszym lub wy\u017cszym poziomie.<\/i><br \/>\n<i>Wiadomo by\u0142o, ju\u017c od d\u0142u\u017cszego czasu, \u017ce inscenizacja na rynku b\u0119dzie inna ni\u017c wszystkie wcze\u015bniejsze. Pisano o tym w prasie i w internecie. Trudno wi\u0119c by\u0142o spodziewa\u0107 si\u0119 czysto realistycznego pokazania tragicznych wydarze\u0144 z historii naszego narodu. My\u015bl\u0119, \u017ce to co zobaczyli\u015bmy mia\u0142o wymiar o wiele g\u0142\u0119bszy, uniwersalny, i zmusza\u0142o do my\u015blenia. Sprzyja\u0142a temu oszcz\u0119dna scenografia. Zobaczyli\u015bmy ofiary nalot\u00f3w, oboz\u00f3w koncentracyjnych, przesiedle\u0144, wyw\u00f3zek na Sybir, sieroty wojenne. By\u0142a to prawdziwa lekcja wyobra\u017ani. Losy Polak\u00f3w, cierpienie i tragedia dla ka\u017cdego cz\u0142owieka, jakie niesie ze sob\u0105 wojna, nienawi\u015b\u0107, pycha, z\u0142o, kt\u00f3re ka\u017cdy z nas ma w sobie i z kt\u00f3rym walczy, pokazane w poszczeg\u00f3lnych obrazach za pomoc\u0105 prostych, \u0142atwo czytelnych symboli, \u015bwietnej gry aktor\u00f3w i dobrze dobranej muzyki, nie powinny sprawi\u0107 problem\u00f3w ze zrozumieniem przes\u0142ania widowiska. To czy si\u0119 ono spodoba\u0142o, to ju\u017c inna sprawa. Ka\u017cdy ma prawo do w\u0142asnej opinii. Jestem pod wielkim wra\u017ceniem wspania\u0142ej gry wszystkich aktor\u00f3w. Bardzo dobrze poradzili sobie z tak trudnym wyzwaniem. Moim zdaniem, widowisko w tej konwencji, by\u0142o rewelacyjne i potrzebne, cho\u0107by po to, \u017ceby pokaza\u0107, \u017ce do przedstawienia rzeczy wa\u017cnych, istniej\u0105 r\u00f3wnie\u017c inne \u015brodki wyrazu, nie tylko te realistyczne, do kt\u00f3rych wszyscy si\u0119 przyzwyczaili\u015bmy, \u017ce z\u0142o, kt\u00f3re si\u0119 dzia\u0142o, mo\u017ce si\u0119 sta\u0107 w ka\u017cdej chwili, je\u015bli nie zaczniemy by\u0107 dla siebie wzajemnie lepsi i nie przestaniemy szerzy\u0107 nienawi\u015bci, nietolerancji, pychy.<\/i><\/p>\n<p style=\"text-align: justify;\"><strong><i>Jestem pe\u0142na uznania dla Mariusza Tarno\u017cka za to, \u017ce podj\u0105\u0142 si\u0119 przygotowania tego spektaklu, \u017ce potrafi\u0142 zapali\u0107 do niego wszystkich uczestnik\u00f3w, w wi\u0119kszo\u015bci m\u0142odzie\u017c. Wszyscy byli bardzo zaanga\u017cowani i z przej\u0119ciem przygotowywali i wymy\u015blali poszczeg\u00f3lne epizody, scenografi\u0119 i charakteryzacj\u0119.<\/i><\/strong><\/p>\n<p style=\"text-align: justify;\">\u0179r\u00f3d\u0142o mlawainfo.pl<strong>Tomasz Chodubski:<\/strong><\/p>\n<p style=\"text-align: justify;\"><i>D\u0142ugi czas odznacze\u0144 i przem\u00f3wie\u0144 z jednolitofrontowymi wezwaniami do jedno\u015bci w poparciu dla w\u0142adzy. Jeden \u015bwietny utw\u00f3r NPWM o patriotach broni\u0105cych Polski na pozycji m\u0142awskiej. A potem\u2026 inscenizacja z nieczyteln\u0105 narracj\u0105, amatorskim recytatorem z LG, nijak\u0105 dekoracj\u0105. Abstrakcja.(\u0179r\u00f3d\u0142o FB)<br \/>\n<\/i><\/p>\n<p style=\"text-align: justify;\"><strong>Pawe\u0142 Rozd\u017cestwie\u0144ski<\/strong><\/p>\n<p style=\"text-align: justify;\"><i>Ja by\u0142em pod wra\u017ceniem, \u017ce Mariusz dokona\u0142 tego, \u017ce kolejne pokolenie M\u0142awian zainteresowa\u0142o si\u0119 histori\u0105 i nie potrzebowa\u0142o do tego kostium\u00f3w z epoki. Widowisko pi\u0119kne, ponadczasowe i wspania\u0142e. Sztuka przez du\u017ce \u201eS\u201d \u2013 szacunek dla M\u0142awian!<\/i><\/p>\n<p style=\"text-align: justify;\"><strong>Zdj\u0119cia teatru Fanum <\/strong><a href=\"https:\/\/www.facebook.com\/photo.php?fbid=198688146858291&amp;set=a.198688116858294.49309.108091115917995&amp;type=3&amp;theater\">TUTAJ<\/a>. W<strong>arto przyjrze\u0107 si\u0119 strojom i charakteryzacji, czyli charakterystycznie pomalowanym oczom, i mo\u017cna powiedzie\u0107 identycznie u\u0142o\u017conym w\u0142osom.<\/strong><\/p>\n<p style=\"text-align: justify;\">Sam spektakl teatru ulicy Fanum \u00a0<strong>\u201eODLOT!\u201d\u00a0(scenariusz i re\u017cyseria Hubert Prekurat)<\/strong>\u00a0to natomiast opowie\u015b\u0107 o m\u0142odym cz\u0142owieku, kt\u00f3ry na p\u0142aszczy\u017anie duchowej oraz w \u015bwiecie rzeczywistym toczy walk\u0119 pomi\u0119dzy \u017cyciow\u0105 drog\u0105 dobra i z\u0142a. Pomimo tego, \u017ce jego droga w spektaklu ko\u0144czy si\u0119 tragicznie -wyborem oferowanych mu przez z\u0142o narkotyk\u00f3w i jego \u015bmierci\u0105, to widz postawiony zostaje przed pytaniem, jak\u0105 drog\u0119 wybierze kolejna bohaterka, kt\u00f3ra w ko\u0144cowej scenie staje przed wyborem podobnej \u015bcie\u017cki.<\/p>\n<p style=\"text-align: justify;\"><strong>Pokusili\u015bmy si\u0119 o to, aby wypowiedzia\u0142 si\u0119 dla Portalu M\u0142awa tw\u00f3rca scenariusza i re\u017cysera spektaklu ODLOT Hubert Prekurata <\/strong><\/p>\n<p style=\"text-align: justify;\"><i>Zgadzam, \u017ce mi\u0119dzy \u201eOdlotem!\u201d a tym spektaklem widz\u0119 pewne podobie\u0144stwa. Jako re\u017cyser teatralny jednak musz\u0119 patrze\u0107 obiektywnie, a nie emocjonalnie i te podobie\u0144stwa to g\u0142\u00f3wnie motywy teatralne, kt\u00f3re s\u0105 bardzo uniwersalne i stare jak sam teatr \u2013 motyw czerni i bieli (dobra i z\u0142a), sp\u0119tania sznurami (czy te\u017c materia\u0142ami), a \u201ewie\u017cyczki\u201d to sta\u0142y ju\u017c element teatru ulicznego (chocia\u017cby spektakle najs\u0142ynniejszego teatru ulicznego Polski \u2013 Teatru \u00d3smego Dnia).\u00a0<\/i><\/p>\n<p style=\"text-align: justify;\"><i>Poza tym znam m\u0142odzie\u017c z M\u0142awy poprzez og\u00f3lnopolski program Profilaktyka a Ty, w kt\u00f3rym wsp\u00f3lnie dzia\u0142amy. Zak\u0142ada on na celu szerzenie idei mody na \u017cycie bez uzale\u017cnie\u0144 w\u015br\u00f3d m\u0142odych ludzi W\u0141A\u015aNIE poprzez aktywne dzia\u0142anie, a nie siedzenie na \u0142awce pod blokiem i popijanie piwa.\u00a0<\/i><\/p>\n<p style=\"text-align: justify;\"><i>Zatem ciesz\u0119 si\u0119 niezmiernie, \u017ce w M\u0142awie jest kto\u015b, kto porywa m\u0142odzie\u017c do dzia\u0142ania i daje im zaj\u0119cie, nawet, a w\u0142a\u015bciwie szczeg\u00f3lnie, je\u015bli inspiracj\u0105 do tego jest dzia\u0142alno\u015b\u0107 stowarzyszenia Teatr FANUM, kt\u00f3re inspiracj\u0119 ma wpisan\u0105 w statut dzia\u0142alno\u015bci i taka przy\u015bwieca nam idea. Dlatego bardzo gratuluj\u0119 postaw, jakie w M\u0142awie si\u0119 punktuje i bardzo si\u0119 ciesz\u0119, \u017ce tamtejsza m\u0142odzie\u017c dzia\u0142a aktywnie.\u00a0<\/i><\/p>\n<p style=\"text-align: justify;\"><i>Prosz\u0119 przekaza\u0107 moje najszczersze wyrazy gratulacji autorom i przede wszystkim aktorom spektaklu, \u017cyczy\u0107 w imieniu moim i ca\u0142ego Teatru FANUM dalszej tak owocnej pracy i ponadto prosz\u0119 przekaza\u0107, \u017ce Teatr FANUM wyra\u017ca du\u017ce zainteresowanie wsp\u00f3\u0142prac\u0105 z tak aktywn\u0105, kreatywn\u0105 i zdoln\u0105 m\u0142odzie\u017c\u0105.\u00a0Wierz\u0119, \u017ce przeka\u017ce Pan moje s\u0142owa dos\u0142ownie i \u017ce mog\u0119 na Pana liczy\u0107!<\/i><\/p>\n<p style=\"text-align: justify;\">My r\u00f3wnie\u017c gratulujemy aktorom jednak ocen\u0119 ca\u0142ej sytuacji pozostawiamy czytelnikowi.<\/p>\n<p style=\"text-align: justify;\"><img decoding=\"async\" data-src=\"http:\/\/www.archiwum.xn--portalmawa-g0b.pl\/images\/oczy.jpg\" alt=\"\" width=\"584\" height=\"316\" src=\"data:image\/svg+xml;base64,PHN2ZyB3aWR0aD0iMSIgaGVpZ2h0PSIxIiB4bWxucz0iaHR0cDovL3d3dy53My5vcmcvMjAwMC9zdmciPjwvc3ZnPg==\" class=\"lazyload\" style=\"--smush-placeholder-width: 584px; --smush-placeholder-aspect-ratio: 584\/316;\" \/><\/p>\n<p style=\"text-align: justify;\"><img decoding=\"async\" data-src=\"http:\/\/www.archiwum.xn--portalmawa-g0b.pl\/images\/oczy1.jpg\" alt=\"\" width=\"584\" height=\"438\" src=\"data:image\/svg+xml;base64,PHN2ZyB3aWR0aD0iMSIgaGVpZ2h0PSIxIiB4bWxucz0iaHR0cDovL3d3dy53My5vcmcvMjAwMC9zdmciPjwvc3ZnPg==\" class=\"lazyload\" style=\"--smush-placeholder-width: 584px; --smush-placeholder-aspect-ratio: 584\/438;\" \/><\/p>\n<p style=\"text-align: justify;\"><img decoding=\"async\" data-src=\"http:\/\/www.archiwum.xn--portalmawa-g0b.pl\/images\/oczy2.jpg\" alt=\"\" width=\"584\" height=\"438\" src=\"data:image\/svg+xml;base64,PHN2ZyB3aWR0aD0iMSIgaGVpZ2h0PSIxIiB4bWxucz0iaHR0cDovL3d3dy53My5vcmcvMjAwMC9zdmciPjwvc3ZnPg==\" class=\"lazyload\" style=\"--smush-placeholder-width: 584px; --smush-placeholder-aspect-ratio: 584\/438;\" \/><\/p>\n<p style=\"text-align: justify;\"><span style=\"color: #ff0000;\"><strong>KOMENTARZE<\/strong><\/span><\/p>\n<p style=\"text-align: justify;\"><i>Wydawca portalu nie ponosi odpowiedzialno\u015bci za tre\u015b\u0107 komentarzy zamieszczanych przez u\u017cytkownik\u00f3w. Osoby zamieszczaj\u0105ce wypowiedzi naruszaj\u0105ce prawo lub prawem chronione dobra os\u00f3b trzecich mog\u0105 ponie\u015b\u0107 z tego tytu\u0142u odpowiedzialno\u015b\u0107 karn\u0105 lub cywiln\u0105.<\/i><span style=\"color: #ff0000;\"><strong><i>JEDNOCZE\u015aNIE UZYTKOWNICY ZAMIESZCZAJ\u0104C KOMENTARZ OSWIADCZAJ\u0104, \u017bE BIOR\u0104 PE\u0141N\u0104 ODPOWIEDZIALNO\u015a\u0106 ZA TRE\u015aCI UMIESZCZONE PRZEZ SIEBIE<\/i><\/strong><\/span><\/p>\n<div style=\"padding-bottom:20px; padding-top:10px;\" class=\"hupso-share-buttons\"><!-- Hupso Share Buttons - https:\/\/www.hupso.com\/share\/ --><a class=\"hupso_pop\" href=\"https:\/\/www.hupso.com\/share\/\"><img decoding=\"async\" data-src=\"http:\/\/static.hupso.com\/share\/buttons\/button100x23.png\" style=\"border:0px; width:100; height: 23; \" alt=\"Share Button\" src=\"data:image\/svg+xml;base64,PHN2ZyB3aWR0aD0iMSIgaGVpZ2h0PSIxIiB4bWxucz0iaHR0cDovL3d3dy53My5vcmcvMjAwMC9zdmciPjwvc3ZnPg==\" class=\"lazyload\" \/><\/a><script type=\"text\/javascript\">var hupso_services=new Array(\"Twitter\",\"Facebook\",\"Pinterest\",\"Linkedin\",\"Tumblr\",\"StumbleUpon\",\"Digg\",\"Reddit\",\"Bebo\",\"Delicious\",\"QZone\",\"Renren\",\"Email\");var hupso_icon_type = \"labels\";var hupso_background=\"#3BF8FF\";var hupso_border=\"#FF2B0A\";var hupso_image_folder_url = \"\";var hupso_url=\"\";var hupso_title=\"Czy%C5%BCby%20Teatr%20Fanum%20by%C5%82%20inspiracj%C4%85%20tegorocznego%20%E2%80%9ENalotu%20Bombowego%E2%80%9D%20%3F\";<\/script><script type=\"text\/javascript\" src=\"http:\/\/static.hupso.com\/share\/js\/share.js\"><\/script><!-- Hupso Share Buttons --><\/div>","protected":false},"excerpt":{"rendered":"<p>Spektakl uliczny kt\u00f3ry zosta\u0142 pokazany na Starym Rynku w M\u0142awie 30 sierpnia wywo\u0142a\u0142 wiele emocji i komentarzy. Czy jednak by\u0142 autorski? Czy mo\u017ce mia\u0142 sw\u00f3j pierwowz\u00f3r w postaci spektaklu ulicznego&hellip; <\/p>\n<div style=\"padding-bottom:20px; padding-top:10px;\" class=\"hupso-share-buttons\"><!-- Hupso Share Buttons - https:\/\/www.hupso.com\/share\/ --><a class=\"hupso_pop\" href=\"https:\/\/www.hupso.com\/share\/\"><img data-src=\"http:\/\/static.hupso.com\/share\/buttons\/button100x23.png\" style=\"border:0px; width:100; height: 23; \" alt=\"Share Button\" src=\"data:image\/svg+xml;base64,PHN2ZyB3aWR0aD0iMSIgaGVpZ2h0PSIxIiB4bWxucz0iaHR0cDovL3d3dy53My5vcmcvMjAwMC9zdmciPjwvc3ZnPg==\" class=\"lazyload\" \/><\/a><script type=\"text\/javascript\">var hupso_services=new Array(\"Twitter\",\"Facebook\",\"Pinterest\",\"Linkedin\",\"Tumblr\",\"StumbleUpon\",\"Digg\",\"Reddit\",\"Bebo\",\"Delicious\",\"QZone\",\"Renren\",\"Email\");var hupso_icon_type = \"labels\";var hupso_background=\"#3BF8FF\";var hupso_border=\"#FF2B0A\";var hupso_image_folder_url = \"\";var hupso_url=\"\";var hupso_title=\"Czy%C5%BCby%20Teatr%20Fanum%20by%C5%82%20inspiracj%C4%85%20tegorocznego%20%E2%80%9ENalotu%20Bombowego%E2%80%9D%20%3F\";<\/script><script type=\"text\/javascript\" src=\"http:\/\/static.hupso.com\/share\/js\/share.js\"><\/script><!-- Hupso Share Buttons --><\/div>","protected":false},"author":1,"featured_media":3762,"comment_status":"open","ping_status":"open","sticky":false,"template":"","format":"standard","meta":{"_acf_changed":false,"wprm-recipe-roundup-name":"","wprm-recipe-roundup-description":"","footnotes":""},"categories":[3],"tags":[1061,23,413],"class_list":["post-3761","post","type-post","status-publish","format-standard","has-post-thumbnail","hentry","category-kultura","tag-inspiracja","tag-mlawa","tag-nalot-bombowy-na-mlawe"],"acf":[],"amp_enabled":true,"_links":{"self":[{"href":"http:\/\/portalm\u0142awa.pl\/index.php?rest_route=\/wp\/v2\/posts\/3761","targetHints":{"allow":["GET"]}}],"collection":[{"href":"http:\/\/portalm\u0142awa.pl\/index.php?rest_route=\/wp\/v2\/posts"}],"about":[{"href":"http:\/\/portalm\u0142awa.pl\/index.php?rest_route=\/wp\/v2\/types\/post"}],"author":[{"embeddable":true,"href":"http:\/\/portalm\u0142awa.pl\/index.php?rest_route=\/wp\/v2\/users\/1"}],"replies":[{"embeddable":true,"href":"http:\/\/portalm\u0142awa.pl\/index.php?rest_route=%2Fwp%2Fv2%2Fcomments&post=3761"}],"version-history":[{"count":1,"href":"http:\/\/portalm\u0142awa.pl\/index.php?rest_route=\/wp\/v2\/posts\/3761\/revisions"}],"predecessor-version":[{"id":3763,"href":"http:\/\/portalm\u0142awa.pl\/index.php?rest_route=\/wp\/v2\/posts\/3761\/revisions\/3763"}],"wp:featuredmedia":[{"embeddable":true,"href":"http:\/\/portalm\u0142awa.pl\/index.php?rest_route=\/wp\/v2\/media\/3762"}],"wp:attachment":[{"href":"http:\/\/portalm\u0142awa.pl\/index.php?rest_route=%2Fwp%2Fv2%2Fmedia&parent=3761"}],"wp:term":[{"taxonomy":"category","embeddable":true,"href":"http:\/\/portalm\u0142awa.pl\/index.php?rest_route=%2Fwp%2Fv2%2Fcategories&post=3761"},{"taxonomy":"post_tag","embeddable":true,"href":"http:\/\/portalm\u0142awa.pl\/index.php?rest_route=%2Fwp%2Fv2%2Ftags&post=3761"}],"curies":[{"name":"wp","href":"https:\/\/api.w.org\/{rel}","templated":true}]}}