{"id":5539,"date":"2013-12-06T12:44:41","date_gmt":"2013-12-06T11:44:41","guid":{"rendered":"http:\/\/xn--portalmawa-g0b.pl\/?p=5539"},"modified":"2020-08-06T12:50:11","modified_gmt":"2020-08-06T10:50:11","slug":"obywatelski-komitet-przeciw-budowie-spalarni-smieci-w-mlawie-zlozyl-zastrzezenia-do-ratusza-w-sprawie-inwestycji-uskom-u-z-redakcyjnej-poczty","status":"publish","type":"post","link":"http:\/\/portalm\u0142awa.pl\/?p=5539","title":{"rendered":"Obywatelski Komitet Przeciw Budowie Spalarni \u015amieci w M\u0142awie z\u0142o\u017cy\u0142 zastrze\u017cenia do ratusza w sprawie inwestycji USKOM-u- z redakcyjnej poczty"},"content":{"rendered":"<p style=\"text-align: justify;\"><strong>Dzia\u0142aj\u0105cy od ponad tygodnia Obywatelski Komitet Przeciw Budowie Spalarni \u015amieci w M\u0142awie zebra\u0142 oko\u0142o 1000 podpis\u00f3w przeciwnych realizacji inwestycji sp\u00f3\u0142ki USKOM. Wczoraj jak si\u0119 dowiedzieli\u015bmy przedstawiciel Komitetu Robert Maciej Jankowski z\u0142o\u017cy\u0142 w ratuszu na pi\u015bmie zastrze\u017cenia do raportu o oddzia\u0142ywaniu na \u015brodowisko przedsi\u0119wzi\u0119cia polegaj\u0105<span class=\"o3khz53km\">cego<\/span> na budowie elektrociep\u0142owni opalanej paliwem alternatywnym w M\u0142awie przy ul. P\u0142ockiej. Do naszej redakcyjnej skrzynki trafi\u0142a ca\u0142a tre\u015b\u0107 dotycz\u0105ca wspomnianych zastrze\u017ce\u0144.<\/strong><\/p>\n<p style=\"text-align: justify;\">Cytujemy w ca\u0142o\u015bci tre\u015b\u0107 pisma<\/p>\n<p style=\"text-align: justify;\">Do Burmistrza miasta M\u0142awa<\/p>\n<p style=\"text-align: justify;\">\n<p class=\"Default\" style=\"text-align: justify;\">Uwagi i wnioski do <strong>Raportu o oddzia\u0142ywaniu na \u015brodowisko przedsi\u0119wzi\u0119cia polegaj\u0105cego na budowie elektrociep\u0142owni opalanej paliwem alternatywnym w M\u0142awie przy ul. P\u0142ockiej<\/strong><\/p>\n<p class=\"Default\" style=\"text-align: justify;\">Spontanicznie powsta\u0142y Obywatelski Komitet Przeciw Budowie Spalarni \u015amieci w M\u0142awie zg\u0142asza swoje oficjalne zastrze\u017cenia do <strong>Raportu o oddzia\u0142ywaniu na \u015brodowisko przedsi\u0119wzi\u0119cia polegaj\u0105cego na budowie elektrociep\u0142owni opalanej paliwem alternatywnym w M\u0142awie przy ul. P\u0142ockiej.<\/strong><\/p>\n<p style=\"text-align: justify;\">\u00a0\u00a0 1.W naszym przekonaniu z raportu wynika, \u017ce bez paliwa wspomagaj\u0105cego, paliwo ze \u015bmieci nie uleg\u0142oby odpowiednim przekszta\u0142ceniom cieplnym, dlatego te\u017c uwa\u017camy, \u017ce zasadnicz\u0105 cz\u0119\u015bci\u0105 tego przedsi\u0119wzi\u0119cia jest <strong>spalarnia \u015bmieci<\/strong>, w wyniku pracy kt\u00f3rej mo\u017ce powstawa\u0107 energia cieplna i elektryczna.<\/p>\n<p style=\"text-align: justify;\">\u00a0\u00a0 2.Analizuj\u0105c Raport, nigdzie nie dostrzegli\u015bmy umowy firmy Zak\u0142ad Us\u0142ug Komunalnych \u201eUSKOM\u201d sp. z o.o. , a Przedsi\u0119biorstwem Energetyki Cieplnej w M\u0142awie, gdzie raport ten jako oczywisto\u015b\u0107 zak\u0142ada pod\u0142\u0105czenie inwestycji do sieci przesy\u0142owej PEC-u. Zak\u0142ada te\u017c, \u017ce firma PEC wybuduje, by pod\u0142\u0105czy\u0107 konkurencyjn\u0105 dla siebie firm\u0119, kosztown\u0105, 600 metrow\u0105 instalacj\u0119. Naszym zdaniem bazuje na fa\u0142szywych za\u0142o\u017ceniach.<\/p>\n<p style=\"text-align: justify;\">\u00a0\u00a0 3.Raport zak\u0142ada, \u017ce \u201ebardziej szkodliwy\u201d PEC zaprzestanie wytwarzania \u201edrogiego\u201d ciep\u0142a i wygaszaj\u0105c sw\u0105 produkcj\u0119 zajmie si\u0119 tylko przesy\u0142em energii. Spaliny pochodz\u0105ce z w\u0119gla, kt\u00f3re wytwarza PEC w procesie produkcji energii cieplnej, zawieraj\u0105 7 pierwiastk\u00f3w szkodliwych dla zdrowia, a spaliny powsta\u0142e przy spalaniu \u015bmieci zawieraj\u0105 ich 24, w tym wiele metali ci\u0119\u017ckich bardzo szkodliwych dla zdrowia cz\u0142owieka. Tego typu przedsi\u0119wzi\u0119cie jest innowacj\u0105, nie sprawdzon\u0105 jeszcze w warunkach polskich (cho\u0107by inna struktura \u015bmieci), wi\u0119c nie mo\u017cna zak\u0142ada\u0107, \u017ce na pewno b\u0119dzie bardziej ekologiczne ni\u017c klasyczna ciep\u0142ownia opalana w\u0119glem. Inwestor deklaruje, \u017ce ciep\u0142o przez niego wytwarzane b\u0119dzie ta\u0144sze ni\u017c ciep\u0142o z PEC-u. Deklaruje ale nie gwarantuje! Nie przedstawia te\u017c szacunkowych koszt\u00f3w jakie poniesie chc\u0105c wykorzystywa\u0107 sie\u0107 PEC-u, a przecie\u017c konkurencja nie b\u0119dzie dla nich robi\u0142a tego za darmo. Raport stwierdza r\u00f3wnie\u017c, \u017ce powstanie tej inwestycji zmniejszy emisj\u0119 z niskosprawnych, indywidualnych kot\u0142\u00f3w grzewczych zainstalowanych w budynkach mieszkalnych. Wi\u0119kszo\u015b\u0107 prywatnych dom\u00f3w w M\u0142awie nie jest pod\u0142\u0105czona do sieci przesy\u0142owej PEC-u. Czy\u017cby w\u0142a\u015bciciele tych dom\u00f3w mieli zosta\u0107 zmuszeni do pod\u0142\u0105czenia? Je\u015bli tak, to kto i za czyje pieni\u0105dze wybuduje przy\u0142\u0105cza?<\/p>\n<p style=\"text-align: justify;\">\u00a0\u00a0 4.Raport nie wyklucza wyst\u0105pienia awarii elektrociep\u0142owni i infrastruktury z ni\u0105 zwi\u0105zanej, jak r\u00f3wnie\u017c zak\u0142ada przerwy w celu dokonania konserwacji instalacji, co mo\u017ce zak\u0142\u00f3ci\u0107 dostawy ciep\u0142a do naszych mieszka\u0144. Zwracamy uwag\u0119, \u017ce w okresie zimowym mo\u017ce to doprowadzi\u0107 do sytuacji kryzysowych. W przypadku PEC-u, kt\u00f3ry posiada cztery kot\u0142y grzewcze zagro\u017cenie takie niemal nie wyst\u0119puje. Dlatego te\u017c za\u0142o\u017cenie raportu, \u017ce PEC wygasi swoje kot\u0142y, w naszym przekonaniu jest b\u0142\u0119dne, a nawet niemo\u017cliwe do zrealizowania.<\/p>\n<p style=\"text-align: justify;\">\u00a0\u00a0 5. Przedsi\u0119wzi\u0119cie ( wg raportu ) kwalifikuje si\u0119 do grupy przedsi\u0119wzi\u0119\u0107, mog\u0105cych znacz\u0105co oddzia\u0142ywa\u0107 na \u015brodowisko. Raport zak\u0142ada, \u017ce w fazie eksploatacji praca elektrociep\u0142owni, ruch pojazd\u00f3w j\u0105 zaopatruj\u0105cych, utrzymanie i konserwacja b\u0119d\u0105 oddzia\u0142ywa\u0142y akustycznie na \u015brodowisko, b\u0119d\u0105 emitowa\u0142y zanieczyszczenia do powietrza, jak r\u00f3wnie\u017c b\u0119d\u0105 produkowa\u0142y zanieczyszczenia sta\u0142e i \u015bcieki. W sytuacji, w kt\u00f3rej i tak normy czysto\u015bci powietrza w naszym mie\u015bcie s\u0105 przekraczane, dok\u0142adanie kolejnej, uci\u0105\u017cliwej dla \u015brodowiska, dzia\u0142alno\u015bci wydaje nam si\u0119 niewskazane i niepo\u017c\u0105dane.<\/p>\n<p style=\"text-align: justify;\">\u00a0\u00a0 6. Zak\u0142adana moc elektrociep\u0142owni i ilo\u015b\u0107 odpad\u00f3w w niej spalanych \u015bwiadcz\u0105, \u017ce M\u0142awa kosztem zdrowia swoich mieszka\u0144c\u00f3w po raz kolejny b\u0119dzie musia\u0142a upora\u0107 si\u0119 ze \u015bmieciami, kt\u00f3rych sama nie wytworzy\u0142a. Rocznie spalanych by mia\u0142o by\u0107 ponad 50.000 ton paliwa ze \u015bmieci, podczas gdy PEC do swojej dzia\u0142alno\u015bci potrzebuje rocznie ok. 4.000 ton w\u0119gla.<\/p>\n<p style=\"text-align: justify;\">7. Naszym zdaniem lokalizacja przy ulicy P\u0142ockiej powodowa\u0142aby opadanie emitowanych zanieczyszcze\u0144 na centrum miasta (ze wzgl\u0119du na przewa\u017caj\u0105ce wiatry zachodnio-po\u0142udniowe i po\u0142udniowo-zachodnie, wg r\u00f3\u017cy wiatr\u00f3w z raportu ). Zwraca te\u017c nasz\u0105 uwag\u0119 fakt, \u017ce komin planowanej spalarni mia\u0142by tylko 25m wysoko\u015bci, a komin PEC-u, kt\u00f3ry jest posadowiony nieco wy\u017cej, ma wysoko\u015b\u0107 45 m.<\/p>\n<p class=\"Default\" style=\"text-align: justify;\">8. Raport podkre\u015bla, \u017ce powstanie elektrociep\u0142owni nie stoi w sprzeczno\u015bci z Krajowym Planem Gospodarki Odpadami 2014, jednak\u017ce konieczno\u015b\u0107 utrzymania ci\u0105g\u0142o\u015bci cyklu pracy elektrociep\u0142owni b\u0119dzie wymusza\u0107 zwo\u017cenie w okolice M\u0142awy kolejnych stert \u015bmieci.\u00a0\u00a0\u00a0\u00a0 Gospodarka naszego kraju w przypadku powstawania kolejnych spalarni nie b\u0119dzie wi\u0119c hamowa\u0107 produkcji \u015bmieciowytw\u00f3rczej, gdy\u017c paliwo alternatywne b\u0119dzie niezb\u0119dne, a to stoi ju\u017c w sprzeczno\u015bci z g\u0142\u00f3wnym celem KPGO 2014 jakim jest: \u201eutrzymanie tendencji oddzielenia wzrostu ilo\u015bci wytwarzanych odpad\u00f3w od wzrostu gospodarczego kraju wyra\u017conego w PKB\u201d. Podkre\u015blmy te\u017c, \u017ce drugim celem tego planu jest \u201ezwi\u0119kszenie udzia\u0142u odzysku, w szczeg\u00f3lno\u015bci <strong>recyklingu<\/strong> w odniesieniu do szk\u0142a, metali, tworzyw sztucznych oraz papieru i tektury, jak r\u00f3wnie\u017c odzysku energii z odpad\u00f3w, zgodnego z wymogami ochrony \u015brodowiska\u201d. Recykling jest wi\u0119c stawiany wy\u017cej, ni\u017c odzysk energii z odpad\u00f3w, kt\u00f3ry niekoniecznie musi przecie\u017c pochodzi\u0107 ze spalarni odpad\u00f3w, a cho\u0107by z biogazowni. Wed\u0142ug raport\u00f3w nam dost\u0119pnych wiele kraj\u00f3w rezygnuje ju\u017c ze spalarni \u015bmieci na rzecz zwi\u0119kszonego recyklingu, kt\u00f3ry w niekt\u00f3rych regionach \u015bwiata dochodzi ju\u017c do ponad 80% odzysku, podczas gdy w Polsce \u015brednia to zaledwie 5%. Odpady powsta\u0142e w spalarniach \u015bmieci si\u0119gaj\u0105 do 40% , a jak si\u0119 okazuje w wyniku recyklingu mo\u017cna zej\u015b\u0107 poni\u017cej 20% odpad\u00f3w. Ponadto ilo\u015b\u0107 energii uzyskanej ze spalenia 1 kilograma surowca jest zazwyczaj kilkukrotnie mniejsza od energii zaoszcz\u0119dzonej w przypadku jego recyklingu. Dlatego te\u017c uwa\u017camy, \u017ce naszemu miastu inwestycja w postaci spalarni \u015bmieci jest niepotrzebna . Jednak\u017ce maj\u0105c na uwadze problem powstaj\u0105cych \u015bmieci nak\u0142anialiby\u015bmy firm\u0119 USKOM do rozpatrzenia budowy sortowni \u015bmieci, z zastrze\u017ceniem, \u017ce nie by\u0142aby ona budowana w bliskim s\u0105siedztwie skupisk ludzkich.<\/p>\n<p class=\"Default\" style=\"text-align: justify;\">\u00a0\u00a0 9.Raport wspomina o konsultacjach spo\u0142ecznych, kt\u00f3re w naszym przekonaniu nie zosta\u0142y przeprowadzone. Oczekujemy rzetelnej debaty na ten temat.<\/p>\n<p class=\"Default\" style=\"text-align: justify;\">10.Raport nie zawiera te\u017c \u017cadnych analiz dotycz\u0105cych spadku warto\u015bci nieruchomo\u015bci po\u0142o\u017conych najbli\u017cej planowanej inwestycji jak i w ca\u0142ym mie\u015bcie gdyby dosz\u0142o do jej realizacji.<\/p>\n<p class=\"Default\" style=\"text-align: justify;\">11.W raporcie nie ma r\u00f3wnie\u017c \u017cadnych konkret\u00f3w, dotycz\u0105cych wp\u0142ywu spalarni na po\u0142o\u017cony w jej s\u0105siedztwie u\u017cytek ekologiczny Ostoja Rzeki Seracz.<\/p>\n<p style=\"text-align: justify;\">Wszystkich mieszka\u0144c\u00f3w M\u0142awy chc\u0105cych poprze\u0107 OBYWATELSKI KOMITET PRZECIW SPALARNI \u015aMIECI w M\u0141AWIE prosimy o sk\u0142adanie podpis\u00f3w pod OBYWATELSKIM PROTESTEM. Listy z podpisami kr\u0105\u017c\u0105 ju\u017c po mie\u015bcie, s\u0105 r\u00f3wnie\u017c dost\u0119pne w ksi\u0119garni MEANDER przy ul. Wigury 4h. Namawiam do sk\u0142adania podpis\u00f3w a jeszcze bardziej do pobrania w\u0142asnej listy i zbierania podpis\u00f3w od znajomych i rodziny. Sprawa jest wa\u017cna! Nie pozw\u00f3lmy, by zadecydowano za Nas! W\u0142a\u015bnie teraz mog\u0105 zapa\u015b\u0107 decyzje o naszej przysz\u0142o\u015bci! Nie st\u00f3j z boku, tak tworzy si\u0119 prawdziwa demokracja!<\/p>\n<p style=\"text-align: justify;\">\u00a0\u00a0\u00a0\u00a0\u00a0\u00a0\u00a0\u00a0\u00a0\u00a0\u00a0\u00a0\u00a0\u00a0\u00a0\u00a0\u00a0\u00a0\u00a0\u00a0\u00a0\u00a0\u00a0\u00a0\u00a0\u00a0\u00a0\u00a0\u00a0\u00a0\u00a0\u00a0\u00a0\u00a0\u00a0\u00a0\u00a0\u00a0\u00a0\u00a0\u00a0\u00a0\u00a0\u00a0\u00a0\u00a0\u00a0\u00a0\u00a0\u00a0\u00a0\u00a0\u00a0\u00a0\u00a0\u00a0\u00a0\u00a0\u00a0\u00a0\u00a0\u00a0\u00a0\u00a0\u00a0\u00a0\u00a0\u00a0\u00a0\u00a0\u00a0\u00a0\u00a0\u00a0\u00a0\u00a0\u00a0\u00a0\u00a0\u00a0\u00a0\u00a0\u00a0\u00a0\u00a0\u00a0\u00a0\u00a0\u00a0\u00a0 Cz\u0142onek KOMITETU Robert Maciej Jankowski<\/p>\n<p style=\"text-align: justify;\"><span style=\"color: #ff0000;\"><strong>KOMENTARZE<\/strong><\/span><\/p>\n<p style=\"text-align: justify;\"><i>Wydawca portalu nie ponosi odpowiedzialno\u015bci za tre\u015b\u0107 komentarzy zamieszczanych przez u\u017cytkownik\u00f3w. Osoby zamieszczaj\u0105ce wypowiedzi naruszaj\u0105ce prawo lub prawem chronione dobra os\u00f3b trzecich mog\u0105 ponie\u015b\u0107 z tego tytu\u0142u odpowiedzialno\u015b\u0107 karn\u0105 lub cywiln\u0105.<\/i><span style=\"color: #ff0000;\"><strong><i>JEDNOCZE\u015aNIE UZYTKOWNICY ZAMIESZCZAJ\u0104C KOMENTARZ OSWIADCZAJ\u0104, \u017bE BIOR\u0104 PE\u0141N\u0104 ODPOWIEDZIALNO\u015a\u0106 ZA TRE\u015aCI UMIESZCZONE PRZEZ SIEBIE<\/i><\/strong><\/span><\/p>\n<div style=\"padding-bottom:20px; padding-top:10px;\" class=\"hupso-share-buttons\"><!-- Hupso Share Buttons - https:\/\/www.hupso.com\/share\/ --><a class=\"hupso_pop\" href=\"https:\/\/www.hupso.com\/share\/\"><img decoding=\"async\" data-src=\"http:\/\/static.hupso.com\/share\/buttons\/button100x23.png\" style=\"border:0px; width:100; height: 23; \" alt=\"Share Button\" src=\"data:image\/svg+xml;base64,PHN2ZyB3aWR0aD0iMSIgaGVpZ2h0PSIxIiB4bWxucz0iaHR0cDovL3d3dy53My5vcmcvMjAwMC9zdmciPjwvc3ZnPg==\" class=\"lazyload\" \/><\/a><script type=\"text\/javascript\">var hupso_services=new Array(\"Twitter\",\"Facebook\",\"Pinterest\",\"Linkedin\",\"Tumblr\",\"StumbleUpon\",\"Digg\",\"Reddit\",\"Bebo\",\"Delicious\",\"QZone\",\"Renren\",\"Email\");var hupso_icon_type = \"labels\";var hupso_background=\"#3BF8FF\";var hupso_border=\"#FF2B0A\";var hupso_image_folder_url = \"\";var hupso_url=\"\";var hupso_title=\"Obywatelski%20Komitet%20Przeciw%20Budowie%20Spalarni%20%C5%9Amieci%20w%20M%C5%82awie%20z%C5%82o%C5%BCy%C5%82%20zastrze%C5%BCenia%20do%20ratusza%20w%20sprawie%20inwestycji%20USKOM-u-%20z%20redakcyjnej%20poczty\";<\/script><script type=\"text\/javascript\" src=\"http:\/\/static.hupso.com\/share\/js\/share.js\"><\/script><!-- Hupso Share Buttons --><\/div>","protected":false},"excerpt":{"rendered":"<p>Dzia\u0142aj\u0105cy od ponad tygodnia Obywatelski Komitet Przeciw Budowie Spalarni \u015amieci w M\u0142awie zebra\u0142 oko\u0142o 1000 podpis\u00f3w przeciwnych realizacji inwestycji sp\u00f3\u0142ki USKOM. Wczoraj jak si\u0119 dowiedzieli\u015bmy przedstawiciel Komitetu Robert Maciej Jankowski&hellip; <\/p>\n<div style=\"padding-bottom:20px; padding-top:10px;\" class=\"hupso-share-buttons\"><!-- Hupso Share Buttons - https:\/\/www.hupso.com\/share\/ --><a class=\"hupso_pop\" href=\"https:\/\/www.hupso.com\/share\/\"><img data-src=\"http:\/\/static.hupso.com\/share\/buttons\/button100x23.png\" style=\"border:0px; width:100; height: 23; \" alt=\"Share Button\" src=\"data:image\/svg+xml;base64,PHN2ZyB3aWR0aD0iMSIgaGVpZ2h0PSIxIiB4bWxucz0iaHR0cDovL3d3dy53My5vcmcvMjAwMC9zdmciPjwvc3ZnPg==\" class=\"lazyload\" \/><\/a><script type=\"text\/javascript\">var hupso_services=new Array(\"Twitter\",\"Facebook\",\"Pinterest\",\"Linkedin\",\"Tumblr\",\"StumbleUpon\",\"Digg\",\"Reddit\",\"Bebo\",\"Delicious\",\"QZone\",\"Renren\",\"Email\");var hupso_icon_type = \"labels\";var hupso_background=\"#3BF8FF\";var hupso_border=\"#FF2B0A\";var hupso_image_folder_url = \"\";var hupso_url=\"\";var hupso_title=\"Obywatelski%20Komitet%20Przeciw%20Budowie%20Spalarni%20%C5%9Amieci%20w%20M%C5%82awie%20z%C5%82o%C5%BCy%C5%82%20zastrze%C5%BCenia%20do%20ratusza%20w%20sprawie%20inwestycji%20USKOM-u-%20z%20redakcyjnej%20poczty\";<\/script><script type=\"text\/javascript\" src=\"http:\/\/static.hupso.com\/share\/js\/share.js\"><\/script><!-- Hupso Share Buttons --><\/div>","protected":false},"author":1,"featured_media":2974,"comment_status":"open","ping_status":"open","sticky":false,"template":"","format":"standard","meta":{"_acf_changed":false,"wprm-recipe-roundup-name":"","wprm-recipe-roundup-description":"","footnotes":""},"categories":[19],"tags":[23,1573,1607,724],"class_list":["post-5539","post","type-post","status-publish","format-standard","has-post-thumbnail","hentry","category-aktualnosci","tag-mlawa","tag-poczta","tag-protest-obywatelski","tag-spalarnia"],"acf":[],"amp_enabled":true,"_links":{"self":[{"href":"http:\/\/portalm\u0142awa.pl\/index.php?rest_route=\/wp\/v2\/posts\/5539","targetHints":{"allow":["GET"]}}],"collection":[{"href":"http:\/\/portalm\u0142awa.pl\/index.php?rest_route=\/wp\/v2\/posts"}],"about":[{"href":"http:\/\/portalm\u0142awa.pl\/index.php?rest_route=\/wp\/v2\/types\/post"}],"author":[{"embeddable":true,"href":"http:\/\/portalm\u0142awa.pl\/index.php?rest_route=\/wp\/v2\/users\/1"}],"replies":[{"embeddable":true,"href":"http:\/\/portalm\u0142awa.pl\/index.php?rest_route=%2Fwp%2Fv2%2Fcomments&post=5539"}],"version-history":[{"count":1,"href":"http:\/\/portalm\u0142awa.pl\/index.php?rest_route=\/wp\/v2\/posts\/5539\/revisions"}],"predecessor-version":[{"id":5540,"href":"http:\/\/portalm\u0142awa.pl\/index.php?rest_route=\/wp\/v2\/posts\/5539\/revisions\/5540"}],"wp:featuredmedia":[{"embeddable":true,"href":"http:\/\/portalm\u0142awa.pl\/index.php?rest_route=\/wp\/v2\/media\/2974"}],"wp:attachment":[{"href":"http:\/\/portalm\u0142awa.pl\/index.php?rest_route=%2Fwp%2Fv2%2Fmedia&parent=5539"}],"wp:term":[{"taxonomy":"category","embeddable":true,"href":"http:\/\/portalm\u0142awa.pl\/index.php?rest_route=%2Fwp%2Fv2%2Fcategories&post=5539"},{"taxonomy":"post_tag","embeddable":true,"href":"http:\/\/portalm\u0142awa.pl\/index.php?rest_route=%2Fwp%2Fv2%2Ftags&post=5539"}],"curies":[{"name":"wp","href":"https:\/\/api.w.org\/{rel}","templated":true}]}}