{"id":6944,"date":"2025-06-08T11:10:51","date_gmt":"2025-06-08T09:10:51","guid":{"rendered":"http:\/\/portalm\u0142awa.pl\/?p=6944"},"modified":"2025-06-08T11:15:39","modified_gmt":"2025-06-08T09:15:39","slug":"lato-pelne-muzyki-i-tanca-w-mlawie-sprawdz-kalendarz-wydarzen-na-czerwiec-2025","status":"publish","type":"post","link":"http:\/\/portalm\u0142awa.pl\/?p=6944","title":{"rendered":"Lato pe\u0142ne muzyki i ta\u0144ca w M\u0142awie! Sprawd\u017a kalendarz wydarze\u0144 na czerwiec 2025"},"content":{"rendered":"<p dir=\"ltr\" style=\"text-align: justify;\"><strong>Miejski Dom Kultury w M\u0142awie zaprasza mieszka\u0144c\u00f3w i go\u015bci miasta na bogaty program letnich wydarze\u0144 kulturalnych. Ju\u017c w pierwszy weekend czerwca rozpoczynamy cykl wakacyjnych pota\u0144c\u00f3wek i koncert\u00f3w plenerowych. To doskona\u0142a okazja, by sp\u0119dzi\u0107 ciep\u0142e wieczory w rytmie muzyki \u2013 bezp\u0142atnie i w pi\u0119knych okoliczno\u015bciach przyrody.<\/strong><\/p>\n<p dir=\"ltr\" style=\"text-align: justify;\">DISCO PARKiet \u2013 sobotnie pota\u0144c\u00f3wki w parku<\/p>\n<p dir=\"ltr\" style=\"text-align: justify;\">W ka\u017cd\u0105 sobot\u0119 czerwca w godzinach 17.00\u201320.00 park miejski zamieni si\u0119 w taneczny parkiet. Pota\u0144c\u00f3wki DISCO PARKiet\u00a0 s\u0105 okazj\u0105 do wsp\u00f3lnej zabawy dla ca\u0142ych rodzin. Wyst\u0105pi\u0105 m.in. zesp\u00f3\u0142 DUO oraz Majewski Show. Wst\u0119p na wszystkie pota\u0144c\u00f3wki jest bezp\u0142atny.<\/p>\n<p dir=\"ltr\" style=\"text-align: justify;\">7 czerwca \u2013 zesp\u00f3\u0142 DUO<\/p>\n<p dir=\"ltr\" style=\"text-align: justify;\">14 czerwca \u2013 zesp\u00f3\u0142 DUO<\/p>\n<p dir=\"ltr\" style=\"text-align: justify;\">21 czerwca \u2013 Majewski Show<\/p>\n<p dir=\"ltr\" style=\"text-align: justify;\">28 czerwca \u2013 zesp\u00f3\u0142 DUO<\/p>\n<p dir=\"ltr\">B\u0119d\u0105 te\u017c kontynuowane w wakacje<\/p>\n<p dir=\"ltr\" style=\"text-align: justify;\"><strong>Letnie koncerty w parku miejskim<\/strong><\/p>\n<p dir=\"ltr\" style=\"text-align: justify;\">Sezon koncertowy otworzy 8 czerwca zesp\u00f3\u0142 Rumba Wachaca. W kolejnych tygodniach us\u0142yszymy m.in. Marynata Gypsy Jazz oraz Caroline &amp; The Lucky Ones. Wst\u0119p wolny na wszystkie koncerty!<\/p>\n<p dir=\"ltr\" style=\"text-align: justify;\">8 czerwca \u2013 Rumba Wachaca<\/p>\n<p dir=\"ltr\" style=\"text-align: justify;\">22 czerwca \u2013 Marynata Gypsy Jazz<\/p>\n<p dir=\"ltr\" style=\"text-align: justify;\">29 czerwca \u2013 Caroline &amp; The Lucky Ones<\/p>\n<p dir=\"ltr\" style=\"text-align: justify;\">Warsztaty i wydarzenia specjalne<\/p>\n<p dir=\"ltr\" style=\"text-align: justify;\">Czerwiec w M\u0142awie to nie tylko muzyka \u2013 przygotowano tak\u017ce szereg atrakcyjnych warsztat\u00f3w:<\/p>\n<p dir=\"ltr\" style=\"text-align: justify;\">Warsztaty ta\u0144ca liniowego \u2013 10, 12, 17, 23 i 26 czerwca o godz. 16.15 w MDK M\u0142awa. Prowadzi Alicja Szulc, udzia\u0142 bezp\u0142atny.<\/p>\n<p dir=\"ltr\" style=\"text-align: justify;\">Warsztaty aktorskie do gry miejskiej &#8220;\u015aladami Przesz\u0142o\u015bci&#8221; \u2013 13\u201315 czerwca w godz. 9.00\u201318.00 (z przerw\u0105 12.00\u201314.00). Zapisy do 12 czerwca w MDK, prowadzenie: Mariusz Tarno\u017cek.<\/p>\n<p dir=\"ltr\" style=\"text-align: justify;\">Rodzinny Piknik nad Wod\u0105 \u2013 28 czerwca w godz. 14.00\u201318.00 na pla\u017cy nad Zalewem Ruda.<\/p>\n<p dir=\"ltr\" style=\"text-align: justify;\">Wydarzenia w kinie Kosmos<\/p>\n<p dir=\"ltr\" style=\"text-align: justify;\">11 czerwca \u2013 koncert Filharmonii Narodowej \u201eZ albumu polskiej piosenki: Grzegorz Turnau\u201d, godz. 18.00, bilety 10 z\u0142 (kasa i online).<\/p>\n<p dir=\"ltr\" style=\"text-align: justify;\">17 czerwca \u2013 spektakl teatralny Kogut w rosole, godz. 18.00, bilety na kupbilecik.pl.<\/p>\n<p dir=\"ltr\" style=\"text-align: justify;\">27 czerwca \u2013 koncert hip-hopowy Mergalizacja, godz. 17.00, darmowe wej\u015bci\u00f3wki do odebrania w kasie kina Kosmos.<\/p>\n<p dir=\"ltr\" style=\"text-align: justify;\">Szczeg\u00f3\u0142owe informacje o wydarzeniach oraz aktualizacje znajd\u0105 Pa\u0144stwo na stronie internetowej: www.mdkmlawa.com. Nie przegapcie tych kulturalnych okazji \u2013 lato w M\u0142awie zapowiada si\u0119 wyj\u0105tkowo gor\u0105co!<\/p>\n<div><\/div>\n<p><strong>KOMENTARZE<\/strong><\/p>\n<p><em>Wydawca portalu nie ponosi odpowiedzialno\u015bci za tre\u015b\u0107 komentarzy zamieszczanych przez u\u017cytkownik\u00f3w. Osoby zamieszczaj\u0105ce wypowiedzi naruszaj\u0105ce prawo lub prawem chronione dobra os\u00f3b trzecich mog\u0105 ponie\u015b\u0107 z tego tytu\u0142u odpowiedzialno\u015b\u0107 karn\u0105 lub cywiln\u0105.<\/em><strong><em>JEDNOCZE\u015aNIE UZYTKOWNICY ZAMIESZCZAJ\u0104C KOMENTARZ OSWIADCZAJ\u0104, \u017bE BIOR\u0104 PE\u0141N\u0104 ODPOWIEDZIALNO\u015a\u0106 ZA TRE\u015aCI UMIESZCZONE PRZEZ SIEBIE<\/em><\/strong><\/p>\n<div style=\"padding-bottom:20px; padding-top:10px;\" class=\"hupso-share-buttons\"><!-- Hupso Share Buttons - https:\/\/www.hupso.com\/share\/ --><a class=\"hupso_pop\" href=\"https:\/\/www.hupso.com\/share\/\"><img decoding=\"async\" data-src=\"http:\/\/static.hupso.com\/share\/buttons\/button100x23.png\" style=\"border:0px; width:100; height: 23; \" alt=\"Share Button\" src=\"data:image\/svg+xml;base64,PHN2ZyB3aWR0aD0iMSIgaGVpZ2h0PSIxIiB4bWxucz0iaHR0cDovL3d3dy53My5vcmcvMjAwMC9zdmciPjwvc3ZnPg==\" class=\"lazyload\" \/><\/a><script type=\"text\/javascript\">var hupso_services=new Array(\"Twitter\",\"Facebook\",\"Pinterest\",\"Linkedin\",\"Tumblr\",\"StumbleUpon\",\"Digg\",\"Reddit\",\"Bebo\",\"Delicious\",\"QZone\",\"Renren\",\"Email\");var hupso_icon_type = \"labels\";var hupso_background=\"#3BF8FF\";var hupso_border=\"#FF2B0A\";var hupso_image_folder_url = \"\";var hupso_url=\"\";var hupso_title=\"Lato%20pe%C5%82ne%20muzyki%20i%20ta%C5%84ca%20w%20M%C5%82awie%21%20Sprawd%C5%BA%20kalendarz%20wydarze%C5%84%20na%20czerwiec%202025\";<\/script><script type=\"text\/javascript\" src=\"http:\/\/static.hupso.com\/share\/js\/share.js\"><\/script><!-- Hupso Share Buttons --><\/div>","protected":false},"excerpt":{"rendered":"<p>Miejski Dom Kultury w M\u0142awie zaprasza mieszka\u0144c\u00f3w i go\u015bci miasta na bogaty program letnich wydarze\u0144 kulturalnych. Ju\u017c w pierwszy weekend czerwca rozpoczynamy cykl wakacyjnych pota\u0144c\u00f3wek i koncert\u00f3w plenerowych. To doskona\u0142a&hellip; <\/p>\n<div style=\"padding-bottom:20px; padding-top:10px;\" class=\"hupso-share-buttons\"><!-- Hupso Share Buttons - https:\/\/www.hupso.com\/share\/ --><a class=\"hupso_pop\" href=\"https:\/\/www.hupso.com\/share\/\"><img data-src=\"http:\/\/static.hupso.com\/share\/buttons\/button100x23.png\" style=\"border:0px; width:100; height: 23; \" alt=\"Share Button\" src=\"data:image\/svg+xml;base64,PHN2ZyB3aWR0aD0iMSIgaGVpZ2h0PSIxIiB4bWxucz0iaHR0cDovL3d3dy53My5vcmcvMjAwMC9zdmciPjwvc3ZnPg==\" class=\"lazyload\" \/><\/a><script type=\"text\/javascript\">var hupso_services=new Array(\"Twitter\",\"Facebook\",\"Pinterest\",\"Linkedin\",\"Tumblr\",\"StumbleUpon\",\"Digg\",\"Reddit\",\"Bebo\",\"Delicious\",\"QZone\",\"Renren\",\"Email\");var hupso_icon_type = \"labels\";var hupso_background=\"#3BF8FF\";var hupso_border=\"#FF2B0A\";var hupso_image_folder_url = \"\";var hupso_url=\"\";var hupso_title=\"Lato%20pe%C5%82ne%20muzyki%20i%20ta%C5%84ca%20w%20M%C5%82awie%21%20Sprawd%C5%BA%20kalendarz%20wydarze%C5%84%20na%20czerwiec%202025\";<\/script><script type=\"text\/javascript\" src=\"http:\/\/static.hupso.com\/share\/js\/share.js\"><\/script><!-- Hupso Share Buttons --><\/div>","protected":false},"author":1,"featured_media":6941,"comment_status":"open","ping_status":"open","sticky":false,"template":"","format":"standard","meta":{"_acf_changed":false,"wprm-recipe-roundup-name":"","wprm-recipe-roundup-description":"","footnotes":""},"categories":[19,3,28,696,6],"tags":[],"class_list":["post-6944","post","type-post","status-publish","format-standard","has-post-thumbnail","hentry","category-aktualnosci","category-kultura","category-wyd","category-zaproszenia","category-zapro-szenia"],"acf":[],"amp_enabled":true,"_links":{"self":[{"href":"http:\/\/portalm\u0142awa.pl\/index.php?rest_route=\/wp\/v2\/posts\/6944","targetHints":{"allow":["GET"]}}],"collection":[{"href":"http:\/\/portalm\u0142awa.pl\/index.php?rest_route=\/wp\/v2\/posts"}],"about":[{"href":"http:\/\/portalm\u0142awa.pl\/index.php?rest_route=\/wp\/v2\/types\/post"}],"author":[{"embeddable":true,"href":"http:\/\/portalm\u0142awa.pl\/index.php?rest_route=\/wp\/v2\/users\/1"}],"replies":[{"embeddable":true,"href":"http:\/\/portalm\u0142awa.pl\/index.php?rest_route=%2Fwp%2Fv2%2Fcomments&post=6944"}],"version-history":[{"count":3,"href":"http:\/\/portalm\u0142awa.pl\/index.php?rest_route=\/wp\/v2\/posts\/6944\/revisions"}],"predecessor-version":[{"id":6947,"href":"http:\/\/portalm\u0142awa.pl\/index.php?rest_route=\/wp\/v2\/posts\/6944\/revisions\/6947"}],"wp:featuredmedia":[{"embeddable":true,"href":"http:\/\/portalm\u0142awa.pl\/index.php?rest_route=\/wp\/v2\/media\/6941"}],"wp:attachment":[{"href":"http:\/\/portalm\u0142awa.pl\/index.php?rest_route=%2Fwp%2Fv2%2Fmedia&parent=6944"}],"wp:term":[{"taxonomy":"category","embeddable":true,"href":"http:\/\/portalm\u0142awa.pl\/index.php?rest_route=%2Fwp%2Fv2%2Fcategories&post=6944"},{"taxonomy":"post_tag","embeddable":true,"href":"http:\/\/portalm\u0142awa.pl\/index.php?rest_route=%2Fwp%2Fv2%2Ftags&post=6944"}],"curies":[{"name":"wp","href":"https:\/\/api.w.org\/{rel}","templated":true}]}}