{"id":6965,"date":"2025-06-09T18:54:49","date_gmt":"2025-06-09T16:54:49","guid":{"rendered":"http:\/\/portalm\u0142awa.pl\/?p=6965"},"modified":"2025-06-09T18:55:55","modified_gmt":"2025-06-09T16:55:55","slug":"oswiadczenie-po-spotkaniu-ministrow-spraw-wewnetrznych-polski-i-niemiec-tomasza-siemoniaka-oraz-alexandra-dobrindta","status":"publish","type":"post","link":"http:\/\/portalm\u0142awa.pl\/?p=6965","title":{"rendered":"O\u015bwiadczenie po spotkaniu ministr\u00f3w spraw wewn\u0119trznych Polski i Niemiec: Tomasza Siemoniaka oraz Alexandra Dobrindta"},"content":{"rendered":"<p style=\"text-align: justify;\"><strong>W dniu 9 czerwca w Warszawie odby\u0142o si\u0119 spotkanie Ministra Spraw Wewn\u0119trznych i\u00a0Administracji Tomasza Siemoniaka z Ministrem Spraw Wewn\u0119trznych Niemiec Alexandrem Dobrindtem. W czasie spotkania om\u00f3wiono dotychczasowe efekty wsp\u00f3\u0142pracy w zakresie zapobiegania nielegalnej migracji, ochrony tymczasowej dla uchod\u017ac\u00f3w wojennych z Ukrainy, przeciwdzia\u0142ania i zwalczania przest\u0119pczo\u015bci oraz zagro\u017ce\u0144 terrorystycznych. Spotkanie by\u0142o r\u00f3wnie\u017c okazj\u0105 do om\u00f3wienia problematyki jaka b\u0119dzie dyskutowana w czasie nadchodz\u0105cej Rady UE ds. wymiaru sprawiedliwo\u015bci i spraw wewn\u0119trznych. Zaplanowano r\u00f3wnie\u017c zasady wsp\u00f3\u0142pracy na kolejne miesi\u0105ce.<\/strong><\/p>\n<p style=\"text-align: justify;\">Minister Spraw Wewn\u0119trznych i Administracji, Koordynator S\u0142u\u017cb Specjalnych Tomasz Siemoniak: \u201eOchrona granic zewn\u0119trznych Unii Europejskiej oraz przeciwdzia\u0142anie nielegalnej migracji, to wsp\u00f3lne priorytety Niemiec i Polski w zakresie bezpiecze\u0144stwa. B\u0119dziemy zdecydowanie wzmacnia\u0107 nasze dzia\u0142ania, aby skutecznie reagowa\u0107 na zagro\u017cenia zwi\u0105zane z przemytem i handlem lud\u017ami. Tylko razem mo\u017cemy stawi\u0107 czo\u0142a wyzwaniom, kt\u00f3re stawia przed nami wsp\u00f3\u0142czesny \u015bwiat. Dyskutowali\u015bmy o tym, jak doprowadzi\u0107 do sytuacji, w kt\u00f3rej ponownie ruch na naszej polsko-niemieckiej granicy b\u0119dzie odbywa\u0107 si\u0119 swobodnie.\u201d<\/p>\n<p style=\"text-align: justify;\">Minister Spraw Wewn\u0119trznych Niemiec, Alexander Dobrindt: \u201ePolska i Niemcy od lat \u015bci\u015ble ze sob\u0105 wsp\u00f3\u0142pracuj\u0105 na wielu p\u0142aszczyznach, tak\u017ce w zakresie polityki migracyjnej. Polska niezwykle mocno anga\u017cuje si\u0119 na swojej granicy zewn\u0119trznej w walk\u0119 z nieuregulowan\u0105 migracj\u0105 oraz na rzecz bezpiecze\u0144stwa Europy. Za te dzia\u0142ania jestem bardzo wdzi\u0119czny. Jeste\u015bmy zgodni, \u017ce potrzebujemy zdecydowanego kursu polityki migracyjnej w Europie. Tylko razem mo\u017cemy zahamowa\u0107 nieuregulowan\u0105 migracj\u0119 do Europy.\u201c<\/p>\n<p style=\"text-align: justify;\">Ministrowie podkre\u015blili konieczno\u015b\u0107 zwi\u0119kszenia wysi\u0142k\u00f3w w zakresie ochrony granic zewn\u0119trznych Unii Europejskiej oraz przeciwdzia\u0142ania nielegalnej migracji. Zgodzili si\u0119 r\u00f3wnie\u017c, \u017ce obecnie migranci s\u0105 wykorzystywani w wojnie hybrydowej wywo\u0142anej przez Rosj\u0119 i Bia\u0142oru\u015b. W zwi\u0105zku z tym zasadne jest podejmowanie, przez pa\u0144stwa nara\u017cone na presj\u0119 migracyjn\u0105, ekstraordynaryjnych instrument\u00f3w maj\u0105cych na celu zapobie\u017cenie destabilizacji system\u00f3w azylowych oraz socjalnych.<\/p>\n<p style=\"text-align: justify;\">Podkre\u015blaj\u0105c warto\u015b\u0107 skutecznego funkcjonowania strefy Schengen, Ministrowie zobowi\u0105zali si\u0119 do wsp\u00f3\u0142pracy w celu zminimalizowania wp\u0142ywu tymczasowych kontroli granicznych mi\u0119dzy Polsk\u0105 a Niemcami, zw\u0142aszcza dla spo\u0142eczno\u015bci lokalnych i transportu towar\u00f3w. Zgodzili si\u0119, \u017ce ostatecznym celem jest przywr\u00f3cenie stanu, w kt\u00f3rym ruch graniczny odbywa si\u0119 ca\u0142kowicie swobodnie.<\/p>\n<p style=\"text-align: justify;\">Ministrowie om\u00f3wili tak\u017ce nowe, innowacyjne rozwi\u0105zania w zakresie polityki migracyjnej realizowanej na poziomie UE, kt\u00f3re zmieniaj\u0105 i uzupe\u0142niaj\u0105 dotychczas proponowane zasady reformy unijnej polityki azylowej i migracyjnej. W szczeg\u00f3lno\u015bci om\u00f3wiono nowe podej\u015bcie do przymusowych i dobrowolnych powrot\u00f3w do pa\u0144stw pochodzenia cudzoziemc\u00f3w, kt\u00f3rych pobyt w UE jest nielegalny. Poruszono tak\u017ce kwestie tworzenia tzw. hub\u00f3w powrotowych, kt\u00f3re by\u0142yby tworzone poza UE oraz koncepcj\u0119 bezpiecznych pa\u0144stw trzecich. Jednym z kolejnych instrument\u00f3w, kt\u00f3rych przyj\u0119cie i wdro\u017cenie przyniesie pozytywne efekty s\u0105 sankcje dla linii lotniczych uczestnicz\u0105cych w transporcie nielegalnych migrant\u00f3w.<\/p>\n<p style=\"text-align: justify;\">W odniesieniu do sytuacji uchod\u017ac\u00f3w wojennych z Ukrainy w Polsce i Niemczech ministrowie wyrazili oczekiwanie wi\u0119kszego ni\u017c do tej pory wsparcia ze strony bud\u017cetu UE. Konieczne jest podejmowanie dodatkowych wysi\u0142k\u00f3w maj\u0105cych na celu uniezale\u017cnienie si\u0119 uchod\u017ac\u00f3w od wsparcia z systemu socjalnego. Polska i Niemcy s\u0105 pa\u0144stwami, w kt\u00f3rych przebywa najwi\u0119ksza liczba uchod\u017ac\u00f3w wojennych, w tym obj\u0119tych ochron\u0105 czasow\u0105.<\/p>\n<p style=\"text-align: justify;\">Uzgodniono tak\u017ce pog\u0142\u0119bienie wsp\u00f3\u0142pracy w zakresie wymiany informacji maj\u0105cych na celu identyfikacje i zapobieganie aktom sabota\u017cy wymierzonych w infrastruktur\u0119 krytyczn\u0105 obu pa\u0144stw. Bardzo cz\u0119sto akty sabota\u017cu maj\u0105 znamiona dzia\u0142a\u0144 terrorystycznych, a wi\u0119c wymagaj\u0105 odpowiedniej reakcji.<\/p>\n<p style=\"text-align: justify;\">Ministrowie podkre\u015blili tak\u017ce znaczenie wzmocnienia Europolu w kontek\u015bcie zwalczania przest\u0119pczo\u015bci zorganizowanej zwi\u0105zanej z handlem lud\u017ami i przemytem migrant\u00f3w, wskazuj\u0105c na potrzeb\u0119 zwi\u0119kszenia zasob\u00f3w i kompetencji tej agencji.<\/p>\n<p style=\"text-align: justify;\">Wydzia\u0142 Prasowy<\/p>\n<p style=\"text-align: justify;\">Departament Komunikacji Spo\u0142ecznej<\/p>\n<p>Fot. MSWiA<\/p>\n<p style=\"text-align: justify;\"><strong>KOMENTARZE<\/strong><\/p>\n<p style=\"text-align: justify;\"><em>Wydawca portalu nie ponosi odpowiedzialno\u015bci za tre\u015b\u0107 komentarzy zamieszczanych przez u\u017cytkownik\u00f3w. Osoby zamieszczaj\u0105ce wypowiedzi naruszaj\u0105ce prawo lub prawem chronione dobra os\u00f3b trzecich mog\u0105 ponie\u015b\u0107 z tego tytu\u0142u odpowiedzialno\u015b\u0107 karn\u0105 lub cywiln\u0105.<\/em><strong><em>JEDNOCZE\u015aNIE UZYTKOWNICY ZAMIESZCZAJ\u0104C KOMENTARZ OSWIADCZAJ\u0104, \u017bE BIOR\u0104 PE\u0141N\u0104 ODPOWIEDZIALNO\u015a\u0106 ZA TRE\u015aCI UMIESZCZONE PRZEZ SIEBIE<\/em><\/strong><\/p>\n<div style=\"padding-bottom:20px; padding-top:10px;\" class=\"hupso-share-buttons\"><!-- Hupso Share Buttons - https:\/\/www.hupso.com\/share\/ --><a class=\"hupso_pop\" href=\"https:\/\/www.hupso.com\/share\/\"><img decoding=\"async\" data-src=\"http:\/\/static.hupso.com\/share\/buttons\/button100x23.png\" style=\"border:0px; width:100; height: 23; \" alt=\"Share Button\" src=\"data:image\/svg+xml;base64,PHN2ZyB3aWR0aD0iMSIgaGVpZ2h0PSIxIiB4bWxucz0iaHR0cDovL3d3dy53My5vcmcvMjAwMC9zdmciPjwvc3ZnPg==\" class=\"lazyload\" \/><\/a><script type=\"text\/javascript\">var hupso_services=new Array(\"Twitter\",\"Facebook\",\"Pinterest\",\"Linkedin\",\"Tumblr\",\"StumbleUpon\",\"Digg\",\"Reddit\",\"Bebo\",\"Delicious\",\"QZone\",\"Renren\",\"Email\");var hupso_icon_type = \"labels\";var hupso_background=\"#3BF8FF\";var hupso_border=\"#FF2B0A\";var hupso_image_folder_url = \"\";var hupso_url=\"\";var hupso_title=\"O%C5%9Bwiadczenie%20po%20spotkaniu%20ministr%C3%B3w%20spraw%20wewn%C4%99trznych%20Polski%20i%20Niemiec%3A%20Tomasza%20Siemoniaka%20oraz%20Alexandra%20Dobrindta\";<\/script><script type=\"text\/javascript\" src=\"http:\/\/static.hupso.com\/share\/js\/share.js\"><\/script><!-- Hupso Share Buttons --><\/div>","protected":false},"excerpt":{"rendered":"<p>W dniu 9 czerwca w Warszawie odby\u0142o si\u0119 spotkanie Ministra Spraw Wewn\u0119trznych i\u00a0Administracji Tomasza Siemoniaka z Ministrem Spraw Wewn\u0119trznych Niemiec Alexandrem Dobrindtem. W czasie spotkania om\u00f3wiono dotychczasowe efekty wsp\u00f3\u0142pracy w&hellip; <\/p>\n<div style=\"padding-bottom:20px; padding-top:10px;\" class=\"hupso-share-buttons\"><!-- Hupso Share Buttons - https:\/\/www.hupso.com\/share\/ --><a class=\"hupso_pop\" href=\"https:\/\/www.hupso.com\/share\/\"><img data-src=\"http:\/\/static.hupso.com\/share\/buttons\/button100x23.png\" style=\"border:0px; width:100; height: 23; \" alt=\"Share Button\" src=\"data:image\/svg+xml;base64,PHN2ZyB3aWR0aD0iMSIgaGVpZ2h0PSIxIiB4bWxucz0iaHR0cDovL3d3dy53My5vcmcvMjAwMC9zdmciPjwvc3ZnPg==\" class=\"lazyload\" \/><\/a><script type=\"text\/javascript\">var hupso_services=new Array(\"Twitter\",\"Facebook\",\"Pinterest\",\"Linkedin\",\"Tumblr\",\"StumbleUpon\",\"Digg\",\"Reddit\",\"Bebo\",\"Delicious\",\"QZone\",\"Renren\",\"Email\");var hupso_icon_type = \"labels\";var hupso_background=\"#3BF8FF\";var hupso_border=\"#FF2B0A\";var hupso_image_folder_url = \"\";var hupso_url=\"\";var hupso_title=\"O%C5%9Bwiadczenie%20po%20spotkaniu%20ministr%C3%B3w%20spraw%20wewn%C4%99trznych%20Polski%20i%20Niemiec%3A%20Tomasza%20Siemoniaka%20oraz%20Alexandra%20Dobrindta\";<\/script><script type=\"text\/javascript\" src=\"http:\/\/static.hupso.com\/share\/js\/share.js\"><\/script><!-- Hupso Share Buttons --><\/div>","protected":false},"author":1,"featured_media":6968,"comment_status":"open","ping_status":"open","sticky":false,"template":"","format":"standard","meta":{"_acf_changed":false,"wprm-recipe-roundup-name":"","wprm-recipe-roundup-description":"","footnotes":""},"categories":[19,9,28],"tags":[],"class_list":["post-6965","post","type-post","status-publish","format-standard","has-post-thumbnail","hentry","category-aktualnosci","category-kr-aj","category-wyd"],"acf":[],"amp_enabled":true,"_links":{"self":[{"href":"http:\/\/portalm\u0142awa.pl\/index.php?rest_route=\/wp\/v2\/posts\/6965","targetHints":{"allow":["GET"]}}],"collection":[{"href":"http:\/\/portalm\u0142awa.pl\/index.php?rest_route=\/wp\/v2\/posts"}],"about":[{"href":"http:\/\/portalm\u0142awa.pl\/index.php?rest_route=\/wp\/v2\/types\/post"}],"author":[{"embeddable":true,"href":"http:\/\/portalm\u0142awa.pl\/index.php?rest_route=\/wp\/v2\/users\/1"}],"replies":[{"embeddable":true,"href":"http:\/\/portalm\u0142awa.pl\/index.php?rest_route=%2Fwp%2Fv2%2Fcomments&post=6965"}],"version-history":[{"count":1,"href":"http:\/\/portalm\u0142awa.pl\/index.php?rest_route=\/wp\/v2\/posts\/6965\/revisions"}],"predecessor-version":[{"id":6969,"href":"http:\/\/portalm\u0142awa.pl\/index.php?rest_route=\/wp\/v2\/posts\/6965\/revisions\/6969"}],"wp:featuredmedia":[{"embeddable":true,"href":"http:\/\/portalm\u0142awa.pl\/index.php?rest_route=\/wp\/v2\/media\/6968"}],"wp:attachment":[{"href":"http:\/\/portalm\u0142awa.pl\/index.php?rest_route=%2Fwp%2Fv2%2Fmedia&parent=6965"}],"wp:term":[{"taxonomy":"category","embeddable":true,"href":"http:\/\/portalm\u0142awa.pl\/index.php?rest_route=%2Fwp%2Fv2%2Fcategories&post=6965"},{"taxonomy":"post_tag","embeddable":true,"href":"http:\/\/portalm\u0142awa.pl\/index.php?rest_route=%2Fwp%2Fv2%2Ftags&post=6965"}],"curies":[{"name":"wp","href":"https:\/\/api.w.org\/{rel}","templated":true}]}}