{"id":7025,"date":"2025-06-12T09:12:07","date_gmt":"2025-06-12T07:12:07","guid":{"rendered":"http:\/\/portalm\u0142awa.pl\/?p=7025"},"modified":"2025-06-12T09:12:07","modified_gmt":"2025-06-12T07:12:07","slug":"podwojne-swieto-w-modle-otwarcie-swietlicy-i-jubileusz-kgw-czerwone-tulipany","status":"publish","type":"post","link":"http:\/\/portalm\u0142awa.pl\/?p=7025","title":{"rendered":"Podw\u00f3jne \u015bwi\u0119to w Modle: otwarcie \u015bwietlicy i jubileusz KGW \u201eCzerwone Tulipany\u201d"},"content":{"rendered":"<p style=\"text-align: justify;\" data-start=\"164\" data-end=\"441\"><strong>W minion\u0105 sobot\u0119 w miejscowo\u015bci Mod\u0142a, w gminie Wi\u015bniewo, odby\u0142y si\u0119 dwie wyj\u0105tkowe uroczysto\u015bci, kt\u00f3re zgromadzi\u0142y lokaln\u0105 spo\u0142eczno\u015b\u0107 i go\u015bci: oficjalne otwarcie nowej \u015bwietlicy wiejskiej oraz obchody drugiej rocznicy dzia\u0142alno\u015bci Ko\u0142a Gospody\u0144 Wiejskich \u201eCzerwone Tulipany\u201d.<\/strong><\/p>\n<p style=\"text-align: justify;\" data-start=\"443\" data-end=\"840\">Wydarzenie przebieg\u0142o w radosnej atmosferze, pe\u0142nej \u015bwi\u0119towania, wsp\u00f3lnych rozm\u00f3w i integracji mieszka\u0144c\u00f3w. Uroczysto\u015b\u0107 rozpocz\u0119\u0142a si\u0119 od po\u015bwi\u0119cenia nowo wybudowanej \u015bwietlicy, kt\u00f3rego dokona\u0142 ksi\u0105dz kanonik S\u0142awomir Krasi\u0144ski, proboszcz parafii pw. \u015bw. Stanis\u0142awa Biskupa i M\u0119czennika w M\u0142awie. Obiekt ten stanie si\u0119 miejscem spotka\u0144, wydarze\u0144 kulturalnych oraz aktywno\u015bci lokalnych organizacji.<\/p>\n<p style=\"text-align: justify;\" data-start=\"842\" data-end=\"1327\">W\u015br\u00f3d zaproszonych go\u015bci znalaz\u0142 si\u0119 r\u00f3wnie\u017c Starosta M\u0142awski, Witold Okumski, kt\u00f3ry z\u0142o\u017cy\u0142 gratulacje w\u0142adzom gminy i mieszka\u0144com z okazji otwarcia \u015bwietlicy. Podzi\u0119kowa\u0142 za zaanga\u017cowanie w rozw\u00f3j lokalnej infrastruktury oraz z\u0142o\u017cy\u0142 serdeczne \u017cyczenia cz\u0142onkiniom Ko\u0142a Gospody\u0144 Wiejskich \u201eCzerwone Tulipany\u201d, wyra\u017caj\u0105c uznanie dla ich dzia\u0142alno\u015bci na rzecz spo\u0142eczno\u015bci lokalnej. \u2013 \u201e\u017bycz\u0119 kolejnych pi\u0119knych jubileuszy, owocnej pracy i wielu inspiruj\u0105cych inicjatyw\u201d \u2013 m\u00f3wi\u0142 starosta.<\/p>\n<p style=\"text-align: justify;\" data-start=\"1329\" data-end=\"1604\">Nie zabrak\u0142o wsp\u00f3lnego \u015bwi\u0119towania \u2013 mieszka\u0144cy i go\u015bcie \u015bwietnie si\u0119 bawili, degustowali lokalne przysmaki i cieszyli si\u0119 przyjazn\u0105, rodzinn\u0105 atmosfer\u0105. Uroczysto\u015b\u0107 by\u0142a doskona\u0142ym przyk\u0142adem tego, jak wa\u017cna jest integracja i aktywno\u015b\u0107 spo\u0142eczna w ma\u0142ych miejscowo\u015bciach.<\/p>\n<p style=\"text-align: justify;\" data-start=\"1606\" data-end=\"1833\">\u015awietlica w Modle oraz pr\u0119\u017cnie dzia\u0142aj\u0105ce KGW \u201eCzerwone Tulipany\u201d s\u0105 dowodem na to, \u017ce dzi\u0119ki wsp\u00f3\u0142pracy i zaanga\u017cowaniu lokalnej spo\u0142eczno\u015bci mo\u017cliwe jest tworzenie miejsc, kt\u00f3re \u0142\u0105cz\u0105 pokolenia i buduj\u0105 silne wi\u0119zi spo\u0142eczne.<\/p>\n<p data-start=\"1606\" data-end=\"1833\">red.<\/p>\n<p data-start=\"1606\" data-end=\"1833\">fot.powiatmlawski.pl<\/p>\n<p><strong>KOMENTARZE<\/strong><\/p>\n<p><em>Wydawca portalu nie ponosi odpowiedzialno\u015bci za tre\u015b\u0107 komentarzy zamieszczanych przez u\u017cytkownik\u00f3w. Osoby zamieszczaj\u0105ce wypowiedzi naruszaj\u0105ce prawo lub prawem chronione dobra os\u00f3b trzecich mog\u0105 ponie\u015b\u0107 z tego tytu\u0142u odpowiedzialno\u015b\u0107 karn\u0105 lub cywiln\u0105.<\/em><strong><em>JEDNOCZE\u015aNIE UZYTKOWNICY ZAMIESZCZAJ\u0104C KOMENTARZ OSWIADCZAJ\u0104, \u017bE BIOR\u0104 PE\u0141N\u0104 ODPOWIEDZIALNO\u015a\u0106 ZA TRE\u015aCI UMIESZCZONE PRZEZ SIEBIE<\/em><\/strong><\/p>\n<div style=\"padding-bottom:20px; padding-top:10px;\" class=\"hupso-share-buttons\"><!-- Hupso Share Buttons - https:\/\/www.hupso.com\/share\/ --><a class=\"hupso_pop\" href=\"https:\/\/www.hupso.com\/share\/\"><img decoding=\"async\" data-src=\"http:\/\/static.hupso.com\/share\/buttons\/button100x23.png\" style=\"border:0px; width:100; height: 23; \" alt=\"Share Button\" src=\"data:image\/svg+xml;base64,PHN2ZyB3aWR0aD0iMSIgaGVpZ2h0PSIxIiB4bWxucz0iaHR0cDovL3d3dy53My5vcmcvMjAwMC9zdmciPjwvc3ZnPg==\" class=\"lazyload\" \/><\/a><script type=\"text\/javascript\">var hupso_services=new Array(\"Twitter\",\"Facebook\",\"Pinterest\",\"Linkedin\",\"Tumblr\",\"StumbleUpon\",\"Digg\",\"Reddit\",\"Bebo\",\"Delicious\",\"QZone\",\"Renren\",\"Email\");var hupso_icon_type = \"labels\";var hupso_background=\"#3BF8FF\";var hupso_border=\"#FF2B0A\";var hupso_image_folder_url = \"\";var hupso_url=\"\";var hupso_title=\"Podw%C3%B3jne%20%C5%9Bwi%C4%99to%20w%20Modle%3A%20otwarcie%20%C5%9Bwietlicy%20i%20jubileusz%20KGW%20%E2%80%9ECzerwone%20Tulipany%E2%80%9D\";<\/script><script type=\"text\/javascript\" src=\"http:\/\/static.hupso.com\/share\/js\/share.js\"><\/script><!-- Hupso Share Buttons --><\/div>","protected":false},"excerpt":{"rendered":"<p>W minion\u0105 sobot\u0119 w miejscowo\u015bci Mod\u0142a, w gminie Wi\u015bniewo, odby\u0142y si\u0119 dwie wyj\u0105tkowe uroczysto\u015bci, kt\u00f3re zgromadzi\u0142y lokaln\u0105 spo\u0142eczno\u015b\u0107 i go\u015bci: oficjalne otwarcie nowej \u015bwietlicy wiejskiej oraz obchody drugiej rocznicy dzia\u0142alno\u015bci&hellip; <\/p>\n<div style=\"padding-bottom:20px; padding-top:10px;\" class=\"hupso-share-buttons\"><!-- Hupso Share Buttons - https:\/\/www.hupso.com\/share\/ --><a class=\"hupso_pop\" href=\"https:\/\/www.hupso.com\/share\/\"><img data-src=\"http:\/\/static.hupso.com\/share\/buttons\/button100x23.png\" style=\"border:0px; width:100; height: 23; \" alt=\"Share Button\" src=\"data:image\/svg+xml;base64,PHN2ZyB3aWR0aD0iMSIgaGVpZ2h0PSIxIiB4bWxucz0iaHR0cDovL3d3dy53My5vcmcvMjAwMC9zdmciPjwvc3ZnPg==\" class=\"lazyload\" \/><\/a><script type=\"text\/javascript\">var hupso_services=new Array(\"Twitter\",\"Facebook\",\"Pinterest\",\"Linkedin\",\"Tumblr\",\"StumbleUpon\",\"Digg\",\"Reddit\",\"Bebo\",\"Delicious\",\"QZone\",\"Renren\",\"Email\");var hupso_icon_type = \"labels\";var hupso_background=\"#3BF8FF\";var hupso_border=\"#FF2B0A\";var hupso_image_folder_url = \"\";var hupso_url=\"\";var hupso_title=\"Podw%C3%B3jne%20%C5%9Bwi%C4%99to%20w%20Modle%3A%20otwarcie%20%C5%9Bwietlicy%20i%20jubileusz%20KGW%20%E2%80%9ECzerwone%20Tulipany%E2%80%9D\";<\/script><script type=\"text\/javascript\" src=\"http:\/\/static.hupso.com\/share\/js\/share.js\"><\/script><!-- Hupso Share Buttons --><\/div>","protected":false},"author":1,"featured_media":7026,"comment_status":"open","ping_status":"open","sticky":false,"template":"","format":"standard","meta":{"_acf_changed":false,"wprm-recipe-roundup-name":"","wprm-recipe-roundup-description":"","footnotes":""},"categories":[19,3,506,28],"tags":[],"class_list":["post-7025","post","type-post","status-publish","format-standard","has-post-thumbnail","hentry","category-aktualnosci","category-kultura","category-pow","category-wyd"],"acf":[],"amp_enabled":true,"_links":{"self":[{"href":"http:\/\/portalm\u0142awa.pl\/index.php?rest_route=\/wp\/v2\/posts\/7025","targetHints":{"allow":["GET"]}}],"collection":[{"href":"http:\/\/portalm\u0142awa.pl\/index.php?rest_route=\/wp\/v2\/posts"}],"about":[{"href":"http:\/\/portalm\u0142awa.pl\/index.php?rest_route=\/wp\/v2\/types\/post"}],"author":[{"embeddable":true,"href":"http:\/\/portalm\u0142awa.pl\/index.php?rest_route=\/wp\/v2\/users\/1"}],"replies":[{"embeddable":true,"href":"http:\/\/portalm\u0142awa.pl\/index.php?rest_route=%2Fwp%2Fv2%2Fcomments&post=7025"}],"version-history":[{"count":1,"href":"http:\/\/portalm\u0142awa.pl\/index.php?rest_route=\/wp\/v2\/posts\/7025\/revisions"}],"predecessor-version":[{"id":7027,"href":"http:\/\/portalm\u0142awa.pl\/index.php?rest_route=\/wp\/v2\/posts\/7025\/revisions\/7027"}],"wp:featuredmedia":[{"embeddable":true,"href":"http:\/\/portalm\u0142awa.pl\/index.php?rest_route=\/wp\/v2\/media\/7026"}],"wp:attachment":[{"href":"http:\/\/portalm\u0142awa.pl\/index.php?rest_route=%2Fwp%2Fv2%2Fmedia&parent=7025"}],"wp:term":[{"taxonomy":"category","embeddable":true,"href":"http:\/\/portalm\u0142awa.pl\/index.php?rest_route=%2Fwp%2Fv2%2Fcategories&post=7025"},{"taxonomy":"post_tag","embeddable":true,"href":"http:\/\/portalm\u0142awa.pl\/index.php?rest_route=%2Fwp%2Fv2%2Ftags&post=7025"}],"curies":[{"name":"wp","href":"https:\/\/api.w.org\/{rel}","templated":true}]}}