{"id":7106,"date":"2025-06-17T16:02:01","date_gmt":"2025-06-17T14:02:01","guid":{"rendered":"http:\/\/portalm\u0142awa.pl\/?p=7106"},"modified":"2025-06-17T16:02:01","modified_gmt":"2025-06-17T14:02:01","slug":"16-latek-stracil-prawo-jazdy-dwa-dni-po-jego-uzyskaniu-spowodowal-kolizje","status":"publish","type":"post","link":"http:\/\/portalm\u0142awa.pl\/?p=7106","title":{"rendered":"16-latek straci\u0142 prawo jazdy dwa dni po jego uzyskaniu \u2013 spowodowa\u0142 kolizj\u0119"},"content":{"rendered":"<div style=\"text-align: justify;\"><strong>Funkcjonariusze ruchu drogowego interweniowali w sprawie 16-letniego kierowcy motocykla marki Yamaha, kt\u00f3ry spowodowa\u0142 kolizj\u0119 na Al. \u015aw. Wojciecha w M\u0142awie. M\u0142ody kierowca, zamiast uczestniczy\u0107 w zaj\u0119ciach szkolnych, wyruszy\u0142 na przeja\u017cd\u017ck\u0119, przewo\u017c\u0105c swojego r\u00f3wie\u015bnika.<\/strong><\/div>\n<div>\n<p style=\"text-align: justify;\">Do zdarzenia dosz\u0142o rano 16 czerwca. Nastolatek nie dostosowa\u0142 pr\u0119dko\u015bci na \u0142uku drogi, w wyniku czego straci\u0142 panowanie nad pojazdem, uderzy\u0142 w kraw\u0119\u017cnik i przewr\u00f3ci\u0142 motocykl. Zar\u00f3wno kierowca, jak i pasa\u017cer upadli na trawnik. Na szcz\u0119\u015bcie, nie odnie\u015bli obra\u017ce\u0144.<\/p>\n<p style=\"text-align: justify;\">Jak ustalili policjanci, kieruj\u0105cy motocyklem posiada\u0142 uprawnienia kategorii A1 zaledwie od dw\u00f3ch dni. W zwi\u0105zku ze spowodowaniem zagro\u017cenia w ruchu drogowym funkcjonariusze zatrzymali jego prawo jazdy w systemie elektronicznym. Ponadto, ze wzgl\u0119du na uszkodzenia pojazdu, zatrzymano dow\u00f3d rejestracyjny motocykla. Obaj nieletni zostali przekazani pod opiek\u0119 rodzicom.<\/p>\n<p style=\"text-align: justify;\">Policja przypomina, \u017ce prawo jazdy to nie tylko dokument umo\u017cliwiaj\u0105cy kierowanie pojazdem, ale przede wszystkim ogromna odpowiedzialno\u015b\u0107. Chwila nieuwagi, brawura i brak wyobra\u017ani mog\u0105 prowadzi\u0107 do tragicznych skutk\u00f3w.<\/p>\n<p style=\"text-align: justify;\">Sprawa zostanie skierowana do S\u0105du Rejonowego w M\u0142awie, Wydzia\u0142 Rodzinny i Nieletnich.<\/p>\n<p style=\"text-align: justify;\">asp. szt. Anna Paw\u0142owska\/\u00a0KPP w M\u0142awie<\/p>\n<p><strong>KOMENTARZE<\/strong><\/p>\n<p><em>Wydawca portalu nie ponosi odpowiedzialno\u015bci za tre\u015b\u0107 komentarzy zamieszczanych przez u\u017cytkownik\u00f3w. Osoby zamieszczaj\u0105ce wypowiedzi naruszaj\u0105ce prawo lub prawem chronione dobra os\u00f3b trzecich mog\u0105 ponie\u015b\u0107 z tego tytu\u0142u odpowiedzialno\u015b\u0107 karn\u0105 lub cywiln\u0105.<\/em><strong><em>JEDNOCZE\u015aNIE UZYTKOWNICY ZAMIESZCZAJ\u0104C KOMENTARZ OSWIADCZAJ\u0104, \u017bE BIOR\u0104 PE\u0141N\u0104 ODPOWIEDZIALNO\u015a\u0106 ZA TRE\u015aCI UMIESZCZONE PRZEZ SIEBIE<\/em><\/strong><\/p>\n<\/div>\n<div style=\"padding-bottom:20px; padding-top:10px;\" class=\"hupso-share-buttons\"><!-- Hupso Share Buttons - https:\/\/www.hupso.com\/share\/ --><a class=\"hupso_pop\" href=\"https:\/\/www.hupso.com\/share\/\"><img decoding=\"async\" data-src=\"http:\/\/static.hupso.com\/share\/buttons\/button100x23.png\" style=\"border:0px; width:100; height: 23; \" alt=\"Share Button\" src=\"data:image\/svg+xml;base64,PHN2ZyB3aWR0aD0iMSIgaGVpZ2h0PSIxIiB4bWxucz0iaHR0cDovL3d3dy53My5vcmcvMjAwMC9zdmciPjwvc3ZnPg==\" class=\"lazyload\" \/><\/a><script type=\"text\/javascript\">var hupso_services=new Array(\"Twitter\",\"Facebook\",\"Pinterest\",\"Linkedin\",\"Tumblr\",\"StumbleUpon\",\"Digg\",\"Reddit\",\"Bebo\",\"Delicious\",\"QZone\",\"Renren\",\"Email\");var hupso_icon_type = \"labels\";var hupso_background=\"#3BF8FF\";var hupso_border=\"#FF2B0A\";var hupso_image_folder_url = \"\";var hupso_url=\"\";var hupso_title=\"16-latek%20straci%C5%82%20prawo%20jazdy%20dwa%20dni%20po%20jego%20uzyskaniu%20%E2%80%93%20spowodowa%C5%82%20kolizj%C4%99\";<\/script><script type=\"text\/javascript\" src=\"http:\/\/static.hupso.com\/share\/js\/share.js\"><\/script><!-- Hupso Share Buttons --><\/div>","protected":false},"excerpt":{"rendered":"<p>Funkcjonariusze ruchu drogowego interweniowali w sprawie 16-letniego kierowcy motocykla marki Yamaha, kt\u00f3ry spowodowa\u0142 kolizj\u0119 na Al. \u015aw. Wojciecha w M\u0142awie. M\u0142ody kierowca, zamiast uczestniczy\u0107 w zaj\u0119ciach szkolnych, wyruszy\u0142 na przeja\u017cd\u017ck\u0119,&hellip; <\/p>\n<div style=\"padding-bottom:20px; padding-top:10px;\" class=\"hupso-share-buttons\"><!-- Hupso Share Buttons - https:\/\/www.hupso.com\/share\/ --><a class=\"hupso_pop\" href=\"https:\/\/www.hupso.com\/share\/\"><img data-src=\"http:\/\/static.hupso.com\/share\/buttons\/button100x23.png\" style=\"border:0px; width:100; height: 23; \" alt=\"Share Button\" src=\"data:image\/svg+xml;base64,PHN2ZyB3aWR0aD0iMSIgaGVpZ2h0PSIxIiB4bWxucz0iaHR0cDovL3d3dy53My5vcmcvMjAwMC9zdmciPjwvc3ZnPg==\" class=\"lazyload\" \/><\/a><script type=\"text\/javascript\">var hupso_services=new Array(\"Twitter\",\"Facebook\",\"Pinterest\",\"Linkedin\",\"Tumblr\",\"StumbleUpon\",\"Digg\",\"Reddit\",\"Bebo\",\"Delicious\",\"QZone\",\"Renren\",\"Email\");var hupso_icon_type = \"labels\";var hupso_background=\"#3BF8FF\";var hupso_border=\"#FF2B0A\";var hupso_image_folder_url = \"\";var hupso_url=\"\";var hupso_title=\"16-latek%20straci%C5%82%20prawo%20jazdy%20dwa%20dni%20po%20jego%20uzyskaniu%20%E2%80%93%20spowodowa%C5%82%20kolizj%C4%99\";<\/script><script type=\"text\/javascript\" src=\"http:\/\/static.hupso.com\/share\/js\/share.js\"><\/script><!-- Hupso Share Buttons --><\/div>","protected":false},"author":1,"featured_media":7107,"comment_status":"open","ping_status":"open","sticky":false,"template":"","format":"standard","meta":{"_acf_changed":false,"wprm-recipe-roundup-name":"","wprm-recipe-roundup-description":"","footnotes":""},"categories":[19,5],"tags":[],"class_list":["post-7106","post","type-post","status-publish","format-standard","has-post-thumbnail","hentry","category-aktualnosci","category-na-sygnale"],"acf":[],"amp_enabled":true,"_links":{"self":[{"href":"http:\/\/portalm\u0142awa.pl\/index.php?rest_route=\/wp\/v2\/posts\/7106","targetHints":{"allow":["GET"]}}],"collection":[{"href":"http:\/\/portalm\u0142awa.pl\/index.php?rest_route=\/wp\/v2\/posts"}],"about":[{"href":"http:\/\/portalm\u0142awa.pl\/index.php?rest_route=\/wp\/v2\/types\/post"}],"author":[{"embeddable":true,"href":"http:\/\/portalm\u0142awa.pl\/index.php?rest_route=\/wp\/v2\/users\/1"}],"replies":[{"embeddable":true,"href":"http:\/\/portalm\u0142awa.pl\/index.php?rest_route=%2Fwp%2Fv2%2Fcomments&post=7106"}],"version-history":[{"count":1,"href":"http:\/\/portalm\u0142awa.pl\/index.php?rest_route=\/wp\/v2\/posts\/7106\/revisions"}],"predecessor-version":[{"id":7108,"href":"http:\/\/portalm\u0142awa.pl\/index.php?rest_route=\/wp\/v2\/posts\/7106\/revisions\/7108"}],"wp:featuredmedia":[{"embeddable":true,"href":"http:\/\/portalm\u0142awa.pl\/index.php?rest_route=\/wp\/v2\/media\/7107"}],"wp:attachment":[{"href":"http:\/\/portalm\u0142awa.pl\/index.php?rest_route=%2Fwp%2Fv2%2Fmedia&parent=7106"}],"wp:term":[{"taxonomy":"category","embeddable":true,"href":"http:\/\/portalm\u0142awa.pl\/index.php?rest_route=%2Fwp%2Fv2%2Fcategories&post=7106"},{"taxonomy":"post_tag","embeddable":true,"href":"http:\/\/portalm\u0142awa.pl\/index.php?rest_route=%2Fwp%2Fv2%2Ftags&post=7106"}],"curies":[{"name":"wp","href":"https:\/\/api.w.org\/{rel}","templated":true}]}}