{"id":7109,"date":"2025-06-17T16:25:00","date_gmt":"2025-06-17T14:25:00","guid":{"rendered":"http:\/\/portalm\u0142awa.pl\/?p=7109"},"modified":"2025-06-17T16:25:00","modified_gmt":"2025-06-17T14:25:00","slug":"saperzy-z-5-mbot-najlepsi-w-polsce-zwyciezyli-w-ogolnopolskich-zawodach-wot","status":"publish","type":"post","link":"http:\/\/portalm\u0142awa.pl\/?p=7109","title":{"rendered":"Saperzy z 5 MBOT najlepsi w Polsce! Zwyci\u0119\u017cyli w og\u00f3lnopolskich zawodach WOT"},"content":{"rendered":"<p style=\"text-align: justify;\"><strong>Saperzy 5 Mazowieckiej Brygady Obrony Terytorialnej zaj\u0119li 1 miejsce w og\u00f3lnopolskich zawodach u\u017cyteczno-bojowych o specjalno\u015bci in\u017cynieryjno-saperskiej. W czterodniowej rywalizacji wzi\u0119\u0142o udzia\u0142 blisko 100 \u017co\u0142nierzy reprezentuj\u0105cych 14 brygad Wojsk Obrony Terytorialnej z ca\u0142ej Polski. <\/strong><\/p>\n<p style=\"text-align: justify;\">W dniach 13\u201316 czerwca 2025 roku \u017co\u0142nierze 5 Mazowieckiej Brygady Obrony Terytorialnej wzi\u0119li udzia\u0142 w og\u00f3lnopolskich zawodach u\u017cyteczno-bojowych dla zespo\u0142\u00f3w saperskich. Czterodniowa rywalizacja odby\u0142a si\u0119 na terenie Kielc i zgromadzi\u0142a 6-osobowe dru\u017cyny reprezentuj\u0105ce czterna\u015bcie brygad Wojsk Obrony Terytorialnej z ca\u0142ej Polski.<\/p>\n<p style=\"text-align: justify;\">Celem rywalizacji by\u0142a weryfikacja wiedzy i umiej\u0119tno\u015bci zdobytych podczas szkole\u0144 programowych i kurs\u00f3w specjalistycznych, a tak\u017ce doskonalenie wsp\u00f3\u0142pracy zespo\u0142owej. Zawody mia\u0142y r\u00f3wnie\u017c na celu podnoszenie odporno\u015bci psychofizycznej \u017co\u0142nierzy, popularyzacj\u0119 wsp\u00f3\u0142zawodnictwa w specjalno\u015bci in\u017cynieryjno-saperskiej w\u015br\u00f3d \u017co\u0142nierzy WOT oraz wy\u0142onienie najlepszych zespo\u0142\u00f3w in\u017cynieryjno-saperskich w strukturach brygad OT.<\/p>\n<p style=\"text-align: justify;\">Zawody rozpocz\u0119\u0142y si\u0119 pierwszego dnia od rejestracji uczestnik\u00f3w, zakwaterowania w obiektach, pisemnego testu sprawdzaj\u0105cego wiedz\u0119 teoretyczn\u0105 oraz oficjalnego otwarcia wydarzenia.<\/p>\n<p style=\"text-align: justify;\">Drugi dzie\u0144 zawod\u00f3w rozpocz\u0105\u0142 cz\u0119\u015b\u0107 praktyczn\u0105, w kt\u00f3rej \u017co\u0142nierze mierzyli si\u0119 m.in. z rozpoznaniem min metod\u0105 r\u0119czn\u0105 oraz marszem kondycyjnym z placu \u0107wicze\u0144 taktycznych \u201eTarczownia\u201d na Kieleck\u0105 \u201eBuk\u00f3wk\u0119\u201d, przez teren z ukrytymi pu\u0142apkami IED (prowizorycznymi \u0142adunkami wybuchowymi). Kluczowym punktem dnia by\u0142a r\u00f3wnie\u017c sztafeta sapera, obejmuj\u0105ca: bieg wok\u00f3\u0142 boiska sportowego, \u201espacer farmera\u201d z dwoma minami TM-62M, rozk\u0142adanie i sk\u0142adanie broni na czas oraz transport \u0142odzi saperskiej na dystansie 100 metr\u00f3w.<\/p>\n<p style=\"text-align: justify;\">Trzeciego dnia rozegrano kolejne konkurencje praktyczne, w tym zak\u0142adanie przeciwpancernej grupy min, konkurencj\u0119 medyczn\u0105 oraz zadanie na \u0142odzi saperskiej \u2013 slalom mi\u0119dzy bojami na Zalewie Kieleckim. Natomiast czwartego dnia odby\u0142o si\u0119 oficjalne podsumowanie, wr\u0119czenie nagr\u00f3d i zako\u0144czenie zawod\u00f3w.<\/p>\n<p style=\"text-align: justify;\"><strong>Saperzy z 5 Mazowieckiej Brygady Obrony Terytorialnej okazali si\u0119 najlepsi i stan\u0119li na najwy\u017cszym miejscu na podium. <\/strong>Drugie miejsce zaj\u0119\u0142a dru\u017cyna gospodarzy \u2013 10 \u015awi\u0119tokrzyska Brygada OT, a na trzecim stopniu podium stan\u0119\u0142a 14 Zachodniopomorska Brygada OT.<\/p>\n<p style=\"text-align: justify;\">Dow\u00f3dca kompanii saper\u00f3w 5 MBOT \u2013 por. Grzegorz, podsumowa\u0142 zwyci\u0119stwo: <em>Pierwsze miejsce to efekt d\u0142ugich miesi\u0119cy intensywnego szkolenia i pracy zespo\u0142owej. Pokazali\u015bmy, \u017ce jako dru\u017cyna potrafimy si\u0119 wspiera\u0107 i dzia\u0142a\u0107 razem nawet w trudnych warunkach. Ciesz\u0119 si\u0119, \u017ce mogli\u015bmy reprezentowa\u0107 5 Mazowieck\u0105 Brygad\u0119 OT na tak wysokim poziomie. <\/em><\/p>\n<p style=\"text-align: justify;\">Gospodarzem wydarzenia by\u0142a 10 \u015awi\u0119tokrzyska Brygada Obrony Terytorialnej.<\/p>\n<div><span style=\"font-family: Calibri,Helvetica,sans-serif,serif,EmojiFont; font-size: small;\"><span style=\"font-size: medium;\">st.\u00a0kpr. Renata Jaskulska<br \/>\n<\/span><\/span><\/div>\n<div><span style=\"font-family: Calibri,Helvetica,sans-serif,serif,EmojiFont; font-size: small;\"><span style=\"font-size: medium;\">Sekcja Komunikacji Spo\u0142ecznej\u00a0<\/span><\/span><\/div>\n<div><\/div>\n<div>\n<div><\/div>\n<\/div>\n<div>\n<p style=\"text-align: justify;\"><strong>KOMENTARZE<\/strong><\/p>\n<p style=\"text-align: justify;\"><em>Wydawca portalu nie ponosi odpowiedzialno\u015bci za tre\u015b\u0107 komentarzy zamieszczanych przez u\u017cytkownik\u00f3w. Osoby zamieszczaj\u0105ce wypowiedzi naruszaj\u0105ce prawo lub prawem chronione dobra os\u00f3b trzecich mog\u0105 ponie\u015b\u0107 z tego tytu\u0142u odpowiedzialno\u015b\u0107 karn\u0105 lub cywiln\u0105.<\/em><strong><em>JEDNOCZE\u015aNIE UZYTKOWNICY ZAMIESZCZAJ\u0104C KOMENTARZ OSWIADCZAJ\u0104, \u017bE BIOR\u0104 PE\u0141N\u0104 ODPOWIEDZIALNO\u015a\u0106 ZA TRE\u015aCI UMIESZCZONE PRZEZ SIEBIE<\/em><\/strong><\/p>\n<\/div>\n<div style=\"padding-bottom:20px; padding-top:10px;\" class=\"hupso-share-buttons\"><!-- Hupso Share Buttons - https:\/\/www.hupso.com\/share\/ --><a class=\"hupso_pop\" href=\"https:\/\/www.hupso.com\/share\/\"><img decoding=\"async\" data-src=\"http:\/\/static.hupso.com\/share\/buttons\/button100x23.png\" style=\"border:0px; width:100; height: 23; \" alt=\"Share Button\" src=\"data:image\/svg+xml;base64,PHN2ZyB3aWR0aD0iMSIgaGVpZ2h0PSIxIiB4bWxucz0iaHR0cDovL3d3dy53My5vcmcvMjAwMC9zdmciPjwvc3ZnPg==\" class=\"lazyload\" \/><\/a><script type=\"text\/javascript\">var hupso_services=new Array(\"Twitter\",\"Facebook\",\"Pinterest\",\"Linkedin\",\"Tumblr\",\"StumbleUpon\",\"Digg\",\"Reddit\",\"Bebo\",\"Delicious\",\"QZone\",\"Renren\",\"Email\");var hupso_icon_type = \"labels\";var hupso_background=\"#3BF8FF\";var hupso_border=\"#FF2B0A\";var hupso_image_folder_url = \"\";var hupso_url=\"\";var hupso_title=\"Saperzy%20z%205%20MBOT%20najlepsi%20w%20Polsce%21%20Zwyci%C4%99%C5%BCyli%20w%20og%C3%B3lnopolskich%20zawodach%20WOT\";<\/script><script type=\"text\/javascript\" src=\"http:\/\/static.hupso.com\/share\/js\/share.js\"><\/script><!-- Hupso Share Buttons --><\/div>","protected":false},"excerpt":{"rendered":"<p>Saperzy 5 Mazowieckiej Brygady Obrony Terytorialnej zaj\u0119li 1 miejsce w og\u00f3lnopolskich zawodach u\u017cyteczno-bojowych o specjalno\u015bci in\u017cynieryjno-saperskiej. W czterodniowej rywalizacji wzi\u0119\u0142o udzia\u0142 blisko 100 \u017co\u0142nierzy reprezentuj\u0105cych 14 brygad Wojsk Obrony Terytorialnej&hellip; <\/p>\n<div style=\"padding-bottom:20px; padding-top:10px;\" class=\"hupso-share-buttons\"><!-- Hupso Share Buttons - https:\/\/www.hupso.com\/share\/ --><a class=\"hupso_pop\" href=\"https:\/\/www.hupso.com\/share\/\"><img data-src=\"http:\/\/static.hupso.com\/share\/buttons\/button100x23.png\" style=\"border:0px; width:100; height: 23; \" alt=\"Share Button\" src=\"data:image\/svg+xml;base64,PHN2ZyB3aWR0aD0iMSIgaGVpZ2h0PSIxIiB4bWxucz0iaHR0cDovL3d3dy53My5vcmcvMjAwMC9zdmciPjwvc3ZnPg==\" class=\"lazyload\" \/><\/a><script type=\"text\/javascript\">var hupso_services=new Array(\"Twitter\",\"Facebook\",\"Pinterest\",\"Linkedin\",\"Tumblr\",\"StumbleUpon\",\"Digg\",\"Reddit\",\"Bebo\",\"Delicious\",\"QZone\",\"Renren\",\"Email\");var hupso_icon_type = \"labels\";var hupso_background=\"#3BF8FF\";var hupso_border=\"#FF2B0A\";var hupso_image_folder_url = \"\";var hupso_url=\"\";var hupso_title=\"Saperzy%20z%205%20MBOT%20najlepsi%20w%20Polsce%21%20Zwyci%C4%99%C5%BCyli%20w%20og%C3%B3lnopolskich%20zawodach%20WOT\";<\/script><script type=\"text\/javascript\" src=\"http:\/\/static.hupso.com\/share\/js\/share.js\"><\/script><!-- Hupso Share Buttons --><\/div>","protected":false},"author":1,"featured_media":7114,"comment_status":"open","ping_status":"open","sticky":false,"template":"","format":"standard","meta":{"_acf_changed":false,"wprm-recipe-roundup-name":"","wprm-recipe-roundup-description":"","footnotes":""},"categories":[19,9,14,28],"tags":[],"class_list":["post-7109","post","type-post","status-publish","format-standard","has-post-thumbnail","hentry","category-aktualnosci","category-kr-aj","category-mazo-wsze","category-wyd"],"acf":[],"amp_enabled":true,"_links":{"self":[{"href":"http:\/\/portalm\u0142awa.pl\/index.php?rest_route=\/wp\/v2\/posts\/7109","targetHints":{"allow":["GET"]}}],"collection":[{"href":"http:\/\/portalm\u0142awa.pl\/index.php?rest_route=\/wp\/v2\/posts"}],"about":[{"href":"http:\/\/portalm\u0142awa.pl\/index.php?rest_route=\/wp\/v2\/types\/post"}],"author":[{"embeddable":true,"href":"http:\/\/portalm\u0142awa.pl\/index.php?rest_route=\/wp\/v2\/users\/1"}],"replies":[{"embeddable":true,"href":"http:\/\/portalm\u0142awa.pl\/index.php?rest_route=%2Fwp%2Fv2%2Fcomments&post=7109"}],"version-history":[{"count":1,"href":"http:\/\/portalm\u0142awa.pl\/index.php?rest_route=\/wp\/v2\/posts\/7109\/revisions"}],"predecessor-version":[{"id":7119,"href":"http:\/\/portalm\u0142awa.pl\/index.php?rest_route=\/wp\/v2\/posts\/7109\/revisions\/7119"}],"wp:featuredmedia":[{"embeddable":true,"href":"http:\/\/portalm\u0142awa.pl\/index.php?rest_route=\/wp\/v2\/media\/7114"}],"wp:attachment":[{"href":"http:\/\/portalm\u0142awa.pl\/index.php?rest_route=%2Fwp%2Fv2%2Fmedia&parent=7109"}],"wp:term":[{"taxonomy":"category","embeddable":true,"href":"http:\/\/portalm\u0142awa.pl\/index.php?rest_route=%2Fwp%2Fv2%2Fcategories&post=7109"},{"taxonomy":"post_tag","embeddable":true,"href":"http:\/\/portalm\u0142awa.pl\/index.php?rest_route=%2Fwp%2Fv2%2Ftags&post=7109"}],"curies":[{"name":"wp","href":"https:\/\/api.w.org\/{rel}","templated":true}]}}