{"id":7241,"date":"2025-06-28T14:51:31","date_gmt":"2025-06-28T12:51:31","guid":{"rendered":"http:\/\/portalm\u0142awa.pl\/?p=7241"},"modified":"2025-06-28T15:47:24","modified_gmt":"2025-06-28T13:47:24","slug":"co-naprawde-wydarzylo-sie-3-czerwca-w-szpitalu-chcialbym-dzis-poznac-prawde-i-uslyszec-fakty-mowil-michal-pol","status":"publish","type":"post","link":"http:\/\/portalm\u0142awa.pl\/?p=7241","title":{"rendered":"Co naprawd\u0119 wydarzy\u0142o si\u0119 3 czerwca w szpitalu? Chcia\u0142bym dzi\u015b pozna\u0107 prawd\u0119 i us\u0142ysze\u0107 fakty &#8211; m\u00f3wi\u0142 Micha\u0142 Pol"},"content":{"rendered":"<blockquote data-start=\"119\" data-end=\"291\">\n<p style=\"text-align: justify;\" data-start=\"121\" data-end=\"291\"><em data-start=\"121\" data-end=\"170\"><strong>&#8211;<\/strong>\u201eChcia\u0142bym dzi\u015b pozna\u0107 prawd\u0119 i us\u0142ysze\u0107 fakty\u201d<\/em> \u2013 m\u00f3wi\u0142 radny Powiatu M\u0142awskiego Micha\u0142 Pol na sesji Rady Powiatu M\u0142awskiego.3 czerwca. To w\u0142a\u015bnie wtedy media poda\u0142y informacje, kt\u00f3re odbi\u0142y si\u0119 szerokim echem w spo\u0142eczno\u015bci powiatu i M\u0142awy. Zacytuj\u0119 tytu\u0142y:<br data-start=\"428\" data-end=\"431\" \/><strong data-start=\"431\" data-end=\"499\">\u201eDyrektor szpitala w M\u0142awie rezygnuje po p\u00f3\u0142 roku ze stanowiska\u201d<\/strong>, <br data-start=\"500\" data-end=\"503\" \/><strong data-start=\"503\" data-end=\"565\">\u201eDyrektor szpitala rezygnuje \u2013 starosta komentuje decyzj\u0119\u201d<\/strong>.<\/p>\n<\/blockquote>\n<p style=\"text-align: justify;\" data-start=\"568\" data-end=\"756\">Zdaniem radnego sprawa wywo\u0142a\u0142a szerokie poruszenie \u2013 nie tylko w\u015br\u00f3d mieszka\u0144c\u00f3w miasta i powiatu, ale przede wszystkim w\u015br\u00f3d personelu m\u0142awskiego szpitala. L\u0119k, niepewno\u015b\u0107, mn\u00f3stwo pyta\u0144 bez odpowiedzi.<\/p>\n<p style=\"text-align: justify;\" data-start=\"758\" data-end=\"1164\"><em data-start=\"760\" data-end=\"1164\">\u2013 Ta sprawa i niepok\u00f3j w\u015br\u00f3d pracownik\u00f3w i niepewno\u015b\u0107 w\u015br\u00f3d mieszka\u0144c\u00f3w co do dalszych los\u00f3w m\u0142awskiego szpitala nie wp\u0142ywa dobrze na dalsz\u0105 jego dzia\u0142alno\u015b\u0107 i chocia\u017cby na pozyskiwanie \u015brodk\u00f3w czy to zewn\u0119trznych, czy chocia\u017cby z o\u015bciennych gmin.\u00a0 \u2013 m\u00f3wi\u0142 radny Pol. Poza tym do tej pory wiedzieli\u015bmy, \u017ce sytuacja szpitala finansowa jest trudna. Trzeciego czerwca dowiedzieli\u015bmy si\u0119, \u017ce nie tylko sytuacja finansowa szpitala jest trudna, czy mo\u017ce te\u017c s\u0105 jakie\u015b nie wiem b\u0142\u0119dy komunikacyjne, czy s\u0105 mo\u017ce jakie\u015b rozbie\u017cno\u015bci w decyzjach mi\u0119dzy menad\u017cerem jakim jest Pan dyrektor a Powiatem M\u0142awskim ? Co\u015b zawiod\u0142o<br \/>\n<\/em><\/p>\n<p style=\"text-align: justify;\" data-start=\"1166\" data-end=\"1207\">Radny domaga\u0142 si\u0119 konkretnych odpowiedzi:<\/p>\n<blockquote data-start=\"1209\" data-end=\"1321\">\n<p data-start=\"1211\" data-end=\"1321\"><em data-start=\"1211\" data-end=\"1321\">Jak wygl\u0105da dzi\u015b wsp\u00f3\u0142praca na linii dyrektor szpitala \u2013 Powiat M\u0142awski? Jakie s\u0105 warunki jej kontynuowania?<\/em><\/p>\n<\/blockquote>\n<p style=\"text-align: justify;\" data-start=\"1323\" data-end=\"1386\">Jego pytania by\u0142y bezpo\u015brednie i konkretne.<\/p>\n<blockquote data-start=\"1387\" data-end=\"1567\">\n<p data-start=\"1389\" data-end=\"1567\"><em data-start=\"1389\" data-end=\"1567\">\u201eWidzimy pana dyrektora na sesjach, odpowiada rzeczowo, ale my \u2013 jako radni \u2013 po tym co si\u0119 wydarzy\u0142o mo\u017ce o czym\u015b nie wiemy ? Mo\u017ce s\u0105 jakie\u015b niedom\u00f3wienia? Co dzieje si\u0119 tak na prawd\u0119 na niwie wsp\u00f3\u0142pracy mi\u0119dzy powiatem a szpitalem?<br \/>\n<\/em><\/p>\n<\/blockquote>\n<p style=\"text-align: justify;\" data-start=\"1569\" data-end=\"1641\">Podkre\u015bli\u0142 te\u017c zamiast zajmowa\u0107 si\u0119 echami prasowych doniesie\u0144 rada powinna zajmowa\u0107 si\u0119 realnymi problemami.<\/p>\n<p style=\"text-align: justify;\" data-start=\"1643\" data-end=\"1813\">\u2013 <em data-start=\"1645\" data-end=\"1813\">Jakich lekarzy brakuje w szpitalu? Co dzieje si\u0119 z \u0142\u00f3\u017ckami zlikwidowanego oddzia\u0142u ginekologiczno-po\u0142o\u017cniczego? Co z personelem tego oddzia\u0142u? Czym si\u0119 teraz zajmuj\u0105?\u00a0 &#8211; tym si\u0119 powinni\u015bmy zajmowa\u0107<br \/>\n<\/em><\/p>\n<p style=\"text-align: justify;\" data-start=\"1815\" data-end=\"1919\">Pojawi\u0142 si\u0119 te\u017c pytanie niepodpisanej rezygnacji, niepodpisanego pisma. Sk\u0105d si\u0119 wzi\u0119\u0142o? Kto je sporz\u0105dzi\u0142 i dlaczego?<\/p>\n<p style=\"text-align: justify;\" data-start=\"1921\" data-end=\"2245\">\u2013 Tak\u017ce chcia\u0142bym si\u0119 dowiedzie\u0107 w kwestii tego pisma niepodpisanego, sk\u0105d ono si\u0119 wzi\u0119\u0142o? Dlaczego w og\u00f3le to pismo by\u0142o? Jako radny, jako mieszkaniec miasta chcia\u0142bym dzi\u015b pozna\u0107 prawd\u0119 i us\u0142ysze\u0107 fakty w trosce o szpital i pracownik\u00f3w szpitala bo nie wiemy jaki b\u0119dzie ich los i nie b\u0119d\u0119 m\u00f3wi\u0142 tu o echach, kt\u00f3re s\u0105 te\u017c g\u0142o\u015bne na temat szpitala, \u017ce tak powiem plotkarskie, o tym \u017ce szpital p\u00f3jdzie do prywatyzacji. Chcia\u0142bym prosi\u0107 tu o zdementowanie i nie chcia\u0142bym, aby m\u0142awski szpital zosta\u0142 poddany likwidacji, ani prywatyzacji &#8211; m\u00f3wi\u0142 Micha\u0142 Pol Radny Powiatu M\u0142awskiego.<\/p>\n<p style=\"text-align: justify;\"><strong data-start=\"2252\" data-end=\"2305\">Dyrektor odpowiada. Cofn\u0105\u0142 rezygnacj\u0119. Dla ludzi.<\/strong><\/p>\n<p style=\"text-align: justify;\" data-start=\"2307\" data-end=\"2452\">Dyrektor szpitala w odpowiedzi podkre\u015bli\u0142, \u017ce spotka\u0142 si\u0119 z otwartym podej\u015bciem i gotowo\u015bci\u0105 do rozm\u00f3w:<\/p>\n<blockquote data-start=\"2454\" data-end=\"2740\">\n<p data-start=\"2456\" data-end=\"2740\"><em data-start=\"2456\" data-end=\"2738\">\u2013 Negocjowali\u015bmy wsparcie, kt\u00f3rego szpital potrzebowa\u0142. To, \u017ce dzi\u015b jeste\u015bmy tu razem i \u017ce Rada ma g\u0142osowa\u0107 nad przekazaniem 2 milion\u00f3w z\u0142otych, \u015bwiadczy o tym, \u017ce wsp\u00f3\u0142praca istnieje. Decyzj\u0119 o cofni\u0119ciu wypowiedzenia podj\u0105\u0142em ze wzgl\u0119du na pracownik\u00f3w. Ze wzgl\u0119du na \u015brodowisko. A by\u0142em na prawd\u0119 zdecydowany zrezygnowa\u0107 &#8211; t\u0142umaczy Piotr Parjaszewski dyrektor M\u0142awskiego Szpitala<br \/>\n<\/em><\/p>\n<\/blockquote>\n<p style=\"text-align: justify;\"><strong data-start=\"2747\" data-end=\"2808\">Starosta rozwiewa w\u0105tpliwo\u015bci: nie ma mowy o prywatyzacji<\/strong><\/p>\n<p style=\"text-align: justify;\" data-start=\"2810\" data-end=\"2898\">Stanowcze s\u0142owa pad\u0142y r\u00f3wnie\u017c ze strony Starosty Powiatu M\u0142awskiego, Witolda Okumskiego:<\/p>\n<blockquote data-start=\"2900\" data-end=\"3094\">\n<p data-start=\"2902\" data-end=\"3094\"><em data-start=\"2902\" data-end=\"3094\">\u2013 Powiat przyznaje po\u017cyczk\u0119 szpitalowi, a kto\u015b m\u00f3wi o prywatyzacji? Nie ma takiego poj\u0119cia. Nie istnieje mo\u017cliwo\u015b\u0107, by szpital m\u0142awski zosta\u0142 sprywatyzowany, czy przekszta\u0142cony w inn\u0105 form\u0119.<\/em><\/p>\n<\/blockquote>\n<p style=\"text-align: justify;\" data-start=\"3096\" data-end=\"3196\">Starosta podkre\u015bli\u0142, \u017ce sytuacja szpitala rzeczywi\u015bcie jest trudna, ale to nie oznacza plan\u00f3w likwidacyjnych:<\/p>\n<blockquote data-start=\"3198\" data-end=\"3298\">\n<p data-start=\"3200\" data-end=\"3298\"><em data-start=\"3200\" data-end=\"3298\">\u2013 Wsp\u00f3\u0142praca istnieje. Analizujemy, jak upora\u0107 si\u0119 z trudno\u015bciami. St\u0105d apel i dalsze dzia\u0142ania.<\/em><\/p>\n<\/blockquote>\n<div>\n<div>\n<p style=\"text-align: justify;\"><strong>KOMENTARZE<\/strong><\/p>\n<p style=\"text-align: justify;\"><em>Wydawca portalu nie ponosi odpowiedzialno\u015bci za tre\u015b\u0107 komentarzy zamieszczanych przez u\u017cytkownik\u00f3w. Osoby zamieszczaj\u0105ce wypowiedzi naruszaj\u0105ce prawo lub prawem chronione dobra os\u00f3b trzecich mog\u0105 ponie\u015b\u0107 z tego tytu\u0142u odpowiedzialno\u015b\u0107 karn\u0105 lub cywiln\u0105.<\/em><strong><em>JEDNOCZE\u015aNIE UZYTKOWNICY ZAMIESZCZAJ\u0104C KOMENTARZ OSWIADCZAJ\u0104, \u017bE BIOR\u0104 PE\u0141N\u0104 ODPOWIEDZIALNO\u015a\u0106 ZA TRE\u015aCI UMIESZCZONE PRZEZ SIEBIE<\/em><\/strong><\/p>\n<\/div>\n<\/div>\n<div style=\"padding-bottom:20px; padding-top:10px;\" class=\"hupso-share-buttons\"><!-- Hupso Share Buttons - https:\/\/www.hupso.com\/share\/ --><a class=\"hupso_pop\" href=\"https:\/\/www.hupso.com\/share\/\"><img decoding=\"async\" data-src=\"http:\/\/static.hupso.com\/share\/buttons\/button100x23.png\" style=\"border:0px; width:100; height: 23; \" alt=\"Share Button\" src=\"data:image\/svg+xml;base64,PHN2ZyB3aWR0aD0iMSIgaGVpZ2h0PSIxIiB4bWxucz0iaHR0cDovL3d3dy53My5vcmcvMjAwMC9zdmciPjwvc3ZnPg==\" class=\"lazyload\" \/><\/a><script type=\"text\/javascript\">var hupso_services=new Array(\"Twitter\",\"Facebook\",\"Pinterest\",\"Linkedin\",\"Tumblr\",\"StumbleUpon\",\"Digg\",\"Reddit\",\"Bebo\",\"Delicious\",\"QZone\",\"Renren\",\"Email\");var hupso_icon_type = \"labels\";var hupso_background=\"#3BF8FF\";var hupso_border=\"#FF2B0A\";var hupso_image_folder_url = \"\";var hupso_url=\"\";var hupso_title=\"Co%20naprawd%C4%99%20wydarzy%C5%82o%20si%C4%99%203%20czerwca%20w%20szpitalu%3F%20Chcia%C5%82bym%20dzi%C5%9B%20pozna%C4%87%20prawd%C4%99%20i%20us%C5%82ysze%C4%87%20fakty%20-%20m%C3%B3wi%C5%82%20Micha%C5%82%20Pol\";<\/script><script type=\"text\/javascript\" src=\"http:\/\/static.hupso.com\/share\/js\/share.js\"><\/script><!-- Hupso Share Buttons --><\/div>","protected":false},"excerpt":{"rendered":"<p>&#8211;\u201eChcia\u0142bym dzi\u015b pozna\u0107 prawd\u0119 i us\u0142ysze\u0107 fakty\u201d \u2013 m\u00f3wi\u0142 radny Powiatu M\u0142awskiego Micha\u0142 Pol na sesji Rady Powiatu M\u0142awskiego.3 czerwca. To w\u0142a\u015bnie wtedy media poda\u0142y informacje, kt\u00f3re odbi\u0142y si\u0119 szerokim&hellip; <\/p>\n<div style=\"padding-bottom:20px; padding-top:10px;\" class=\"hupso-share-buttons\"><!-- Hupso Share Buttons - https:\/\/www.hupso.com\/share\/ --><a class=\"hupso_pop\" href=\"https:\/\/www.hupso.com\/share\/\"><img data-src=\"http:\/\/static.hupso.com\/share\/buttons\/button100x23.png\" style=\"border:0px; width:100; height: 23; \" alt=\"Share Button\" src=\"data:image\/svg+xml;base64,PHN2ZyB3aWR0aD0iMSIgaGVpZ2h0PSIxIiB4bWxucz0iaHR0cDovL3d3dy53My5vcmcvMjAwMC9zdmciPjwvc3ZnPg==\" class=\"lazyload\" \/><\/a><script type=\"text\/javascript\">var hupso_services=new Array(\"Twitter\",\"Facebook\",\"Pinterest\",\"Linkedin\",\"Tumblr\",\"StumbleUpon\",\"Digg\",\"Reddit\",\"Bebo\",\"Delicious\",\"QZone\",\"Renren\",\"Email\");var hupso_icon_type = \"labels\";var hupso_background=\"#3BF8FF\";var hupso_border=\"#FF2B0A\";var hupso_image_folder_url = \"\";var hupso_url=\"\";var hupso_title=\"Co%20naprawd%C4%99%20wydarzy%C5%82o%20si%C4%99%203%20czerwca%20w%20szpitalu%3F%20Chcia%C5%82bym%20dzi%C5%9B%20pozna%C4%87%20prawd%C4%99%20i%20us%C5%82ysze%C4%87%20fakty%20-%20m%C3%B3wi%C5%82%20Micha%C5%82%20Pol\";<\/script><script type=\"text\/javascript\" src=\"http:\/\/static.hupso.com\/share\/js\/share.js\"><\/script><!-- Hupso Share Buttons --><\/div>","protected":false},"author":1,"featured_media":7242,"comment_status":"open","ping_status":"open","sticky":false,"template":"","format":"standard","meta":{"_acf_changed":false,"wprm-recipe-roundup-name":"","wprm-recipe-roundup-description":"","footnotes":""},"categories":[19,28],"tags":[],"class_list":["post-7241","post","type-post","status-publish","format-standard","has-post-thumbnail","hentry","category-aktualnosci","category-wyd"],"acf":[],"amp_enabled":true,"_links":{"self":[{"href":"http:\/\/portalm\u0142awa.pl\/index.php?rest_route=\/wp\/v2\/posts\/7241","targetHints":{"allow":["GET"]}}],"collection":[{"href":"http:\/\/portalm\u0142awa.pl\/index.php?rest_route=\/wp\/v2\/posts"}],"about":[{"href":"http:\/\/portalm\u0142awa.pl\/index.php?rest_route=\/wp\/v2\/types\/post"}],"author":[{"embeddable":true,"href":"http:\/\/portalm\u0142awa.pl\/index.php?rest_route=\/wp\/v2\/users\/1"}],"replies":[{"embeddable":true,"href":"http:\/\/portalm\u0142awa.pl\/index.php?rest_route=%2Fwp%2Fv2%2Fcomments&post=7241"}],"version-history":[{"count":15,"href":"http:\/\/portalm\u0142awa.pl\/index.php?rest_route=\/wp\/v2\/posts\/7241\/revisions"}],"predecessor-version":[{"id":7258,"href":"http:\/\/portalm\u0142awa.pl\/index.php?rest_route=\/wp\/v2\/posts\/7241\/revisions\/7258"}],"wp:featuredmedia":[{"embeddable":true,"href":"http:\/\/portalm\u0142awa.pl\/index.php?rest_route=\/wp\/v2\/media\/7242"}],"wp:attachment":[{"href":"http:\/\/portalm\u0142awa.pl\/index.php?rest_route=%2Fwp%2Fv2%2Fmedia&parent=7241"}],"wp:term":[{"taxonomy":"category","embeddable":true,"href":"http:\/\/portalm\u0142awa.pl\/index.php?rest_route=%2Fwp%2Fv2%2Fcategories&post=7241"},{"taxonomy":"post_tag","embeddable":true,"href":"http:\/\/portalm\u0142awa.pl\/index.php?rest_route=%2Fwp%2Fv2%2Ftags&post=7241"}],"curies":[{"name":"wp","href":"https:\/\/api.w.org\/{rel}","templated":true}]}}