{"id":7261,"date":"2025-06-29T11:40:53","date_gmt":"2025-06-29T09:40:53","guid":{"rendered":"http:\/\/portalm\u0142awa.pl\/?p=7261"},"modified":"2025-06-29T11:40:53","modified_gmt":"2025-06-29T09:40:53","slug":"rodzinny-piknik-nad-woda-mlawa-rozpoczela-lato-z-energia-i-usmiechem","status":"publish","type":"post","link":"http:\/\/portalm\u0142awa.pl\/?p=7261","title":{"rendered":"Rodzinny Piknik nad Wod\u0105 \u2013 M\u0142awa rozpocz\u0119\u0142a lato z energi\u0105 i u\u015bmiechem!"},"content":{"rendered":"<p dir=\"ltr\" style=\"text-align: justify;\"><strong>W sobot\u0119, 28 czerwca 2025 roku, w godzinach od 14:00 do 18:00, nad malowniczym Zalewem Ruda rozbrzmiewa\u0142 \u015bmiech, muzyka i radosne okrzyki. Mieszka\u0144cy M\u0142awy i okolic t\u0142umnie przybyli, by wsp\u00f3lnie przywita\u0107 lato podczas Rodzinnego Pikniku nad Wod\u0105 \u2013 wydarzenia, kt\u00f3re po\u0142\u0105czy\u0142o relaks z aktywno\u015bci\u0105, natur\u0119 z kultur\u0105, a pokolenia w jeden pi\u0119kny, letni dzie\u0144.<\/strong><\/p>\n<p dir=\"ltr\" style=\"text-align: justify;\"><strong>Letnia sceneria i rodzinna atmosfera<\/strong><\/p>\n<p dir=\"ltr\" style=\"text-align: justify;\">Pla\u017ca nad Rud\u0105, otoczona zieleni\u0105, zamieni\u0142a si\u0119 w centrum pozytywnej energii. Ciep\u0142a woda, mi\u0119kki piasek, aromat grillowanych kie\u0142basek i d\u017awi\u0119ki letnich przeboj\u00f3w stworzy\u0142y idealne t\u0142o dla wypoczynku i zabawy. To by\u0142o prawdziwe \u015bwi\u0119to dla rodzin, dzieci, m\u0142odzie\u017cy i senior\u00f3w \u2013 ka\u017cdy m\u00f3g\u0142 znale\u017a\u0107 co\u015b dla siebie.<\/p>\n<p dir=\"ltr\" style=\"text-align: justify;\"><strong>Atrakcje, kt\u00f3re porwa\u0142y t\u0142umy<\/strong><\/p>\n<p dir=\"ltr\" style=\"text-align: justify;\">Organizatorzy zadbali o r\u00f3\u017cnorodno\u015b\u0107 atrakcji i wype\u0142nili popo\u0142udnie mn\u00f3stwem aktywno\u015bci:<\/p>\n<p dir=\"ltr\" style=\"text-align: justify;\">Kino plenerowe pozwoli\u0142o uczestnikom zrelaksowa\u0107 si\u0119 przy seansie filmowym z niezwyk\u0142ym widokiem na tafl\u0119 wody.<\/p>\n<p dir=\"ltr\" style=\"text-align: justify;\">Nauka w\u0119dkowania, prowadzona przez ekspert\u00f3w z Polskiego Zwi\u0105zku W\u0119dkarskiego, przyci\u0105gn\u0119\u0142a zar\u00f3wno m\u0142odych adept\u00f3w w\u0119dki, jak i doros\u0142ych chc\u0105cych odkry\u0107 now\u0105 pasj\u0119.<\/p>\n<p dir=\"ltr\" style=\"text-align: justify;\">Gry i zabawy wodne doda\u0142y orze\u017awiaj\u0105cej energii \u2013 pluskanie, \u015bmiech i ruch by\u0142y nieod\u0142\u0105cznym elementem dnia.<\/p>\n<p dir=\"ltr\" style=\"text-align: justify;\">Animacje dla dzieci \u2013 kolorowe dmucha\u0144ce, bajkowe maskotki, tatua\u017ce, malowanie buziek i balonowe zoo \u2013 sprawi\u0142y, \u017ce najm\u0142odsi nie przestawali si\u0119 u\u015bmiecha\u0107.<\/p>\n<p dir=\"ltr\" style=\"text-align: justify;\">Rodzinne konkurencje ruchowe, takie jak limbo, taniec, skoczne maty i szalona lina, zach\u0119ca\u0142y do wsp\u00f3lnej zabawy i zdrowej rywalizacji.<\/p>\n<p dir=\"ltr\" style=\"text-align: justify;\">Piknikowy klimat dope\u0142nia\u0142y wsp\u00f3lne posi\u0142ki i rozmowy przy grillu \u2013 pachn\u0105ce kie\u0142baski smakowa\u0142y najlepiej w dobrym towarzystwie.<\/p>\n<p dir=\"ltr\" style=\"text-align: justify;\"><strong>Wsp\u00f3lne budowanie wspomnie\u0144<\/strong><\/p>\n<p dir=\"ltr\" style=\"text-align: justify;\">Rodzinny Piknik nad Wod\u0105 to nie tylko wydarzenie \u2013 to chwile, kt\u00f3re zostaj\u0105 z nami na d\u0142ugo. To odpoczynek, na jaki ka\u017cdy z nas zas\u0142uguje, w\u015br\u00f3d bliskich, w zgodzie z natur\u0105 i w sercu lokalnej spo\u0142eczno\u015bci. W\u0142a\u015bnie tutaj, nad Rud\u0105, lato naprawd\u0119 si\u0119 zacz\u0119\u0142o \u2013 z rado\u015bci\u0105, \u015bmiechem i dobrymi emocjami.<\/p>\n<p dir=\"ltr\" style=\"text-align: justify;\"><strong>Dzi\u0119ki komu to si\u0119 uda\u0142o?<\/strong><\/p>\n<p dir=\"ltr\" style=\"text-align: justify;\">Wydarzenie zrealizowano dzi\u0119ki wsp\u00f3\u0142pracy wielu lokalnych instytucji, kt\u00f3re po\u0142\u0105czy\u0142y si\u0142y, by stworzy\u0107 co\u015b wyj\u0105tkowego. W\u015br\u00f3d organizator\u00f3w znale\u017ali si\u0119:<br \/>\nMiejski Dom Kultury w M\u0142awie, Miasto M\u0142awa, Starostwo Powiatowe w M\u0142awie oraz MOSiR M\u0142awa. Partnerami wydarzenia byli: Wody Polskie oraz PZW Okr\u0119g Ciechan\u00f3w.<\/p>\n<p dir=\"ltr\" style=\"text-align: justify;\"><strong>Lato rozpocz\u0119te na ca\u0142ego!<\/strong><\/p>\n<p dir=\"ltr\" style=\"text-align: justify;\">Rodzinny Piknik nad Wod\u0105 nad Zalewem Ruda przeszed\u0142 do historii jako dzie\u0144 pe\u0142en dobrej energii, integracji i prawdziwego letniego ducha. Dla tych, kt\u00f3rzy byli \u2013 pi\u0119kne wspomnienia. Dla tych, kt\u00f3rzy nie dotarli \u2013 jasny sygna\u0142: nie przegap kolejnej edycji!<\/p>\n<div><\/div>\n<p dir=\"ltr\">T.B<\/p>\n<div>\n<div>\n<p><strong>KOMENTARZE<\/strong><\/p>\n<p><em>Wydawca portalu nie ponosi odpowiedzialno\u015bci za tre\u015b\u0107 komentarzy zamieszczanych przez u\u017cytkownik\u00f3w. Osoby zamieszczaj\u0105ce wypowiedzi naruszaj\u0105ce prawo lub prawem chronione dobra os\u00f3b trzecich mog\u0105 ponie\u015b\u0107 z tego tytu\u0142u odpowiedzialno\u015b\u0107 karn\u0105 lub cywiln\u0105.<\/em><strong><em>JEDNOCZE\u015aNIE UZYTKOWNICY ZAMIESZCZAJ\u0104C KOMENTARZ OSWIADCZAJ\u0104, \u017bE BIOR\u0104 PE\u0141N\u0104 ODPOWIEDZIALNO\u015a\u0106 ZA TRE\u015aCI UMIESZCZONE PRZEZ SIEBIE<\/em><\/strong><\/p>\n<\/div>\n<\/div>\n<div style=\"padding-bottom:20px; padding-top:10px;\" class=\"hupso-share-buttons\"><!-- Hupso Share Buttons - https:\/\/www.hupso.com\/share\/ --><a class=\"hupso_pop\" href=\"https:\/\/www.hupso.com\/share\/\"><img decoding=\"async\" data-src=\"http:\/\/static.hupso.com\/share\/buttons\/button100x23.png\" style=\"border:0px; width:100; height: 23; \" alt=\"Share Button\" src=\"data:image\/svg+xml;base64,PHN2ZyB3aWR0aD0iMSIgaGVpZ2h0PSIxIiB4bWxucz0iaHR0cDovL3d3dy53My5vcmcvMjAwMC9zdmciPjwvc3ZnPg==\" class=\"lazyload\" \/><\/a><script type=\"text\/javascript\">var hupso_services=new Array(\"Twitter\",\"Facebook\",\"Pinterest\",\"Linkedin\",\"Tumblr\",\"StumbleUpon\",\"Digg\",\"Reddit\",\"Bebo\",\"Delicious\",\"QZone\",\"Renren\",\"Email\");var hupso_icon_type = \"labels\";var hupso_background=\"#3BF8FF\";var hupso_border=\"#FF2B0A\";var hupso_image_folder_url = \"\";var hupso_url=\"\";var hupso_title=\"Rodzinny%20Piknik%20nad%20Wod%C4%85%20%E2%80%93%20M%C5%82awa%20rozpocz%C4%99%C5%82a%20lato%20z%20energi%C4%85%20i%20u%C5%9Bmiechem%21\";<\/script><script type=\"text\/javascript\" src=\"http:\/\/static.hupso.com\/share\/js\/share.js\"><\/script><!-- Hupso Share Buttons --><\/div>","protected":false},"excerpt":{"rendered":"<p>W sobot\u0119, 28 czerwca 2025 roku, w godzinach od 14:00 do 18:00, nad malowniczym Zalewem Ruda rozbrzmiewa\u0142 \u015bmiech, muzyka i radosne okrzyki. Mieszka\u0144cy M\u0142awy i okolic t\u0142umnie przybyli, by wsp\u00f3lnie&hellip; <\/p>\n<div style=\"padding-bottom:20px; padding-top:10px;\" class=\"hupso-share-buttons\"><!-- Hupso Share Buttons - https:\/\/www.hupso.com\/share\/ --><a class=\"hupso_pop\" href=\"https:\/\/www.hupso.com\/share\/\"><img data-src=\"http:\/\/static.hupso.com\/share\/buttons\/button100x23.png\" style=\"border:0px; width:100; height: 23; \" alt=\"Share Button\" src=\"data:image\/svg+xml;base64,PHN2ZyB3aWR0aD0iMSIgaGVpZ2h0PSIxIiB4bWxucz0iaHR0cDovL3d3dy53My5vcmcvMjAwMC9zdmciPjwvc3ZnPg==\" class=\"lazyload\" \/><\/a><script type=\"text\/javascript\">var hupso_services=new Array(\"Twitter\",\"Facebook\",\"Pinterest\",\"Linkedin\",\"Tumblr\",\"StumbleUpon\",\"Digg\",\"Reddit\",\"Bebo\",\"Delicious\",\"QZone\",\"Renren\",\"Email\");var hupso_icon_type = \"labels\";var hupso_background=\"#3BF8FF\";var hupso_border=\"#FF2B0A\";var hupso_image_folder_url = \"\";var hupso_url=\"\";var hupso_title=\"Rodzinny%20Piknik%20nad%20Wod%C4%85%20%E2%80%93%20M%C5%82awa%20rozpocz%C4%99%C5%82a%20lato%20z%20energi%C4%85%20i%20u%C5%9Bmiechem%21\";<\/script><script type=\"text\/javascript\" src=\"http:\/\/static.hupso.com\/share\/js\/share.js\"><\/script><!-- Hupso Share Buttons --><\/div>","protected":false},"author":1,"featured_media":7287,"comment_status":"open","ping_status":"open","sticky":false,"template":"","format":"standard","meta":{"_acf_changed":false,"wprm-recipe-roundup-name":"","wprm-recipe-roundup-description":"","footnotes":""},"categories":[19,3,28],"tags":[],"class_list":["post-7261","post","type-post","status-publish","format-standard","has-post-thumbnail","hentry","category-aktualnosci","category-kultura","category-wyd"],"acf":[],"amp_enabled":true,"_links":{"self":[{"href":"http:\/\/portalm\u0142awa.pl\/index.php?rest_route=\/wp\/v2\/posts\/7261","targetHints":{"allow":["GET"]}}],"collection":[{"href":"http:\/\/portalm\u0142awa.pl\/index.php?rest_route=\/wp\/v2\/posts"}],"about":[{"href":"http:\/\/portalm\u0142awa.pl\/index.php?rest_route=\/wp\/v2\/types\/post"}],"author":[{"embeddable":true,"href":"http:\/\/portalm\u0142awa.pl\/index.php?rest_route=\/wp\/v2\/users\/1"}],"replies":[{"embeddable":true,"href":"http:\/\/portalm\u0142awa.pl\/index.php?rest_route=%2Fwp%2Fv2%2Fcomments&post=7261"}],"version-history":[{"count":1,"href":"http:\/\/portalm\u0142awa.pl\/index.php?rest_route=\/wp\/v2\/posts\/7261\/revisions"}],"predecessor-version":[{"id":7306,"href":"http:\/\/portalm\u0142awa.pl\/index.php?rest_route=\/wp\/v2\/posts\/7261\/revisions\/7306"}],"wp:featuredmedia":[{"embeddable":true,"href":"http:\/\/portalm\u0142awa.pl\/index.php?rest_route=\/wp\/v2\/media\/7287"}],"wp:attachment":[{"href":"http:\/\/portalm\u0142awa.pl\/index.php?rest_route=%2Fwp%2Fv2%2Fmedia&parent=7261"}],"wp:term":[{"taxonomy":"category","embeddable":true,"href":"http:\/\/portalm\u0142awa.pl\/index.php?rest_route=%2Fwp%2Fv2%2Fcategories&post=7261"},{"taxonomy":"post_tag","embeddable":true,"href":"http:\/\/portalm\u0142awa.pl\/index.php?rest_route=%2Fwp%2Fv2%2Ftags&post=7261"}],"curies":[{"name":"wp","href":"https:\/\/api.w.org\/{rel}","templated":true}]}}