{"id":7368,"date":"2025-07-01T10:13:34","date_gmt":"2025-07-01T08:13:34","guid":{"rendered":"http:\/\/portalm\u0142awa.pl\/?p=7368"},"modified":"2025-07-01T10:13:34","modified_gmt":"2025-07-01T08:13:34","slug":"ciechanow-po-sluzbie-ale-nadal-w-akcji-naczelnik-wpi-ciechanowskiej-komendy-zatrzymal-zlodzieja-na-goracym-uczynku","status":"publish","type":"post","link":"http:\/\/portalm\u0142awa.pl\/?p=7368","title":{"rendered":"Ciechan\u00f3w. Po s\u0142u\u017cbie, ale nadal w akcji \u2013 Naczelnik WPI ciechanowskiej komendy zatrzyma\u0142 z\u0142odzieja na gor\u0105cym uczynku!"},"content":{"rendered":"<div class=\"head\">\n<p class=\"intro\" style=\"text-align: justify;\"><strong>Czujno\u015b\u0107 i szybka reakcja funkcjonariusza z Komendy Powiatowej Policji w Ciechanowie doprowadzi\u0142a do uj\u0119cia sprawcy kradzie\u017cy z w\u0142amaniem do myjni samoobs\u0142ugowej na jednej ze stacji paliw w Ciechanowie. Policjant wracaj\u0105c po nocnej s\u0142u\u017cbie, zauwa\u017cy\u0142 zamaskowanego m\u0119\u017cczyzn\u0119 z metalowym pojemnikiem pe\u0142nym pieni\u0119dzy. Okaza\u0142o si\u0119, \u017ce 30-latek uszkodzi\u0142 modu\u0142 p\u0142atniczy myjni i ukrad\u0142 z niego 1400 z\u0142. Straty powsta\u0142e w wyniku zdarzenia oszacowano na 4 tys. z\u0142.<\/strong><\/p>\n<\/div>\n<p class=\"Standard\" style=\"text-align: justify;\"><abbr title=\"nadkomisarz\">Nadkom<\/abbr>. Mariusz Matusiak &#8211; Naczelnik Wydzia\u0142u Patrolowo-Interwencyjnego Komendy Powiatowej Policji w Ciechanowie, wracaj\u0105c w minion\u0105 niedziel\u0119 (29.06) w nocy po s\u0142u\u017cbie, zauwa\u017cy\u0142 na jednej ze stacji paliw zamaskowanego m\u0119\u017cczyzn\u0119 nios\u0105cego metalowy pojemnik z pieni\u0119dzmi oraz dwa \u015brubokr\u0119ty. Funkcjonariusz, podejrzewaj\u0105c, \u017ce m\u0119\u017cczyzna mo\u017ce by\u0107 sprawc\u0105 kradzie\u017cy, natychmiast zareagowa\u0142 i poinformowa\u0142 go, \u017ce jest policjantem. Ten jednak podj\u0105\u0142 pr\u00f3b\u0119 ucieczki. Ju\u017c po chwili by\u0142 w r\u0119kach interweniuj\u0105cego policjanta. Funkcjonariusz obezw\u0142adni\u0142 m\u0119\u017cczyzn\u0119, a jeden ze \u015bwiadk\u00f3w zdarzenia poinformowa\u0142 o zdarzeniu dy\u017curnego ciechanowskiej komendy, kt\u00f3ry na miejsce skierowa\u0142 patrol.<\/p>\n<p class=\"Standard\" style=\"text-align: justify;\">Jak ustalili policjanci, zatrzymany 30-letni obywatel Ukrainy chwil\u0119 wcze\u015bniej w\u0142ama\u0142 si\u0119 do modu\u0142u p\u0142atniczego myjni samoobs\u0142ugowej, z kt\u00f3rego ukrad\u0142 1 400 z\u0142. Straty powsta\u0142e w wyniku uszkodzenia urz\u0105dzenia oszacowano na oko\u0142o 4 tysi\u0105ce z\u0142otych.<\/p>\n<p class=\"Standard\" style=\"text-align: justify;\">M\u0119\u017cczyzna zosta\u0142 zatrzymany w policyjnym areszcie. Podczas dalszych czynno\u015bci okaza\u0142o si\u0119, \u017ce zatrzymany mo\u017ce mie\u0107 zwi\u0105zek z co najmniej trzema podobnymi kradzie\u017cami dokonanymi w ostatnim miesi\u0105cu na terenie powiatu ciechanowskiego. Trwa post\u0119powanie ciechanowskich funkcjonariuszy maj\u0105ce na celu wyja\u015bnienie wszystkich okoliczno\u015bci tych zdarze\u0144.<\/p>\n<p class=\"Standard\" style=\"text-align: justify;\">Wczoraj (30.06) 30-latek us\u0142ysza\u0142 zarzuty kradzie\u017cy z w\u0142amaniem i uszkodzenia mienia. Teraz podejrzany odpowie przed s\u0105dem. Za pope\u0142nione przest\u0119pstwa\u00a0 grozi mu kara nawet do 10 lat pozbawienia wolno\u015bci.<\/p>\n<p class=\"Standard\" style=\"text-align: justify;\">Postawa funkcjonariusza, kt\u00f3ry nie zawaha\u0142 si\u0119 dzia\u0142a\u0107 mimo zako\u0144czonej s\u0142u\u017cby, jest wzorem ogromnego profesjonalizmu i zaanga\u017cowania.<\/p>\n<p class=\"Standard\" style=\"text-align: justify;\">Autor: asp. Magda Sakowska\/KPP w Ciechanowie<\/p>\n<div class=\"scriptlesssocialsharing__buttons\">\n<div>\n<div>\n<p style=\"text-align: justify;\"><strong>KOMENTARZE<\/strong><\/p>\n<p style=\"text-align: justify;\"><em>Wydawca portalu nie ponosi odpowiedzialno\u015bci za tre\u015b\u0107 komentarzy zamieszczanych przez u\u017cytkownik\u00f3w. Osoby zamieszczaj\u0105ce wypowiedzi naruszaj\u0105ce prawo lub prawem chronione dobra os\u00f3b trzecich mog\u0105 ponie\u015b\u0107 z tego tytu\u0142u odpowiedzialno\u015b\u0107 karn\u0105 lub cywiln\u0105.<\/em><strong><em>JEDNOCZE\u015aNIE UZYTKOWNICY ZAMIESZCZAJ\u0104C KOMENTARZ OSWIADCZAJ\u0104, \u017bE BIOR\u0104 PE\u0141N\u0104 ODPOWIEDZIALNO\u015a\u0106 ZA TRE\u015aCI UMIESZCZONE PRZEZ SIEBIE<\/em><\/strong><\/p>\n<\/div>\n<\/div>\n<\/div>\n<div style=\"padding-bottom:20px; padding-top:10px;\" class=\"hupso-share-buttons\"><!-- Hupso Share Buttons - https:\/\/www.hupso.com\/share\/ --><a class=\"hupso_pop\" href=\"https:\/\/www.hupso.com\/share\/\"><img decoding=\"async\" data-src=\"http:\/\/static.hupso.com\/share\/buttons\/button100x23.png\" style=\"border:0px; width:100; height: 23; \" alt=\"Share Button\" src=\"data:image\/svg+xml;base64,PHN2ZyB3aWR0aD0iMSIgaGVpZ2h0PSIxIiB4bWxucz0iaHR0cDovL3d3dy53My5vcmcvMjAwMC9zdmciPjwvc3ZnPg==\" class=\"lazyload\" \/><\/a><script type=\"text\/javascript\">var hupso_services=new Array(\"Twitter\",\"Facebook\",\"Pinterest\",\"Linkedin\",\"Tumblr\",\"StumbleUpon\",\"Digg\",\"Reddit\",\"Bebo\",\"Delicious\",\"QZone\",\"Renren\",\"Email\");var hupso_icon_type = \"labels\";var hupso_background=\"#3BF8FF\";var hupso_border=\"#FF2B0A\";var hupso_image_folder_url = \"\";var hupso_url=\"\";var hupso_title=\"Ciechan%C3%B3w.%20Po%20s%C5%82u%C5%BCbie%2C%20ale%20nadal%20w%20akcji%20%E2%80%93%20Naczelnik%20WPI%20ciechanowskiej%20komendy%20zatrzyma%C5%82%20z%C5%82odzieja%20na%20gor%C4%85cym%20uczynku%21\";<\/script><script type=\"text\/javascript\" src=\"http:\/\/static.hupso.com\/share\/js\/share.js\"><\/script><!-- Hupso Share Buttons --><\/div>","protected":false},"excerpt":{"rendered":"<p>Czujno\u015b\u0107 i szybka reakcja funkcjonariusza z Komendy Powiatowej Policji w Ciechanowie doprowadzi\u0142a do uj\u0119cia sprawcy kradzie\u017cy z w\u0142amaniem do myjni samoobs\u0142ugowej na jednej ze stacji paliw w Ciechanowie. Policjant wracaj\u0105c&hellip; <\/p>\n<div style=\"padding-bottom:20px; padding-top:10px;\" class=\"hupso-share-buttons\"><!-- Hupso Share Buttons - https:\/\/www.hupso.com\/share\/ --><a class=\"hupso_pop\" href=\"https:\/\/www.hupso.com\/share\/\"><img data-src=\"http:\/\/static.hupso.com\/share\/buttons\/button100x23.png\" style=\"border:0px; width:100; height: 23; \" alt=\"Share Button\" src=\"data:image\/svg+xml;base64,PHN2ZyB3aWR0aD0iMSIgaGVpZ2h0PSIxIiB4bWxucz0iaHR0cDovL3d3dy53My5vcmcvMjAwMC9zdmciPjwvc3ZnPg==\" class=\"lazyload\" \/><\/a><script type=\"text\/javascript\">var hupso_services=new Array(\"Twitter\",\"Facebook\",\"Pinterest\",\"Linkedin\",\"Tumblr\",\"StumbleUpon\",\"Digg\",\"Reddit\",\"Bebo\",\"Delicious\",\"QZone\",\"Renren\",\"Email\");var hupso_icon_type = \"labels\";var hupso_background=\"#3BF8FF\";var hupso_border=\"#FF2B0A\";var hupso_image_folder_url = \"\";var hupso_url=\"\";var hupso_title=\"Ciechan%C3%B3w.%20Po%20s%C5%82u%C5%BCbie%2C%20ale%20nadal%20w%20akcji%20%E2%80%93%20Naczelnik%20WPI%20ciechanowskiej%20komendy%20zatrzyma%C5%82%20z%C5%82odzieja%20na%20gor%C4%85cym%20uczynku%21\";<\/script><script type=\"text\/javascript\" src=\"http:\/\/static.hupso.com\/share\/js\/share.js\"><\/script><!-- Hupso Share Buttons --><\/div>","protected":false},"author":1,"featured_media":5280,"comment_status":"open","ping_status":"open","sticky":false,"template":"","format":"standard","meta":{"_acf_changed":false,"wprm-recipe-roundup-name":"","wprm-recipe-roundup-description":"","footnotes":""},"categories":[19,10,5],"tags":[],"class_list":["post-7368","post","type-post","status-publish","format-standard","has-post-thumbnail","hentry","category-aktualnosci","category-ciecha-now","category-na-sygnale"],"acf":[],"amp_enabled":true,"_links":{"self":[{"href":"http:\/\/portalm\u0142awa.pl\/index.php?rest_route=\/wp\/v2\/posts\/7368","targetHints":{"allow":["GET"]}}],"collection":[{"href":"http:\/\/portalm\u0142awa.pl\/index.php?rest_route=\/wp\/v2\/posts"}],"about":[{"href":"http:\/\/portalm\u0142awa.pl\/index.php?rest_route=\/wp\/v2\/types\/post"}],"author":[{"embeddable":true,"href":"http:\/\/portalm\u0142awa.pl\/index.php?rest_route=\/wp\/v2\/users\/1"}],"replies":[{"embeddable":true,"href":"http:\/\/portalm\u0142awa.pl\/index.php?rest_route=%2Fwp%2Fv2%2Fcomments&post=7368"}],"version-history":[{"count":1,"href":"http:\/\/portalm\u0142awa.pl\/index.php?rest_route=\/wp\/v2\/posts\/7368\/revisions"}],"predecessor-version":[{"id":7369,"href":"http:\/\/portalm\u0142awa.pl\/index.php?rest_route=\/wp\/v2\/posts\/7368\/revisions\/7369"}],"wp:featuredmedia":[{"embeddable":true,"href":"http:\/\/portalm\u0142awa.pl\/index.php?rest_route=\/wp\/v2\/media\/5280"}],"wp:attachment":[{"href":"http:\/\/portalm\u0142awa.pl\/index.php?rest_route=%2Fwp%2Fv2%2Fmedia&parent=7368"}],"wp:term":[{"taxonomy":"category","embeddable":true,"href":"http:\/\/portalm\u0142awa.pl\/index.php?rest_route=%2Fwp%2Fv2%2Fcategories&post=7368"},{"taxonomy":"post_tag","embeddable":true,"href":"http:\/\/portalm\u0142awa.pl\/index.php?rest_route=%2Fwp%2Fv2%2Ftags&post=7368"}],"curies":[{"name":"wp","href":"https:\/\/api.w.org\/{rel}","templated":true}]}}