{"id":7544,"date":"2025-07-08T11:34:16","date_gmt":"2025-07-08T09:34:16","guid":{"rendered":"http:\/\/portalm\u0142awa.pl\/?p=7544"},"modified":"2025-07-08T11:36:15","modified_gmt":"2025-07-08T09:36:15","slug":"mlawa-postaciami-zapisana-wyjatkowa-wystawa-plenerowa-juz-10-lipca","status":"publish","type":"post","link":"http:\/\/portalm\u0142awa.pl\/?p=7544","title":{"rendered":"&#8220;M\u0142awa postaciami zapisana&#8221; \u2013 wyj\u0105tkowa wystawa plenerowa ju\u017c 10 lipca!"},"content":{"rendered":"<p dir=\"ltr\" style=\"text-align: justify;\">Czwartek, 10 lipca 2025<br \/>\nGodzina 18:00<br \/>\nStary Rynek, przy pomniku \u015bw. Wojciecha<\/p>\n<p dir=\"ltr\" style=\"text-align: justify;\">M\u0142awianie \u2013 to nie tylko mieszka\u0144cy. To ludzie z pasj\u0105, wybitne osobowo\u015bci, kt\u00f3re w r\u00f3\u017cny spos\u00f3b zapisa\u0142y si\u0119 w historii naszego miasta. Ju\u017c niebawem b\u0119d\u0105 mieli Pa\u0144stwo okazj\u0119 pozna\u0107 ich bli\u017cej dzi\u0119ki wyj\u0105tkowej wystawie plenerowej \u201eM\u0142awa postaciami zapisana\u201d.<\/p>\n<p dir=\"ltr\" style=\"text-align: justify;\">To wydarzenie to nie tylko artystyczna prezentacja \u2013 to ho\u0142d z\u0142o\u017cony tym, kt\u00f3rzy swoj\u0105 prac\u0105, talentem i zaanga\u017cowaniem pozostawili trwa\u0142y \u015blad w dziejach M\u0142awy i Polski. Wystawa jest kontynuacj\u0105 niezwykle popularnego cyklu \u201eM\u0141AWIANIE\u201d, publikowanego od ponad czterech lat na Facebooku przez Stowarzyszenie M\u0142awa Miasto Zabytkowe. Co poniedzia\u0142ek poznajemy tam sylwetki os\u00f3b w r\u00f3\u017cny spos\u00f3b zwi\u0105zanych z M\u0142aw\u0105 \u2013 tych, kt\u00f3rzy tu si\u0119 urodzili i tych, kt\u00f3rych \u017cycie przywiod\u0142o do naszego miasta z innych stron.<\/p>\n<p dir=\"ltr\" style=\"text-align: justify;\">Na wystawie zaprezentowanych zostanie 63 wyj\u0105tkowych postaci \u2013 spo\u015br\u00f3d a\u017c 158 biogram\u00f3w opublikowanych dotychczas online. To naukowcy, arty\u015bci, spo\u0142ecznicy, pasjonaci, ludzie z charakterem i misj\u0105 \u2013 znani i ci mniej znani, a jednak zas\u0142uguj\u0105cy na uwag\u0119. Ka\u017cda sylwetka zosta\u0142a starannie opisana przez Andrzeja Dusi\u0144skiego, a portrety wykona\u0142 znany m\u0142awski artysta Zdzis\u0142aw Kruszy\u0144ski. Za projekt graficzny odpowiada Zuzanna Szymborska, a folder informacyjny przygotowa\u0142 Zbigniew Grzemski.<\/p>\n<p dir=\"ltr\" style=\"text-align: justify;\">Wystawa plenerowa to doskona\u0142y spos\u00f3b na to, by zaprosi\u0107 przechodni\u00f3w do refleksji i dumy z naszej lokalnej to\u017csamo\u015bci. Dzi\u0119ki niej mo\u017cemy lepiej pozna\u0107 ludzi, kt\u00f3rzy wsp\u00f3\u0142tworzyli oblicze naszego miasta \u2013 nie tylko w przesz\u0142o\u015bci, ale i dzi\u015b.<\/p>\n<p dir=\"ltr\" style=\"text-align: justify;\">To wi\u0119cej ni\u017c wystawa \u2013 to opowie\u015b\u0107 o M\u0142awie zapisana ludzkimi losami.<br \/>\nNie przegapcie tej okazji, by odkry\u0107 j\u0105 na nowo \u2013 poprzez postacie, kt\u00f3re pozostawi\u0142y po sobie warto\u015bciowy \u015blad.<\/p>\n<p dir=\"ltr\" style=\"text-align: justify;\">Wst\u0119p wolny. Zapraszamy ca\u0142e rodziny!<\/p>\n<p dir=\"ltr\" style=\"text-align: justify;\">Wydarzenie realizowane przez Stowarzyszenie M\u0142awa Miasto Zabytkowe<\/p>\n<p dir=\"ltr\" style=\"text-align: justify;\">Wsp\u00f3\u0142finansowane z bud\u017cetu Miasta M\u0142awa<\/p>\n<p dir=\"ltr\">T.B<\/p>\n<p style=\"text-align: justify;\"><strong>KOMENTARZE<\/strong><\/p>\n<p style=\"text-align: justify;\"><em>Wydawca portalu nie ponosi odpowiedzialno\u015bci za tre\u015b\u0107 komentarzy zamieszczanych przez u\u017cytkownik\u00f3w. Osoby zamieszczaj\u0105ce wypowiedzi naruszaj\u0105ce prawo lub prawem chronione dobra os\u00f3b trzecich mog\u0105 ponie\u015b\u0107 z tego tytu\u0142u odpowiedzialno\u015b\u0107 karn\u0105 lub cywiln\u0105.<b>JEDNOCZE\u015aNIE UZYTKOWNICY ZAMIESZCZAJ\u0104C KOMENTARZ OSWIADCZAJ\u0104, \u017bE BIOR\u0104 PE\u0141N\u0104 ODPOWIEDZIALNO\u015a\u0106 ZA TRE\u015aCI UMIESZCZONE PRZEZ SIEBIE<\/b><\/em><\/p>\n<div style=\"padding-bottom:20px; padding-top:10px;\" class=\"hupso-share-buttons\"><!-- Hupso Share Buttons - https:\/\/www.hupso.com\/share\/ --><a class=\"hupso_pop\" href=\"https:\/\/www.hupso.com\/share\/\"><img decoding=\"async\" data-src=\"http:\/\/static.hupso.com\/share\/buttons\/button100x23.png\" style=\"border:0px; width:100; height: 23; \" alt=\"Share Button\" src=\"data:image\/svg+xml;base64,PHN2ZyB3aWR0aD0iMSIgaGVpZ2h0PSIxIiB4bWxucz0iaHR0cDovL3d3dy53My5vcmcvMjAwMC9zdmciPjwvc3ZnPg==\" class=\"lazyload\" \/><\/a><script type=\"text\/javascript\">var hupso_services=new Array(\"Twitter\",\"Facebook\",\"Pinterest\",\"Linkedin\",\"Tumblr\",\"StumbleUpon\",\"Digg\",\"Reddit\",\"Bebo\",\"Delicious\",\"QZone\",\"Renren\",\"Email\");var hupso_icon_type = \"labels\";var hupso_background=\"#3BF8FF\";var hupso_border=\"#FF2B0A\";var hupso_image_folder_url = \"\";var hupso_url=\"\";var hupso_title=\"%22M%C5%82awa%20postaciami%20zapisana%22%20%E2%80%93%20wyj%C4%85tkowa%20wystawa%20plenerowa%20ju%C5%BC%2010%20lipca%21\";<\/script><script type=\"text\/javascript\" src=\"http:\/\/static.hupso.com\/share\/js\/share.js\"><\/script><!-- Hupso Share Buttons --><\/div>","protected":false},"excerpt":{"rendered":"<p>Czwartek, 10 lipca 2025 Godzina 18:00 Stary Rynek, przy pomniku \u015bw. Wojciecha M\u0142awianie \u2013 to nie tylko mieszka\u0144cy. To ludzie z pasj\u0105, wybitne osobowo\u015bci, kt\u00f3re w r\u00f3\u017cny spos\u00f3b zapisa\u0142y si\u0119&hellip; <\/p>\n<div style=\"padding-bottom:20px; padding-top:10px;\" class=\"hupso-share-buttons\"><!-- Hupso Share Buttons - https:\/\/www.hupso.com\/share\/ --><a class=\"hupso_pop\" href=\"https:\/\/www.hupso.com\/share\/\"><img data-src=\"http:\/\/static.hupso.com\/share\/buttons\/button100x23.png\" style=\"border:0px; width:100; height: 23; \" alt=\"Share Button\" src=\"data:image\/svg+xml;base64,PHN2ZyB3aWR0aD0iMSIgaGVpZ2h0PSIxIiB4bWxucz0iaHR0cDovL3d3dy53My5vcmcvMjAwMC9zdmciPjwvc3ZnPg==\" class=\"lazyload\" \/><\/a><script type=\"text\/javascript\">var hupso_services=new Array(\"Twitter\",\"Facebook\",\"Pinterest\",\"Linkedin\",\"Tumblr\",\"StumbleUpon\",\"Digg\",\"Reddit\",\"Bebo\",\"Delicious\",\"QZone\",\"Renren\",\"Email\");var hupso_icon_type = \"labels\";var hupso_background=\"#3BF8FF\";var hupso_border=\"#FF2B0A\";var hupso_image_folder_url = \"\";var hupso_url=\"\";var hupso_title=\"%22M%C5%82awa%20postaciami%20zapisana%22%20%E2%80%93%20wyj%C4%85tkowa%20wystawa%20plenerowa%20ju%C5%BC%2010%20lipca%21\";<\/script><script type=\"text\/javascript\" src=\"http:\/\/static.hupso.com\/share\/js\/share.js\"><\/script><!-- Hupso Share Buttons --><\/div>","protected":false},"author":1,"featured_media":7545,"comment_status":"open","ping_status":"open","sticky":false,"template":"","format":"standard","meta":{"_acf_changed":false,"wprm-recipe-roundup-name":"","wprm-recipe-roundup-description":"","footnotes":""},"categories":[19,3,28],"tags":[],"class_list":["post-7544","post","type-post","status-publish","format-standard","has-post-thumbnail","hentry","category-aktualnosci","category-kultura","category-wyd"],"acf":[],"amp_enabled":true,"_links":{"self":[{"href":"http:\/\/portalm\u0142awa.pl\/index.php?rest_route=\/wp\/v2\/posts\/7544","targetHints":{"allow":["GET"]}}],"collection":[{"href":"http:\/\/portalm\u0142awa.pl\/index.php?rest_route=\/wp\/v2\/posts"}],"about":[{"href":"http:\/\/portalm\u0142awa.pl\/index.php?rest_route=\/wp\/v2\/types\/post"}],"author":[{"embeddable":true,"href":"http:\/\/portalm\u0142awa.pl\/index.php?rest_route=\/wp\/v2\/users\/1"}],"replies":[{"embeddable":true,"href":"http:\/\/portalm\u0142awa.pl\/index.php?rest_route=%2Fwp%2Fv2%2Fcomments&post=7544"}],"version-history":[{"count":1,"href":"http:\/\/portalm\u0142awa.pl\/index.php?rest_route=\/wp\/v2\/posts\/7544\/revisions"}],"predecessor-version":[{"id":7546,"href":"http:\/\/portalm\u0142awa.pl\/index.php?rest_route=\/wp\/v2\/posts\/7544\/revisions\/7546"}],"wp:featuredmedia":[{"embeddable":true,"href":"http:\/\/portalm\u0142awa.pl\/index.php?rest_route=\/wp\/v2\/media\/7545"}],"wp:attachment":[{"href":"http:\/\/portalm\u0142awa.pl\/index.php?rest_route=%2Fwp%2Fv2%2Fmedia&parent=7544"}],"wp:term":[{"taxonomy":"category","embeddable":true,"href":"http:\/\/portalm\u0142awa.pl\/index.php?rest_route=%2Fwp%2Fv2%2Fcategories&post=7544"},{"taxonomy":"post_tag","embeddable":true,"href":"http:\/\/portalm\u0142awa.pl\/index.php?rest_route=%2Fwp%2Fv2%2Ftags&post=7544"}],"curies":[{"name":"wp","href":"https:\/\/api.w.org\/{rel}","templated":true}]}}