{"id":7559,"date":"2025-07-08T16:51:08","date_gmt":"2025-07-08T14:51:08","guid":{"rendered":"http:\/\/portalm\u0142awa.pl\/?p=7559"},"modified":"2025-07-08T16:51:08","modified_gmt":"2025-07-08T14:51:08","slug":"koniec-wakacyjnego-spokoju-uczniowie-wracaja-do-szkol-przez-blad-w-skrocie-ministerstwa","status":"publish","type":"post","link":"http:\/\/portalm\u0142awa.pl\/?p=7559","title":{"rendered":"Koniec wakacyjnego spokoju! Uczniowie wracaj\u0105 do szk\u00f3\u0142 przez\u2026 b\u0142\u0105d w skr\u00f3cie ministerstwa"},"content":{"rendered":"<div class=\"flex max-w-full flex-col grow\">\n<div class=\"min-h-8 text-message relative flex w-full flex-col items-end gap-2 text-start break-words whitespace-normal [.text-message+&amp;]:mt-5\" dir=\"auto\" data-message-author-role=\"assistant\" data-message-id=\"f962e2f4-4a25-4e69-9f7b-4bdc2b000aa1\" data-message-model-slug=\"gpt-4o\">\n<div class=\"flex w-full flex-col gap-1 empty:hidden first:pt-[3px]\">\n<div class=\"markdown prose dark:prose-invert w-full break-words light\">\n<p style=\"text-align: justify;\" data-start=\"95\" data-end=\"524\"><strong>Mia\u0142o by\u0107 s\u0142o\u0144ce, relaks i odpoczynek od szkolnych mur\u00f3w. Tymczasem wielu uczni\u00f3w w ca\u0142ej Polsce zmuszonych jest przerwa\u0107 wakacyjn\u0105 lab\u0119 i wr\u00f3ci\u0107 do szko\u0142y \u2014 nie po podr\u0119czniki, lecz po\u2026 nowe \u015bwiadectwa. Wszystko przez biurokratyczn\u0105 pomy\u0142k\u0119, kt\u00f3ra wywo\u0142a\u0142a spore zamieszanie. Na dokumentach ko\u0144coworocznych znalaz\u0142 si\u0119 nieprawid\u0142owy skr\u00f3t nazwy ministerstwa. Brzmi b\u0142aho? A jednak ten drobny b\u0142\u0105d mo\u017ce mie\u0107 powa\u017cne konsekwencje.<\/strong><\/p>\n<h3 style=\"text-align: justify;\" data-start=\"526\" data-end=\"566\">MEN czy MEiN? Biurokratyczna pu\u0142apka<\/h3>\n<p style=\"text-align: justify;\" data-start=\"568\" data-end=\"926\">Na \u015bwiadectwach, kt\u00f3re uczniowie odebrali w czerwcu, zamiast obowi\u0105zuj\u0105cego od 2023 roku skr\u00f3tu \u201eMEiN\u201d (Ministerstwo Edukacji i Nauki), wydrukowano \u201eMEN\u201d \u2014 nazw\u0119 obowi\u0105zuj\u0105c\u0105 przed zmian\u0105. Cho\u0107 na pierwszy rzut oka to detal, urz\u0119dnicza precyzja nie zna lito\u015bci. Niekt\u00f3re szko\u0142y \u015brednie ju\u017c zacz\u0119\u0142y odrzuca\u0107 dokumenty z b\u0142\u0119dnym oznaczeniem podczas rekrutacji.<\/p>\n<p style=\"text-align: justify;\" data-start=\"928\" data-end=\"1178\">\u2014 \u015awiadectwo szkolne to dokument pa\u0144stwowy, kt\u00f3rym kto\u015b mo\u017ce si\u0119 legitymowa\u0107 nawet po wielu latach. Nieprawid\u0142owo\u015bci w jego tre\u015bci mog\u0105 prowadzi\u0107 do powa\u017cnych w\u0105tpliwo\u015bci co do jego autentyczno\u015bci \u2014 t\u0142umaczy wiceministra edukacji Katarzyna Lubnauer.<\/p>\n<h3 style=\"text-align: justify;\" data-start=\"1180\" data-end=\"1233\">Rodzice i uczniowie zaskoczeni. Wakacje przerwane<\/h3>\n<p style=\"text-align: justify;\" data-start=\"1235\" data-end=\"1567\">O sprawie jako pierwsze poinformowa\u0142o radio RMF FM, a lawina ruszy\u0142a. Do redakcji zacz\u0119li zg\u0142asza\u0107 si\u0119 zaniepokojeni rodzice i uczniowie, kt\u00f3rych czeka teraz powr\u00f3t do szko\u0142y, by wymieni\u0107 dokumenty. Dla wielu to oznacza konieczno\u015b\u0107 ponownego dojazdu, oczekiwania w sekretariacie i stresuj\u0105cej konfrontacji z systemem, kt\u00f3ry zawi\u00f3d\u0142.<\/p>\n<p style=\"text-align: justify;\" data-start=\"1569\" data-end=\"1707\">\u2013 Nie do\u015b\u0107, \u017ce to my musimy poprawia\u0107 b\u0142\u0105d systemu, to jeszcze w \u015brodku wakacji! \u2013 komentuje jedna z uczennic z wojew\u00f3dztwa mazowieckiego.<\/p>\n<h3 style=\"text-align: justify;\" data-start=\"1709\" data-end=\"1752\">Ministerstwo reaguje, szko\u0142y poprawiaj\u0105<\/h3>\n<p style=\"text-align: justify;\" data-start=\"1754\" data-end=\"1990\">Resort edukacji wyda\u0142 oficjalny komunikat, w kt\u00f3rym przypomina, \u017ce obowi\u0105zuj\u0105cy wz\u00f3r \u015bwiadectwa zosta\u0142 okre\u015blony w rozporz\u0105dzeniu z 7 czerwca 2023 roku. Ka\u017cda szko\u0142a ma obowi\u0105zek stosowa\u0107 wy\u0142\u0105cznie ten wz\u00f3r \u2013 z poprawnym skr\u00f3tem \u201eMEiN\u201d.<\/p>\n<p style=\"text-align: justify;\" data-start=\"1992\" data-end=\"2198\">Magdalena Kaszulanis z ZNP zapewnia, \u017ce uczniowie maj\u0105 pe\u0142ne prawo do wymiany wadliwego dokumentu. \u2014 Procedura jest prosta. Stare \u015bwiadectwo zostaje anulowane, a szko\u0142a wystawia nowe, poprawione \u2014 wyja\u015bnia.<\/p>\n<p style=\"text-align: justify;\" data-start=\"2200\" data-end=\"2370\">Dyrektorzy szk\u00f3\u0142, w kt\u00f3rych wyst\u0105pi\u0142 b\u0142\u0105d, zapowiadaj\u0105 szybk\u0105 reakcj\u0119. W wi\u0119kszo\u015bci plac\u00f3wek nowa seria \u015bwiadectw ma by\u0107 gotowa do odbioru w ci\u0105gu najbli\u017cszych kilku dni.<\/p>\n<h3 style=\"text-align: justify;\" data-start=\"2372\" data-end=\"2394\">Wi\u0119cej ni\u017c pomy\u0142ka<\/h3>\n<p style=\"text-align: justify;\" data-start=\"2396\" data-end=\"2713\">To nie tylko kwestia formalna. Ten incydent pokazuje, jak drobna nie\u015bcis\u0142o\u015b\u0107 mo\u017ce wywo\u0142a\u0107 og\u00f3lnopolski kryzys zaufania do dokument\u00f3w pa\u0144stwowych. W dobie cyfryzacji i wysokich standard\u00f3w administracyjnych oczekujemy precyzji. A tu wystarczy jeden \u017ale zapisany skr\u00f3t, by tysi\u0105ce uczni\u00f3w musia\u0142o przerwa\u0107 swoje wakacje.<\/p>\n<p style=\"text-align: justify;\" data-start=\"2715\" data-end=\"2930\" data-is-last-node=\"\" data-is-only-node=\"\">Czy to tylko niefortunny zbieg okoliczno\u015bci, czy mo\u017ce dow\u00f3d na g\u0142\u0119bsze problemy w systemie edukacji? Jedno jest pewne \u2014 koniec roku szkolnego w 2025 roku na d\u0142ugo zapadnie w pami\u0119\u0107 jako ten, kt\u00f3ry\u2026 si\u0119 nie sko\u0144czy\u0142.<\/p>\n<\/div>\n<\/div>\n<\/div>\n<\/div>\n<div class=\"flex min-h-[46px] justify-start\" style=\"text-align: justify;\">\u0179r\u00f3d\u0142o RMF FM<\/div>\n<div>\n<p style=\"text-align: justify;\"><strong>KOMENTARZE<\/strong><\/p>\n<p style=\"text-align: justify;\"><em>Wydawca portalu nie ponosi odpowiedzialno\u015bci za tre\u015b\u0107 komentarzy zamieszczanych przez u\u017cytkownik\u00f3w. Osoby zamieszczaj\u0105ce wypowiedzi naruszaj\u0105ce prawo lub prawem chronione dobra os\u00f3b trzecich mog\u0105 ponie\u015b\u0107 z tego tytu\u0142u odpowiedzialno\u015b\u0107 karn\u0105 lub cywiln\u0105.<b>JEDNOCZE\u015aNIE UZYTKOWNICY ZAMIESZCZAJ\u0104C KOMENTARZ OSWIADCZAJ\u0104, \u017bE BIOR\u0104 PE\u0141N\u0104 ODPOWIEDZIALNO\u015a\u0106 ZA TRE\u015aCI UMIESZCZONE PRZEZ SIEBIE<\/b><\/em><\/p>\n<\/div>\n<div style=\"padding-bottom:20px; padding-top:10px;\" class=\"hupso-share-buttons\"><!-- Hupso Share Buttons - https:\/\/www.hupso.com\/share\/ --><a class=\"hupso_pop\" href=\"https:\/\/www.hupso.com\/share\/\"><img decoding=\"async\" data-src=\"http:\/\/static.hupso.com\/share\/buttons\/button100x23.png\" style=\"border:0px; width:100; height: 23; \" alt=\"Share Button\" src=\"data:image\/svg+xml;base64,PHN2ZyB3aWR0aD0iMSIgaGVpZ2h0PSIxIiB4bWxucz0iaHR0cDovL3d3dy53My5vcmcvMjAwMC9zdmciPjwvc3ZnPg==\" class=\"lazyload\" \/><\/a><script type=\"text\/javascript\">var hupso_services=new Array(\"Twitter\",\"Facebook\",\"Pinterest\",\"Linkedin\",\"Tumblr\",\"StumbleUpon\",\"Digg\",\"Reddit\",\"Bebo\",\"Delicious\",\"QZone\",\"Renren\",\"Email\");var hupso_icon_type = \"labels\";var hupso_background=\"#3BF8FF\";var hupso_border=\"#FF2B0A\";var hupso_image_folder_url = \"\";var hupso_url=\"\";var hupso_title=\"Koniec%20wakacyjnego%20spokoju%21%20Uczniowie%20wracaj%C4%85%20do%20szk%C3%B3%C5%82%20przez%E2%80%A6%20b%C5%82%C4%85d%20w%20skr%C3%B3cie%20ministerstwa\";<\/script><script type=\"text\/javascript\" src=\"http:\/\/static.hupso.com\/share\/js\/share.js\"><\/script><!-- Hupso Share Buttons --><\/div>","protected":false},"excerpt":{"rendered":"<p>Mia\u0142o by\u0107 s\u0142o\u0144ce, relaks i odpoczynek od szkolnych mur\u00f3w. Tymczasem wielu uczni\u00f3w w ca\u0142ej Polsce zmuszonych jest przerwa\u0107 wakacyjn\u0105 lab\u0119 i wr\u00f3ci\u0107 do szko\u0142y \u2014 nie po podr\u0119czniki, lecz po\u2026&hellip; <\/p>\n<div style=\"padding-bottom:20px; padding-top:10px;\" class=\"hupso-share-buttons\"><!-- Hupso Share Buttons - https:\/\/www.hupso.com\/share\/ --><a class=\"hupso_pop\" href=\"https:\/\/www.hupso.com\/share\/\"><img data-src=\"http:\/\/static.hupso.com\/share\/buttons\/button100x23.png\" style=\"border:0px; width:100; height: 23; \" alt=\"Share Button\" src=\"data:image\/svg+xml;base64,PHN2ZyB3aWR0aD0iMSIgaGVpZ2h0PSIxIiB4bWxucz0iaHR0cDovL3d3dy53My5vcmcvMjAwMC9zdmciPjwvc3ZnPg==\" class=\"lazyload\" \/><\/a><script type=\"text\/javascript\">var hupso_services=new Array(\"Twitter\",\"Facebook\",\"Pinterest\",\"Linkedin\",\"Tumblr\",\"StumbleUpon\",\"Digg\",\"Reddit\",\"Bebo\",\"Delicious\",\"QZone\",\"Renren\",\"Email\");var hupso_icon_type = \"labels\";var hupso_background=\"#3BF8FF\";var hupso_border=\"#FF2B0A\";var hupso_image_folder_url = \"\";var hupso_url=\"\";var hupso_title=\"Koniec%20wakacyjnego%20spokoju%21%20Uczniowie%20wracaj%C4%85%20do%20szk%C3%B3%C5%82%20przez%E2%80%A6%20b%C5%82%C4%85d%20w%20skr%C3%B3cie%20ministerstwa\";<\/script><script type=\"text\/javascript\" src=\"http:\/\/static.hupso.com\/share\/js\/share.js\"><\/script><!-- Hupso Share Buttons --><\/div>","protected":false},"author":1,"featured_media":7562,"comment_status":"open","ping_status":"open","sticky":false,"template":"","format":"standard","meta":{"_acf_changed":false,"wprm-recipe-roundup-name":"","wprm-recipe-roundup-description":"","footnotes":""},"categories":[19,9,3,14,28],"tags":[],"class_list":["post-7559","post","type-post","status-publish","format-standard","has-post-thumbnail","hentry","category-aktualnosci","category-kr-aj","category-kultura","category-mazo-wsze","category-wyd"],"acf":[],"amp_enabled":true,"_links":{"self":[{"href":"http:\/\/portalm\u0142awa.pl\/index.php?rest_route=\/wp\/v2\/posts\/7559","targetHints":{"allow":["GET"]}}],"collection":[{"href":"http:\/\/portalm\u0142awa.pl\/index.php?rest_route=\/wp\/v2\/posts"}],"about":[{"href":"http:\/\/portalm\u0142awa.pl\/index.php?rest_route=\/wp\/v2\/types\/post"}],"author":[{"embeddable":true,"href":"http:\/\/portalm\u0142awa.pl\/index.php?rest_route=\/wp\/v2\/users\/1"}],"replies":[{"embeddable":true,"href":"http:\/\/portalm\u0142awa.pl\/index.php?rest_route=%2Fwp%2Fv2%2Fcomments&post=7559"}],"version-history":[{"count":1,"href":"http:\/\/portalm\u0142awa.pl\/index.php?rest_route=\/wp\/v2\/posts\/7559\/revisions"}],"predecessor-version":[{"id":7563,"href":"http:\/\/portalm\u0142awa.pl\/index.php?rest_route=\/wp\/v2\/posts\/7559\/revisions\/7563"}],"wp:featuredmedia":[{"embeddable":true,"href":"http:\/\/portalm\u0142awa.pl\/index.php?rest_route=\/wp\/v2\/media\/7562"}],"wp:attachment":[{"href":"http:\/\/portalm\u0142awa.pl\/index.php?rest_route=%2Fwp%2Fv2%2Fmedia&parent=7559"}],"wp:term":[{"taxonomy":"category","embeddable":true,"href":"http:\/\/portalm\u0142awa.pl\/index.php?rest_route=%2Fwp%2Fv2%2Fcategories&post=7559"},{"taxonomy":"post_tag","embeddable":true,"href":"http:\/\/portalm\u0142awa.pl\/index.php?rest_route=%2Fwp%2Fv2%2Ftags&post=7559"}],"curies":[{"name":"wp","href":"https:\/\/api.w.org\/{rel}","templated":true}]}}