{"id":7706,"date":"2025-07-11T22:32:49","date_gmt":"2025-07-11T20:32:49","guid":{"rendered":"http:\/\/portalm\u0142awa.pl\/?p=7706"},"modified":"2025-07-11T23:19:30","modified_gmt":"2025-07-11T21:19:30","slug":"wieczor-pelen-wzruszen-i-dumy-mlawa-uhonorowala-swoich-bohaterow","status":"publish","type":"post","link":"http:\/\/portalm\u0142awa.pl\/?p=7706","title":{"rendered":"Wiecz\u00f3r pe\u0142en wzrusze\u0144 i dumy \u2013 M\u0142awa uhonorowa\u0142a swoich bohater\u00f3w!"},"content":{"rendered":"<p dir=\"ltr\" style=\"text-align: justify;\">\u201eLaureaci tytu\u0142u M\u0142awianin Roku 1999\u20132023\u201d \u2013 wyj\u0105tkowa publikacja i jeszcze bardziej wyj\u0105tkowe spotkanie<\/p>\n<p dir=\"ltr\" style=\"text-align: justify;\">11 lipca 2025 roku w Sali Koncertowej Pa\u0144stwowej Szko\u0142y Muzycznej im. A. Krzanowskiego odby\u0142o si\u0119 niezwyk\u0142e wydarzenie \u2013 promocja publikacji \u201eLaureaci tytu\u0142u M\u0142awianin Roku 1999\u20132023\u201d. Spotkanie zgromadzi\u0142o laureat\u00f3w, ich rodziny, przedstawicieli w\u0142adz miasta, cz\u0142onk\u00f3w Towarzystwa Przyjaci\u00f3\u0142 Ziemi M\u0142awskiej oraz licznych mieszka\u0144c\u00f3w, kt\u00f3rzy przyszli, by uhonorowa\u0107 tych, kt\u00f3rzy od lat kszta\u0142tuj\u0105 lokaln\u0105 rzeczywisto\u015b\u0107.<\/p>\n<p dir=\"ltr\" style=\"text-align: justify;\">\u00a0<strong>Nie tylko ksi\u0105\u017cka \u2013 opowie\u015b\u0107 o sile spo\u0142eczno\u015bci<\/strong><br \/>\nPublikacja, kt\u00f3r\u0105 zaprezentowano podczas wydarzenia, to co\u015b znacznie wi\u0119cej ni\u017c zbi\u00f3r biogram\u00f3w. To dokument historyczny i zarazem poruszaj\u0105ca opowie\u015b\u0107 o ludziach z pasj\u0105, kt\u00f3rzy swoj\u0105 prac\u0105, zaanga\u017cowaniem i sercem na trwa\u0142e zapisali si\u0119 w historii M\u0142awy. Laureaci \u2013 to nauczyciele, lekarze, dzia\u0142acze spo\u0142eczni, arty\u015bci, sportowcy i przedsi\u0119biorcy \u2013 ludzie r\u00f3\u017cnych profesji, ale z jednym wsp\u00f3lnym mianownikiem: mi\u0142o\u015bci\u0105 do miasta i ch\u0119ci\u0105 czynienia dobra.<\/p>\n<p dir=\"ltr\" style=\"text-align: justify;\">&#8211; To oni tworzyli i tworz\u0105 M\u0142aw\u0119 tak\u0105, jak\u0105 znamy.\u00a0 To wa\u017cne \u017ceby mieszka\u0144cy miasta M\u0142awy wiedzieli jaki wk\u0142ad pracy w\u0142o\u017cyli w rozw\u00f3j miasta ci Pa\u0144stwo wymienieni w tej publikacji. A w\u015br\u00f3d nich by\u0142o du\u017co os\u00f3b zwi\u0105zanych z nauk\u0105, o\u015bwiat\u0105, nauczycieli \u2013 m\u00f3wi\u0142a Anna Cicholska Pos\u0142anka na Sejm III RP.<\/p>\n<p dir=\"ltr\" style=\"text-align: justify;\">\u2013 Ich dzia\u0142ania wp\u0142ywa\u0142y na \u017cycie wielu z nas \u2013 cz\u0119sto cicho, bez rozg\u0142osu, ale z ogromnym efektem. A mia\u0142em okazj\u0119 spotyka\u0107 si\u0119 i wsp\u00f3\u0142pracowa\u0107 z niekt\u00f3rymi z laureat\u00f3w wymienionych w ksi\u0105\u017cce kszta\u0142towa\u0142o nasze \u017cycie zar\u00f3wno w dzieci\u0144stwie jak i w doros\u0142ym \u017cyciu &#8211; podkre\u015bli\u0142 Tomasz Chodubski W-ce Starosta Powiatu M\u0142awskiego<\/p>\n<p dir=\"ltr\" style=\"text-align: justify;\"><strong>Oprawa muzyczna i chwile wzrusze\u0144<\/strong><br \/>\nWiecz\u00f3r mia\u0142 nie tylko oficjalny, ale i emocjonalny wymiar. Podczas wspomnie\u0144 o poszczeg\u00f3lnych laureatach nie zabrak\u0142o wzrusze\u0144. Sala wielokrotnie rozbrzmiewa\u0142a oklaskami \u2013 zar\u00f3wno dla tych obecnych, jak i dla tych, kt\u00f3rzy zostali ju\u017c tylko we wspomnieniach. Ca\u0142o\u015bci towarzyszy\u0142a nastrojowa oprawa muzyczna, kt\u00f3ra idealnie dope\u0142ni\u0142a atmosfer\u0119 refleksji i dumy. Muzycznych niezapomnianych wra\u017ce\u0144 dostarczy\u0142a przyby\u0142ym \u015bpiewaczka z Ciechanowa Joanna Kiszkurno.<\/p>\n<p dir=\"ltr\" style=\"text-align: justify;\"><strong>Warto by\u0142o tam by\u0107!<\/strong><br \/>\nWydarzenie pokaza\u0142o, jak silna i z\u017cyta jest spo\u0142eczno\u015b\u0107 M\u0142awy. Spotkanie promuj\u0105ce publikacj\u0119 sta\u0142o si\u0119 okazj\u0105 nie tylko do uhonorowania laureat\u00f3w, ale r\u00f3wnie\u017c do rozm\u00f3w, wspomnie\u0144 i budowania wsp\u00f3lnej to\u017csamo\u015bci.<\/p>\n<p dir=\"ltr\" style=\"text-align: justify;\">Publikacja \u201eLaureaci tytu\u0142u M\u0142awianin Roku 1999\u20132023\u201d to obowi\u0105zkowa lektura dla ka\u017cdego, kto chce zrozumie\u0107, czym naprawd\u0119 jest lokalny patriotyzm i jak ogromn\u0105 warto\u015b\u0107 maj\u0105 ludzie dzia\u0142aj\u0105cy z potrzeby serca.<\/p>\n<p dir=\"ltr\"><\/p>\n<p dir=\"ltr\">T.B<\/p>\n<p style=\"text-align: justify;\"><strong>KOMENTARZE<\/strong><\/p>\n<p style=\"text-align: justify;\"><em>Wydawca portalu nie ponosi odpowiedzialno\u015bci za tre\u015b\u0107 komentarzy zamieszczanych przez u\u017cytkownik\u00f3w. Osoby zamieszczaj\u0105ce wypowiedzi naruszaj\u0105ce prawo lub prawem chronione dobra os\u00f3b trzecich mog\u0105 ponie\u015b\u0107 z tego tytu\u0142u odpowiedzialno\u015b\u0107 karn\u0105 lub cywiln\u0105.<b>JEDNOCZE\u015aNIE UZYTKOWNICY ZAMIESZCZAJ\u0104C KOMENTARZ OSWIADCZAJ\u0104, \u017bE BIOR\u0104 PE\u0141N\u0104 ODPOWIEDZIALNO\u015a\u0106 ZA TRE\u015aCI UMIESZCZONE PRZEZ SIEBIE<\/b><\/em><\/p>\n<div style=\"padding-bottom:20px; padding-top:10px;\" class=\"hupso-share-buttons\"><!-- Hupso Share Buttons - https:\/\/www.hupso.com\/share\/ --><a class=\"hupso_pop\" href=\"https:\/\/www.hupso.com\/share\/\"><img decoding=\"async\" data-src=\"http:\/\/static.hupso.com\/share\/buttons\/button100x23.png\" style=\"border:0px; width:100; height: 23; \" alt=\"Share Button\" src=\"data:image\/svg+xml;base64,PHN2ZyB3aWR0aD0iMSIgaGVpZ2h0PSIxIiB4bWxucz0iaHR0cDovL3d3dy53My5vcmcvMjAwMC9zdmciPjwvc3ZnPg==\" class=\"lazyload\" \/><\/a><script type=\"text\/javascript\">var hupso_services=new Array(\"Twitter\",\"Facebook\",\"Pinterest\",\"Linkedin\",\"Tumblr\",\"StumbleUpon\",\"Digg\",\"Reddit\",\"Bebo\",\"Delicious\",\"QZone\",\"Renren\",\"Email\");var hupso_icon_type = \"labels\";var hupso_background=\"#3BF8FF\";var hupso_border=\"#FF2B0A\";var hupso_image_folder_url = \"\";var hupso_url=\"\";var hupso_title=\"Wiecz%C3%B3r%20pe%C5%82en%20wzrusze%C5%84%20i%20dumy%20%E2%80%93%20M%C5%82awa%20uhonorowa%C5%82a%20swoich%20bohater%C3%B3w%21\";<\/script><script type=\"text\/javascript\" src=\"http:\/\/static.hupso.com\/share\/js\/share.js\"><\/script><!-- Hupso Share Buttons --><\/div>","protected":false},"excerpt":{"rendered":"<p>\u201eLaureaci tytu\u0142u M\u0142awianin Roku 1999\u20132023\u201d \u2013 wyj\u0105tkowa publikacja i jeszcze bardziej wyj\u0105tkowe spotkanie 11 lipca 2025 roku w Sali Koncertowej Pa\u0144stwowej Szko\u0142y Muzycznej im. A. Krzanowskiego odby\u0142o si\u0119 niezwyk\u0142e wydarzenie&hellip; <\/p>\n<div style=\"padding-bottom:20px; padding-top:10px;\" class=\"hupso-share-buttons\"><!-- Hupso Share Buttons - https:\/\/www.hupso.com\/share\/ --><a class=\"hupso_pop\" href=\"https:\/\/www.hupso.com\/share\/\"><img data-src=\"http:\/\/static.hupso.com\/share\/buttons\/button100x23.png\" style=\"border:0px; width:100; height: 23; \" alt=\"Share Button\" src=\"data:image\/svg+xml;base64,PHN2ZyB3aWR0aD0iMSIgaGVpZ2h0PSIxIiB4bWxucz0iaHR0cDovL3d3dy53My5vcmcvMjAwMC9zdmciPjwvc3ZnPg==\" class=\"lazyload\" \/><\/a><script type=\"text\/javascript\">var hupso_services=new Array(\"Twitter\",\"Facebook\",\"Pinterest\",\"Linkedin\",\"Tumblr\",\"StumbleUpon\",\"Digg\",\"Reddit\",\"Bebo\",\"Delicious\",\"QZone\",\"Renren\",\"Email\");var hupso_icon_type = \"labels\";var hupso_background=\"#3BF8FF\";var hupso_border=\"#FF2B0A\";var hupso_image_folder_url = \"\";var hupso_url=\"\";var hupso_title=\"Wiecz%C3%B3r%20pe%C5%82en%20wzrusze%C5%84%20i%20dumy%20%E2%80%93%20M%C5%82awa%20uhonorowa%C5%82a%20swoich%20bohater%C3%B3w%21\";<\/script><script type=\"text\/javascript\" src=\"http:\/\/static.hupso.com\/share\/js\/share.js\"><\/script><!-- Hupso Share Buttons --><\/div>","protected":false},"author":1,"featured_media":7727,"comment_status":"open","ping_status":"open","sticky":false,"template":"","format":"standard","meta":{"_acf_changed":false,"wprm-recipe-roundup-name":"","wprm-recipe-roundup-description":"","footnotes":""},"categories":[19,3,28],"tags":[],"class_list":["post-7706","post","type-post","status-publish","format-standard","has-post-thumbnail","hentry","category-aktualnosci","category-kultura","category-wyd"],"acf":[],"amp_enabled":true,"_links":{"self":[{"href":"http:\/\/portalm\u0142awa.pl\/index.php?rest_route=\/wp\/v2\/posts\/7706","targetHints":{"allow":["GET"]}}],"collection":[{"href":"http:\/\/portalm\u0142awa.pl\/index.php?rest_route=\/wp\/v2\/posts"}],"about":[{"href":"http:\/\/portalm\u0142awa.pl\/index.php?rest_route=\/wp\/v2\/types\/post"}],"author":[{"embeddable":true,"href":"http:\/\/portalm\u0142awa.pl\/index.php?rest_route=\/wp\/v2\/users\/1"}],"replies":[{"embeddable":true,"href":"http:\/\/portalm\u0142awa.pl\/index.php?rest_route=%2Fwp%2Fv2%2Fcomments&post=7706"}],"version-history":[{"count":2,"href":"http:\/\/portalm\u0142awa.pl\/index.php?rest_route=\/wp\/v2\/posts\/7706\/revisions"}],"predecessor-version":[{"id":7736,"href":"http:\/\/portalm\u0142awa.pl\/index.php?rest_route=\/wp\/v2\/posts\/7706\/revisions\/7736"}],"wp:featuredmedia":[{"embeddable":true,"href":"http:\/\/portalm\u0142awa.pl\/index.php?rest_route=\/wp\/v2\/media\/7727"}],"wp:attachment":[{"href":"http:\/\/portalm\u0142awa.pl\/index.php?rest_route=%2Fwp%2Fv2%2Fmedia&parent=7706"}],"wp:term":[{"taxonomy":"category","embeddable":true,"href":"http:\/\/portalm\u0142awa.pl\/index.php?rest_route=%2Fwp%2Fv2%2Fcategories&post=7706"},{"taxonomy":"post_tag","embeddable":true,"href":"http:\/\/portalm\u0142awa.pl\/index.php?rest_route=%2Fwp%2Fv2%2Ftags&post=7706"}],"curies":[{"name":"wp","href":"https:\/\/api.w.org\/{rel}","templated":true}]}}