{"id":7904,"date":"2025-07-14T11:51:01","date_gmt":"2025-07-14T09:51:01","guid":{"rendered":"http:\/\/portalm\u0142awa.pl\/?p=7904"},"modified":"2025-07-14T11:54:38","modified_gmt":"2025-07-14T09:54:38","slug":"petarda-na-final-zespol-bubliczki-rozgrzal-mlawe-do-czerwonosci","status":"publish","type":"post","link":"http:\/\/portalm\u0142awa.pl\/?p=7904","title":{"rendered":"PETARDA NA FINA\u0141! Zesp\u00f3\u0142 BUBLICZKI rozgrza\u0142 M\u0142aw\u0119 do czerwono\u015bci!"},"content":{"rendered":"<div class=\"flex max-w-full flex-col grow\">\n<div class=\"min-h-8 text-message relative flex w-full flex-col items-end gap-2 text-start break-words whitespace-normal [.text-message+&amp;]:mt-5\" dir=\"auto\" data-message-author-role=\"assistant\" data-message-id=\"e2518e9f-8817-458a-b710-264581823d89\" data-message-model-slug=\"gpt-4o\">\n<div class=\"flex w-full flex-col gap-1 empty:hidden first:pt-[3px]\">\n<div class=\"markdown prose dark:prose-invert w-full break-words light\">\n<p style=\"text-align: justify;\" data-start=\"0\" data-end=\"142\"><strong><em data-start=\"78\" data-end=\"140\">13 lipca 2025 \u2013 ten koncert przejdzie do historii Dni M\u0142awy! <\/em>Gdy ostatni dzie\u0144 \u015bwi\u0119ta miasta dobiega\u0142 ko\u0144ca, a publiczno\u015b\u0107 powoli oswaja\u0142a si\u0119 z my\u015bl\u0105 o ciszy po koncertowym szale\u0144stwie, dyrektor MDK M\u0142awa zagra\u0142a najmocniejsz\u0105 kart\u0119 \u2013 i to by\u0142 majstersztyk programowy. Na scen\u0119 wkroczy\u0142 zesp\u00f3\u0142, kt\u00f3ry nie bierze je\u0144c\u00f3w \u2013 BUBLICZKI.<\/strong><\/p>\n<p style=\"text-align: justify;\" data-start=\"427\" data-end=\"581\">Od pierwszych d\u017awi\u0119k\u00f3w by\u0142o jasne: <strong data-start=\"462\" data-end=\"581\">to nie b\u0119dzie zwyk\u0142y koncert. To b\u0119dzie trz\u0119sienie ziemi, ba\u0142ka\u0144ski huragan z kaszubskim sercem i klezmersk\u0105 dusz\u0105.<\/strong><\/p>\n<p style=\"text-align: justify;\" data-start=\"583\" data-end=\"936\"><strong data-start=\"586\" data-end=\"643\">Scena zap\u0142on\u0119\u0142a, a publiczno\u015b\u0107 \u2013 oszala\u0142a z zachwytu.<\/strong><br data-start=\"643\" data-end=\"646\" \/>Ka\u017cdy takt, ka\u017cdy riff akordeonu, ka\u017cdy pulsuj\u0105cy rytm perkusji rozsadza\u0142 sal\u0119 kina od \u015brodka. Widzowie nie wytrzymali \u2013 rzucili si\u0119 w taniec, klaszcz\u0105c, podryguj\u0105c, wykrzykuj\u0105c z rado\u015bci. Energia, jak\u0105 wytworzyli muzycy, <strong data-start=\"868\" data-end=\"935\">przebi\u0142a wszystko, co wydarzy\u0142o si\u0119 wcze\u015bniej podczas Dni M\u0142awy<\/strong>.<\/p>\n<h3 style=\"text-align: justify;\" data-start=\"938\" data-end=\"983\">Kim s\u0105 ci, kt\u00f3rzy porwali serca M\u0142awy?<\/h3>\n<p style=\"text-align: justify;\" data-start=\"985\" data-end=\"1482\"><strong data-start=\"985\" data-end=\"998\">BUBLICZKI<\/strong> to siedmioosobowa grupa, kt\u00f3ra powsta\u0142a w 2007 roku w <strong data-start=\"1053\" data-end=\"1077\">Brusach na Kaszubach<\/strong>, z inicjatywy charyzmatycznego akordeonisty i wokalisty <strong data-start=\"1134\" data-end=\"1160\">Mateusza Czarnowskiego<\/strong> \u2013 wcze\u015bniej zwi\u0105zanego z Kaszubskim Zespo\u0142em Folklorystycznym \u201eKrebane\u201d. Zesp\u00f3\u0142 pocz\u0105tkowo wyst\u0119powa\u0142 jako <strong data-start=\"1268\" data-end=\"1304\">Bubliczki Cashubian Klezmer Band<\/strong>, p\u00f3\u017aniej przekszta\u0142caj\u0105c si\u0119 w <strong data-start=\"1336\" data-end=\"1371\">Bubliczki Cashubian Brass Banda<\/strong>, by ostatecznie zosta\u0107 po prostu <strong data-start=\"1405\" data-end=\"1420\">BUBLICZKAMI<\/strong> \u2013 nazw\u0105, kt\u00f3ra dzi\u015b elektryzuje ka\u017cd\u0105 folkow\u0105 scen\u0119 w Polsce.<\/p>\n<p style=\"text-align: justify;\" data-start=\"1484\" data-end=\"1739\">Ich muzyka to <strong data-start=\"1498\" data-end=\"1586\">eksploduj\u0105ca mieszanka rytm\u00f3w ba\u0142ka\u0144skich, klezmerskich, cyga\u0144skich oraz kaszubskich<\/strong>, podana z tak\u0105 energi\u0105, \u017ce nawet \u015bciany dr\u017c\u0105 w takt b\u0119bn\u00f3w. Nie ma tu fa\u0142szywych nut, nie ma nudy \u2013 jest tylko <strong data-start=\"1698\" data-end=\"1736\">czysta, nieokie\u0142znana pasja grania<\/strong>.<\/p>\n<p style=\"text-align: justify;\" data-start=\"1741\" data-end=\"2127\">Zesp\u00f3\u0142 ma na koncie trzy znakomite albumy:<br data-start=\"1783\" data-end=\"1786\" \/>\ud83c\udfb5 <em data-start=\"1789\" data-end=\"1798\">\u201eOpaa!\u201d<\/em> (2010) \u2013 debiutancki, z przytupem otwieraj\u0105cy im drzwi do folkowej sceny.<br data-start=\"1872\" data-end=\"1875\" \/>\ud83c\udfb5 <em data-start=\"1878\" data-end=\"1891\">\u201eTrubalkan\u201d<\/em> (2013) \u2013 uznany za jeden z najlepszych folkowych album\u00f3w roku, zdobywca III miejsca w konkursie Folkowy Fonogram Roku Programu 2 Polskiego Radia.<br data-start=\"2037\" data-end=\"2040\" \/>\ud83c\udfb5 <em data-start=\"2043\" data-end=\"2056\">\u201eTurbofolk\u201d<\/em> (2016) \u2013 najbardziej dojrza\u0142a, ale nadal dzika i nieposkromiona p\u0142yta.<\/p>\n<p style=\"text-align: justify;\" data-start=\"2129\" data-end=\"2258\">Regularnie koncertuj\u0105 na najwi\u0119kszych festiwalach folkowych w Polsce \u2013 <strong data-start=\"2200\" data-end=\"2256\">ale to, co zrobili w M\u0142awie, to by\u0142a klasa \u015bwiatowa.<\/strong><\/p>\n<h3 style=\"text-align: justify;\" data-start=\"2260\" data-end=\"2288\">\u00a0To nie by\u0142 koncert.<\/h3>\n<p style=\"text-align: justify;\" data-start=\"2289\" data-end=\"2386\">To by\u0142 <strong data-start=\"2296\" data-end=\"2306\">\u017cywio\u0142<\/strong>, kt\u00f3ry rozpali\u0142 serca i zostawi\u0142 po sobie tylko jedno uczucie \u2013 <strong data-start=\"2371\" data-end=\"2383\">niedosyt<\/strong>.<\/p>\n<p style=\"text-align: justify;\" data-start=\"2388\" data-end=\"2580\"><strong data-start=\"2388\" data-end=\"2440\">Brawa na stoj\u0105co trwa\u0142y d\u0142ugo po ostatnim bisie.<\/strong> Ludzie nie chcieli wychodzi\u0107. Ta noc t\u0119tni\u0142a muzyk\u0105 jeszcze d\u0142ugo po zako\u0144czeniu wyst\u0119pu \u2013 w sercach, w g\u0142owach, w rozta\u0144czonych stopach.<\/p>\n<p style=\"text-align: justify;\" data-start=\"2582\" data-end=\"2713\"><strong data-start=\"2585\" data-end=\"2616\">Kto nie by\u0142 \u2013 niech \u017ca\u0142uje.<\/strong><br data-start=\"2616\" data-end=\"2619\" \/>Bo nie ogl\u0105da\u0142 koncertu.<br data-start=\"2643\" data-end=\"2646\" \/>Ogl\u0105da\u0142 <strong data-start=\"2654\" data-end=\"2710\">czysty ogie\u0144, rado\u015b\u0107 i wolno\u015b\u0107 zamkni\u0119t\u0105 w d\u017awi\u0119kach<\/strong>.<\/p>\n<p data-start=\"2582\" data-end=\"2713\">T.B<\/p>\n<p data-start=\"2582\" data-end=\"2713\">\n<\/div>\n<\/div>\n<\/div>\n<\/div>\n<p data-start=\"2582\" data-end=\"2713\"><iframe style=\"border: none; overflow: hidden;\" data-src=\"https:\/\/www.facebook.com\/plugins\/video.php?height=476&amp;href=https%3A%2F%2Fwww.facebook.com%2F100069258669354%2Fvideos%2F1188455713299269%2F&amp;show_text=false&amp;width=267&amp;t=0\" width=\"267\" height=\"476\" frameborder=\"0\" scrolling=\"no\" allowfullscreen=\"allowfullscreen\" src=\"data:image\/svg+xml;base64,PHN2ZyB3aWR0aD0iMSIgaGVpZ2h0PSIxIiB4bWxucz0iaHR0cDovL3d3dy53My5vcmcvMjAwMC9zdmciPjwvc3ZnPg==\" class=\"lazyload\" data-load-mode=\"1\"><\/iframe><\/p>\n<div class=\"flex min-h-[46px] justify-start\">\n<div><\/div>\n<\/div>\n<div>\n<div class=\"flex min-h-[46px] justify-start\">\n<p style=\"text-align: justify;\"><strong>KOMENTARZE<\/strong><\/p>\n<p style=\"text-align: justify;\"><em>Wydawca portalu nie ponosi odpowiedzialno\u015bci za tre\u015b\u0107 komentarzy zamieszczanych przez u\u017cytkownik\u00f3w. Osoby zamieszczaj\u0105ce wypowiedzi naruszaj\u0105ce prawo lub prawem chronione dobra os\u00f3b trzecich mog\u0105 ponie\u015b\u0107 z tego tytu\u0142u odpowiedzialno\u015b\u0107 karn\u0105 lub cywiln\u0105.<b>JEDNOCZE\u015aNIE UZYTKOWNICY ZAMIESZCZAJ\u0104C KOMENTARZ OSWIADCZAJ\u0104, \u017bE BIOR\u0104 PE\u0141N\u0104 ODPOWIEDZIALNO\u015a\u0106 ZA TRE\u015aCI UMIESZCZONE PRZEZ SIEBIE<\/b><\/em><\/p>\n<\/div>\n<\/div>\n<div><\/div>\n<div style=\"padding-bottom:20px; padding-top:10px;\" class=\"hupso-share-buttons\"><!-- Hupso Share Buttons - https:\/\/www.hupso.com\/share\/ --><a class=\"hupso_pop\" href=\"https:\/\/www.hupso.com\/share\/\"><img decoding=\"async\" data-src=\"http:\/\/static.hupso.com\/share\/buttons\/button100x23.png\" style=\"border:0px; width:100; height: 23; \" alt=\"Share Button\" src=\"data:image\/svg+xml;base64,PHN2ZyB3aWR0aD0iMSIgaGVpZ2h0PSIxIiB4bWxucz0iaHR0cDovL3d3dy53My5vcmcvMjAwMC9zdmciPjwvc3ZnPg==\" class=\"lazyload\" \/><\/a><script type=\"text\/javascript\">var hupso_services=new Array(\"Twitter\",\"Facebook\",\"Pinterest\",\"Linkedin\",\"Tumblr\",\"StumbleUpon\",\"Digg\",\"Reddit\",\"Bebo\",\"Delicious\",\"QZone\",\"Renren\",\"Email\");var hupso_icon_type = \"labels\";var hupso_background=\"#3BF8FF\";var hupso_border=\"#FF2B0A\";var hupso_image_folder_url = \"\";var hupso_url=\"\";var hupso_title=\"PETARDA%20NA%20FINA%C5%81%21%20Zesp%C3%B3%C5%82%20BUBLICZKI%20rozgrza%C5%82%20M%C5%82aw%C4%99%20do%20czerwono%C5%9Bci%21\";<\/script><script type=\"text\/javascript\" src=\"http:\/\/static.hupso.com\/share\/js\/share.js\"><\/script><!-- Hupso Share Buttons --><\/div>","protected":false},"excerpt":{"rendered":"<p>13 lipca 2025 \u2013 ten koncert przejdzie do historii Dni M\u0142awy! Gdy ostatni dzie\u0144 \u015bwi\u0119ta miasta dobiega\u0142 ko\u0144ca, a publiczno\u015b\u0107 powoli oswaja\u0142a si\u0119 z my\u015bl\u0105 o ciszy po koncertowym szale\u0144stwie,&hellip; <\/p>\n<div style=\"padding-bottom:20px; padding-top:10px;\" class=\"hupso-share-buttons\"><!-- Hupso Share Buttons - https:\/\/www.hupso.com\/share\/ --><a class=\"hupso_pop\" href=\"https:\/\/www.hupso.com\/share\/\"><img data-src=\"http:\/\/static.hupso.com\/share\/buttons\/button100x23.png\" style=\"border:0px; width:100; height: 23; \" alt=\"Share Button\" src=\"data:image\/svg+xml;base64,PHN2ZyB3aWR0aD0iMSIgaGVpZ2h0PSIxIiB4bWxucz0iaHR0cDovL3d3dy53My5vcmcvMjAwMC9zdmciPjwvc3ZnPg==\" class=\"lazyload\" \/><\/a><script type=\"text\/javascript\">var hupso_services=new Array(\"Twitter\",\"Facebook\",\"Pinterest\",\"Linkedin\",\"Tumblr\",\"StumbleUpon\",\"Digg\",\"Reddit\",\"Bebo\",\"Delicious\",\"QZone\",\"Renren\",\"Email\");var hupso_icon_type = \"labels\";var hupso_background=\"#3BF8FF\";var hupso_border=\"#FF2B0A\";var hupso_image_folder_url = \"\";var hupso_url=\"\";var hupso_title=\"PETARDA%20NA%20FINA%C5%81%21%20Zesp%C3%B3%C5%82%20BUBLICZKI%20rozgrza%C5%82%20M%C5%82aw%C4%99%20do%20czerwono%C5%9Bci%21\";<\/script><script type=\"text\/javascript\" src=\"http:\/\/static.hupso.com\/share\/js\/share.js\"><\/script><!-- Hupso Share Buttons --><\/div>","protected":false},"author":1,"featured_media":7940,"comment_status":"open","ping_status":"open","sticky":false,"template":"","format":"standard","meta":{"_acf_changed":false,"wprm-recipe-roundup-name":"","wprm-recipe-roundup-description":"","footnotes":""},"categories":[19,3,28],"tags":[],"class_list":["post-7904","post","type-post","status-publish","format-standard","has-post-thumbnail","hentry","category-aktualnosci","category-kultura","category-wyd"],"acf":[],"amp_enabled":true,"_links":{"self":[{"href":"http:\/\/portalm\u0142awa.pl\/index.php?rest_route=\/wp\/v2\/posts\/7904","targetHints":{"allow":["GET"]}}],"collection":[{"href":"http:\/\/portalm\u0142awa.pl\/index.php?rest_route=\/wp\/v2\/posts"}],"about":[{"href":"http:\/\/portalm\u0142awa.pl\/index.php?rest_route=\/wp\/v2\/types\/post"}],"author":[{"embeddable":true,"href":"http:\/\/portalm\u0142awa.pl\/index.php?rest_route=\/wp\/v2\/users\/1"}],"replies":[{"embeddable":true,"href":"http:\/\/portalm\u0142awa.pl\/index.php?rest_route=%2Fwp%2Fv2%2Fcomments&post=7904"}],"version-history":[{"count":3,"href":"http:\/\/portalm\u0142awa.pl\/index.php?rest_route=\/wp\/v2\/posts\/7904\/revisions"}],"predecessor-version":[{"id":7943,"href":"http:\/\/portalm\u0142awa.pl\/index.php?rest_route=\/wp\/v2\/posts\/7904\/revisions\/7943"}],"wp:featuredmedia":[{"embeddable":true,"href":"http:\/\/portalm\u0142awa.pl\/index.php?rest_route=\/wp\/v2\/media\/7940"}],"wp:attachment":[{"href":"http:\/\/portalm\u0142awa.pl\/index.php?rest_route=%2Fwp%2Fv2%2Fmedia&parent=7904"}],"wp:term":[{"taxonomy":"category","embeddable":true,"href":"http:\/\/portalm\u0142awa.pl\/index.php?rest_route=%2Fwp%2Fv2%2Fcategories&post=7904"},{"taxonomy":"post_tag","embeddable":true,"href":"http:\/\/portalm\u0142awa.pl\/index.php?rest_route=%2Fwp%2Fv2%2Ftags&post=7904"}],"curies":[{"name":"wp","href":"https:\/\/api.w.org\/{rel}","templated":true}]}}