{"id":793,"date":"2016-03-03T20:02:30","date_gmt":"2016-03-03T19:02:30","guid":{"rendered":"http:\/\/proba.xn--portalmawa-g0b.pl\/?p=793"},"modified":"2020-05-06T20:06:14","modified_gmt":"2020-05-06T18:06:14","slug":"mlawa-radna-pszczolkowska-byl-przejazd-140-150-lat-i-ja-sie-tym-w-ogole-nie-interesowalam","status":"publish","type":"post","link":"http:\/\/portalm\u0142awa.pl\/?p=793","title":{"rendered":"M\u0141AWA Radna Pszcz\u00f3\u0142kowska: &#8220;By\u0142 przejazd 140 &#8211; 150 lat i ja si\u0119 tym w og\u00f3le nie interesowa\u0142am&#8221;"},"content":{"rendered":"<p><strong><img decoding=\"async\" class=\"wp-image-794 alignleft lazyload\" data-src=\"http:\/\/proba.xn--portalmawa-g0b.pl\/wp-content\/uploads\/2020\/05\/pszczolkowska.jpg\" alt=\"\" width=\"185\" height=\"161\" src=\"data:image\/svg+xml;base64,PHN2ZyB3aWR0aD0iMSIgaGVpZ2h0PSIxIiB4bWxucz0iaHR0cDovL3d3dy53My5vcmcvMjAwMC9zdmciPjwvc3ZnPg==\" style=\"--smush-placeholder-width: 185px; --smush-placeholder-aspect-ratio: 185\/161;\" \/>Podczas ostatniej sesji Rady Miasta rajcy miejscy postanowili wystosowa\u0107 apel do ministra infrastruktury i budownictwa oraz PKP PLK w sprawie przywr\u00f3cenia przejazdu kolejowego na ulicy Ko\u015bciuszki. W trakcie dyskusji Radna Pszcz\u00f3\u0142kowska zapytana o to co robi\u0142a w kwestii przejazdu, gdy by\u0142y podejmowane decyzje przyzna\u0142a : &#8220;By\u0142 przejazd 140 &#8211; 150 lat i ja si\u0119 tym wog\u00f3le nie interesowa\u0142am&#8221;.<\/strong><\/p>\n<p>Pytanie o t\u0105 kwesti\u0119 dzia\u0142alno\u015bci radnej Haliny Pszcz\u00f3\u0142kowskiej zada\u0142 radny Micha\u0142 Pol po tym jak radny Jerzy Rakowski zosta\u0142 poproszony o wyja\u015bnienie kulis\u00f3w podejmowania decyzji w sprawie wiadukt\u00f3w i wspomnianego przejazdu w latach 2005-2006, gdy by\u0142 burmistrzem.<\/p>\n<p>OBEJRZY<\/p>\n<div class=\"avPlayerWrapper avVideo\">\n<div class=\"avPlayerContainer\">\n<div id=\"AVPlayerID_cde10dd0_1972842571\" class=\"avPlayerBlock\"><iframe title=\"JoomlaWorks AllVideos Player\" data-src=\"http:\/\/www.youtube.com\/embed\/WvUMgyuX_5E?rel=0&amp;fs=1&amp;wmode=transparent\" width=\"400\" height=\"300\" frameborder=\"0\" allowfullscreen=\"allowfullscreen\" data-mce-fragment=\"1\" src=\"data:image\/svg+xml;base64,PHN2ZyB3aWR0aD0iMSIgaGVpZ2h0PSIxIiB4bWxucz0iaHR0cDovL3d3dy53My5vcmcvMjAwMC9zdmciPjwvc3ZnPg==\" class=\"lazyload\" data-load-mode=\"1\"><\/iframe><\/div>\n<\/div>\n<\/div>\n<p>Wcze\u015bniej za\u015b podczas dyskusji \u0142amanym g\u0142osem i wr\u0119cz ze wzruszeniem prosi\u0142a o pomoc w sprawie wspomnianego przejazdu kolejowego.<\/p>\n<p>OBEJRZYJ CA\u0141\u0104 DYSKUSJ\u0118<\/p>\n<div class=\"avPlayerWrapper avVideo\">\n<div class=\"avPlayerContainer\">\n<div id=\"AVPlayerID_d98ce498_1352610737\" class=\"avPlayerBlock\"><iframe title=\"JoomlaWorks AllVideos Player\" data-src=\"http:\/\/www.youtube.com\/embed\/Z1RqrzWoUPk?rel=0&amp;fs=1&amp;wmode=transparent\" width=\"400\" height=\"300\" frameborder=\"0\" allowfullscreen=\"allowfullscreen\" data-mce-fragment=\"1\" src=\"data:image\/svg+xml;base64,PHN2ZyB3aWR0aD0iMSIgaGVpZ2h0PSIxIiB4bWxucz0iaHR0cDovL3d3dy53My5vcmcvMjAwMC9zdmciPjwvc3ZnPg==\" class=\"lazyload\" data-load-mode=\"1\"><\/iframe><\/div>\n<\/div>\n<\/div>\n<p><span style=\"color: #ff0000;\"><strong>KOMENTARZE<\/strong><\/span><\/p>\n<p><em>Wydawca portalu nie ponosi odpowiedzialno\u015bci za tre\u015b\u0107 komentarzy zamieszczanych przez u\u017cytkownik\u00f3w. Osoby zamieszczaj\u0105ce wypowiedzi naruszaj\u0105ce prawo lub prawem chronione dobra os\u00f3b trzecich mog\u0105 ponie\u015b\u0107 z tego tytu\u0142u odpowiedzialno\u015b\u0107 karn\u0105 lub cywiln\u0105.<\/em><span style=\"color: #ff0000;\"><strong><em>JEDNOCZE\u015aNIE UZYTKOWNICY ZAMIESZCZAJ\u0104C KOMENTARZ OSWIADCZAJ\u0104, \u017bE BIOR\u0104 PE\u0141N\u0104 ODPOWIEDZIALNO\u015a\u0106 ZA TRE\u015aCI UMIESZCZONE PRZEZ SIEBIE<\/em><\/strong><\/span><\/p>\n<div style=\"padding-bottom:20px; padding-top:10px;\" class=\"hupso-share-buttons\"><!-- Hupso Share Buttons - https:\/\/www.hupso.com\/share\/ --><a class=\"hupso_pop\" href=\"https:\/\/www.hupso.com\/share\/\"><img decoding=\"async\" data-src=\"http:\/\/static.hupso.com\/share\/buttons\/button100x23.png\" style=\"border:0px; width:100; height: 23; \" alt=\"Share Button\" src=\"data:image\/svg+xml;base64,PHN2ZyB3aWR0aD0iMSIgaGVpZ2h0PSIxIiB4bWxucz0iaHR0cDovL3d3dy53My5vcmcvMjAwMC9zdmciPjwvc3ZnPg==\" class=\"lazyload\" \/><\/a><script type=\"text\/javascript\">var hupso_services=new Array(\"Twitter\",\"Facebook\",\"Pinterest\",\"Linkedin\",\"Tumblr\",\"StumbleUpon\",\"Digg\",\"Reddit\",\"Bebo\",\"Delicious\",\"QZone\",\"Renren\",\"Email\");var hupso_icon_type = \"labels\";var hupso_background=\"#3BF8FF\";var hupso_border=\"#FF2B0A\";var hupso_image_folder_url = \"\";var hupso_url=\"\";var hupso_title=\"M%C5%81AWA%20Radna%20Pszcz%C3%B3%C5%82kowska%3A%20%22By%C5%82%20przejazd%20140%20-%20150%20lat%20i%20ja%20si%C4%99%20tym%20w%20og%C3%B3le%20nie%20interesowa%C5%82am%22\";<\/script><script type=\"text\/javascript\" src=\"http:\/\/static.hupso.com\/share\/js\/share.js\"><\/script><!-- Hupso Share Buttons --><\/div>","protected":false},"excerpt":{"rendered":"<p>Podczas ostatniej sesji Rady Miasta rajcy miejscy postanowili wystosowa\u0107 apel do ministra infrastruktury i budownictwa oraz PKP PLK w sprawie przywr\u00f3cenia przejazdu kolejowego na ulicy Ko\u015bciuszki. W trakcie dyskusji Radna&hellip; <\/p>\n<div style=\"padding-bottom:20px; padding-top:10px;\" class=\"hupso-share-buttons\"><!-- Hupso Share Buttons - https:\/\/www.hupso.com\/share\/ --><a class=\"hupso_pop\" href=\"https:\/\/www.hupso.com\/share\/\"><img data-src=\"http:\/\/static.hupso.com\/share\/buttons\/button100x23.png\" style=\"border:0px; width:100; height: 23; \" alt=\"Share Button\" src=\"data:image\/svg+xml;base64,PHN2ZyB3aWR0aD0iMSIgaGVpZ2h0PSIxIiB4bWxucz0iaHR0cDovL3d3dy53My5vcmcvMjAwMC9zdmciPjwvc3ZnPg==\" class=\"lazyload\" \/><\/a><script type=\"text\/javascript\">var hupso_services=new Array(\"Twitter\",\"Facebook\",\"Pinterest\",\"Linkedin\",\"Tumblr\",\"StumbleUpon\",\"Digg\",\"Reddit\",\"Bebo\",\"Delicious\",\"QZone\",\"Renren\",\"Email\");var hupso_icon_type = \"labels\";var hupso_background=\"#3BF8FF\";var hupso_border=\"#FF2B0A\";var hupso_image_folder_url = \"\";var hupso_url=\"\";var hupso_title=\"M%C5%81AWA%20Radna%20Pszcz%C3%B3%C5%82kowska%3A%20%22By%C5%82%20przejazd%20140%20-%20150%20lat%20i%20ja%20si%C4%99%20tym%20w%20og%C3%B3le%20nie%20interesowa%C5%82am%22\";<\/script><script type=\"text\/javascript\" src=\"http:\/\/static.hupso.com\/share\/js\/share.js\"><\/script><!-- Hupso Share Buttons --><\/div>","protected":false},"author":1,"featured_media":794,"comment_status":"open","ping_status":"open","sticky":false,"template":"","format":"standard","meta":{"_acf_changed":false,"wprm-recipe-roundup-name":"","wprm-recipe-roundup-description":"","footnotes":""},"categories":[19],"tags":[],"class_list":["post-793","post","type-post","status-publish","format-standard","has-post-thumbnail","hentry","category-aktualnosci"],"acf":[],"amp_enabled":true,"_links":{"self":[{"href":"http:\/\/portalm\u0142awa.pl\/index.php?rest_route=\/wp\/v2\/posts\/793","targetHints":{"allow":["GET"]}}],"collection":[{"href":"http:\/\/portalm\u0142awa.pl\/index.php?rest_route=\/wp\/v2\/posts"}],"about":[{"href":"http:\/\/portalm\u0142awa.pl\/index.php?rest_route=\/wp\/v2\/types\/post"}],"author":[{"embeddable":true,"href":"http:\/\/portalm\u0142awa.pl\/index.php?rest_route=\/wp\/v2\/users\/1"}],"replies":[{"embeddable":true,"href":"http:\/\/portalm\u0142awa.pl\/index.php?rest_route=%2Fwp%2Fv2%2Fcomments&post=793"}],"version-history":[{"count":1,"href":"http:\/\/portalm\u0142awa.pl\/index.php?rest_route=\/wp\/v2\/posts\/793\/revisions"}],"predecessor-version":[{"id":795,"href":"http:\/\/portalm\u0142awa.pl\/index.php?rest_route=\/wp\/v2\/posts\/793\/revisions\/795"}],"wp:featuredmedia":[{"embeddable":true,"href":"http:\/\/portalm\u0142awa.pl\/index.php?rest_route=\/wp\/v2\/media\/794"}],"wp:attachment":[{"href":"http:\/\/portalm\u0142awa.pl\/index.php?rest_route=%2Fwp%2Fv2%2Fmedia&parent=793"}],"wp:term":[{"taxonomy":"category","embeddable":true,"href":"http:\/\/portalm\u0142awa.pl\/index.php?rest_route=%2Fwp%2Fv2%2Fcategories&post=793"},{"taxonomy":"post_tag","embeddable":true,"href":"http:\/\/portalm\u0142awa.pl\/index.php?rest_route=%2Fwp%2Fv2%2Ftags&post=793"}],"curies":[{"name":"wp","href":"https:\/\/api.w.org\/{rel}","templated":true}]}}