{"id":8171,"date":"2025-07-16T11:46:22","date_gmt":"2025-07-16T09:46:22","guid":{"rendered":"http:\/\/portalm\u0142awa.pl\/?p=8171"},"modified":"2025-07-16T11:46:22","modified_gmt":"2025-07-16T09:46:22","slug":"zglos-sie-do-ix-konkursu-poetyckiego-im-kamili-stabach-twoje-slowa-moga-zabrzmiec-glosniej-niz-myslisz","status":"publish","type":"post","link":"http:\/\/portalm\u0142awa.pl\/?p=8171","title":{"rendered":"Zg\u0142o\u015b si\u0119 do IX Konkursu Poetyckiego im. Kamili Stabach \u2013 Twoje s\u0142owa mog\u0105 zabrzmie\u0107 g\u0142o\u015bniej, ni\u017c my\u015blisz!"},"content":{"rendered":"<p style=\"text-align: justify;\" data-start=\"113\" data-end=\"363\"><strong>Zwi\u0105zek Tw\u00f3rc\u00f3w Ziemi Zawkrze\u0144skiej w M\u0142awie zaprasza do udzia\u0142u w IX edycji Konkursu Poetyckiego im. Kamili Stabach \u2013 wyj\u0105tkowego wydarzenia literackiego, kt\u00f3re od lat przyci\u0105ga utalentowanych tw\u00f3rc\u00f3w z p\u00f3\u0142nocnego Mazowsza i s\u0105siednich region\u00f3w.<\/strong><\/p>\n<h3 style=\"text-align: justify;\" data-start=\"365\" data-end=\"390\">Poezja, kt\u00f3ra zostaje<\/h3>\n<p style=\"text-align: justify;\" data-start=\"392\" data-end=\"711\">Patronk\u0105 konkursu jest <strong data-start=\"415\" data-end=\"433\">Kamila Stabach<\/strong> (1978\u20132006) \u2013 m\u0142awska poetka, kompozytorka, piosenkarka i pianistka, kt\u00f3rej przedwczesna \u015bmier\u0107 przerwa\u0142a rozwijaj\u0105c\u0105 si\u0119 artystyczn\u0105 drog\u0119. Konkurs nosz\u0105cy jej imi\u0119 to ho\u0142d dla jej wra\u017cliwo\u015bci i talentu, a zarazem szansa dla kolejnych pokole\u0144 na zaprezentowanie swojego g\u0142osu.<\/p>\n<h3 style=\"text-align: justify;\" data-start=\"713\" data-end=\"747\">Dwie grupy \u2013 jeden cel: poezja<\/h3>\n<p style=\"text-align: justify;\" data-start=\"749\" data-end=\"799\">Konkurs skierowany jest do dw\u00f3ch grup uczestnik\u00f3w:<\/p>\n<ul style=\"text-align: justify;\" data-start=\"800\" data-end=\"1036\">\n<li data-start=\"800\" data-end=\"846\">\n<p data-start=\"802\" data-end=\"846\"><strong data-start=\"802\" data-end=\"813\">I grupa<\/strong>: m\u0142odzie\u017c w wieku <strong data-start=\"832\" data-end=\"845\">14\u201318 lat<\/strong>,<\/p>\n<\/li>\n<li data-start=\"847\" data-end=\"1036\">\n<p data-start=\"849\" data-end=\"1036\"><strong data-start=\"849\" data-end=\"861\">II grupa<\/strong>: osoby <strong data-start=\"869\" data-end=\"884\">pe\u0142noletnie<\/strong>, zar\u00f3wno zrzeszone, jak i niezrzeszone w zwi\u0105zkach tw\u00f3rczych, zwi\u0105zane z subregionem p\u00f3\u0142nocno-mazowieckim i s\u0105siednim wojew\u00f3dztwem warmi\u0144sko-mazurskim.<\/p>\n<\/li>\n<\/ul>\n<p style=\"text-align: justify;\" data-start=\"1038\" data-end=\"1135\">Uwaga: w tegorocznej edycji <strong data-start=\"1066\" data-end=\"1134\">nie mog\u0105 bra\u0107 udzia\u0142u laureaci I miejsca z poprzednich konkurs\u00f3w<\/strong>.<\/p>\n<h3 style=\"text-align: justify;\" data-start=\"1137\" data-end=\"1158\">Jak wzi\u0105\u0107 udzia\u0142?<\/h3>\n<p style=\"text-align: justify;\" data-start=\"1160\" data-end=\"1306\">Warunkiem uczestnictwa jest przes\u0142anie zestawu <strong data-start=\"1207\" data-end=\"1240\">3 wierszy o dowolnej tematyce<\/strong>, w j\u0119zyku polskim, w formacie PDF. Do zg\u0142oszenia nale\u017cy do\u0142\u0105czy\u0107:<\/p>\n<ul style=\"text-align: justify;\" data-start=\"1307\" data-end=\"1686\">\n<li data-start=\"1307\" data-end=\"1407\">\n<p data-start=\"1309\" data-end=\"1407\"><strong data-start=\"1309\" data-end=\"1346\">o\u015bwiadczenie o autorstwie utwor\u00f3w<\/strong> i potwierdzenie, \u017ce <strong data-start=\"1367\" data-end=\"1406\">nie by\u0142y publikowane ani nagradzane<\/strong>,<\/p>\n<\/li>\n<li data-start=\"1408\" data-end=\"1476\">\n<p data-start=\"1410\" data-end=\"1476\">w przypadku os\u00f3b niepe\u0142noletnich \u2013 <strong data-start=\"1445\" data-end=\"1475\">zgod\u0119 rodzica lub opiekuna<\/strong>,<\/p>\n<\/li>\n<li data-start=\"1477\" data-end=\"1586\">\n<p data-start=\"1479\" data-end=\"1586\">osobny plik z <strong data-start=\"1493\" data-end=\"1540\">danymi osobowymi, kr\u00f3tk\u0105 notk\u0105 biograficzn\u0105<\/strong> oraz zgod\u0105 na przetwarzanie danych osobowych,<\/p>\n<\/li>\n<li data-start=\"1587\" data-end=\"1686\">\n<p data-start=\"1589\" data-end=\"1686\">plik z wierszami powinien by\u0107 <strong data-start=\"1619\" data-end=\"1639\">oznaczony god\u0142em<\/strong>, a dla niepe\u0142noletnich dodatkowo <strong data-start=\"1673\" data-end=\"1685\">liter\u0105 N<\/strong>.<\/p>\n<\/li>\n<\/ul>\n<h3 style=\"text-align: justify;\" data-start=\"1688\" data-end=\"1706\">Gdzie i kiedy?<\/h3>\n<p style=\"text-align: justify;\" data-start=\"1708\" data-end=\"1864\">Zg\u0142oszenia nale\u017cy przesy\u0142a\u0107 <strong data-start=\"1736\" data-end=\"1762\">do 31 sierpnia 2025 r.<\/strong> na adres:<br data-start=\"1772\" data-end=\"1775\" \/>\ud83d\udce7 <strong data-start=\"1778\" data-end=\"1806\"><a class=\"cursor-pointer\" rel=\"noopener\" data-start=\"1780\" data-end=\"1804\">trzeskwie@poczta.onet.pl<\/a><\/strong><br data-start=\"1806\" data-end=\"1809\" \/>z dopiskiem: <em data-start=\"1822\" data-end=\"1864\">\u201eIX Konkurs poetycki im. Kamili Stabach\u201d<\/em><\/p>\n<p style=\"text-align: justify;\" data-start=\"1866\" data-end=\"2167\">Konkurs ma <strong data-start=\"1877\" data-end=\"1908\">cz\u0119\u015bciowo otwarty charakter<\/strong> \u2013 zaproszeni s\u0105 mieszka\u0144cy p\u00f3\u0142nocnego Mazowsza (historyczna Ziemia Zawkrze\u0144ska oraz powiaty: ciechanowski, przasnyski, ostro\u0142\u0119cki, makowski, p\u0142o\u0144ski, sierpecki, p\u0142ocki, pu\u0142tuski, wyszkowski) oraz s\u0105siednie powiaty warmi\u0144sko-mazurskie: dzia\u0142dowski i nidzicki.<\/p>\n<h3 style=\"text-align: justify;\" data-start=\"2169\" data-end=\"2207\">Nagrody, publikacje i poetycka noc<\/h3>\n<p style=\"text-align: justify;\" data-start=\"2209\" data-end=\"2531\">Prace oceni powo\u0142ane przez organizator\u00f3w <strong data-start=\"2250\" data-end=\"2258\">Jury<\/strong>, kt\u00f3re przyzna nagrody rzeczowe, statuetki, dyplomy oraz <strong data-start=\"2316\" data-end=\"2352\">wyr\u00f3\u017cnienia w postaci publikacji<\/strong> w specjalnym zeszycie pokonkursowym wydanym przez ZTZZ. Najlepsze teksty mog\u0105 tak\u017ce zosta\u0107 opublikowane w mediach \u2013 tradycyjnych i online \u2013 <strong data-start=\"2493\" data-end=\"2530\">bez oddzielnej zgody i honorarium<\/strong>.<\/p>\n<p style=\"text-align: justify;\" data-start=\"2533\" data-end=\"2756\">Fina\u0142 konkursu oraz og\u0142oszenie wynik\u00f3w nast\u0105pi <strong data-start=\"2580\" data-end=\"2612\">26 wrze\u015bnia 2025 r. (pi\u0105tek)<\/strong> w godz. 16:00\u201321:00 podczas <strong data-start=\"2641\" data-end=\"2688\">XXII Nocy Poet\u00f3w i Jubileuszu 25-lecia ZTZZ<\/strong>, w magicznej przestrzeni <strong data-start=\"2714\" data-end=\"2755\">Sali Na Dachu M\u0142awskiego Domu Kultury<\/strong>.<\/p>\n<p style=\"text-align: justify;\" data-start=\"2763\" data-end=\"2894\">\ud83c\udfa4 <strong data-start=\"2766\" data-end=\"2801\">Twoja poezja zas\u0142uguje na g\u0142os.<\/strong><br data-start=\"2801\" data-end=\"2804\" \/>\ud83d\udcdc Nie przegap szansy, by sta\u0107 si\u0119 cz\u0119\u015bci\u0105 \u017cywej tradycji literackiej Ziemi Zawkrze\u0144skiej.<\/p>\n<p style=\"text-align: justify;\" data-start=\"2896\" data-end=\"2919\" data-is-last-node=\"\" data-is-only-node=\"\"><strong data-start=\"2896\" data-end=\"2919\" data-is-last-node=\"\">Zg\u0142o\u015b si\u0119 ju\u017c dzi\u015b!<\/strong><\/p>\n<p style=\"text-align: justify;\">KOMENTARZE<\/p>\n<p style=\"text-align: justify;\">Wydawca portalu nie ponosi odpowiedzialno\u015bci za tre\u015b\u0107 komentarzy zamieszczanych przez u\u017cytkownik\u00f3w. Osoby zamieszczaj\u0105ce wypowiedzi naruszaj\u0105ce prawo lub prawem chronione dobra os\u00f3b trzecich mog\u0105 ponie\u015b\u0107 z tego tytu\u0142u odpowiedzialno\u015b\u0107 karn\u0105 lub cywiln\u0105.JEDNOCZE\u015aNIE UZYTKOWNICY ZAMIESZCZAJ\u0104C KOMENTARZ OSWIADCZAJ\u0104, \u017bE BIOR\u0104 PE\u0141N\u0104 ODPOWIEDZIALNO\u015a\u0106 ZA TRE\u015aCI UMIESZCZONE PRZEZ SIEBIE<\/p>\n<div style=\"padding-bottom:20px; padding-top:10px;\" class=\"hupso-share-buttons\"><!-- Hupso Share Buttons - https:\/\/www.hupso.com\/share\/ --><a class=\"hupso_pop\" href=\"https:\/\/www.hupso.com\/share\/\"><img decoding=\"async\" data-src=\"http:\/\/static.hupso.com\/share\/buttons\/button100x23.png\" style=\"border:0px; width:100; height: 23; \" alt=\"Share Button\" src=\"data:image\/svg+xml;base64,PHN2ZyB3aWR0aD0iMSIgaGVpZ2h0PSIxIiB4bWxucz0iaHR0cDovL3d3dy53My5vcmcvMjAwMC9zdmciPjwvc3ZnPg==\" class=\"lazyload\" \/><\/a><script type=\"text\/javascript\">var hupso_services=new Array(\"Twitter\",\"Facebook\",\"Pinterest\",\"Linkedin\",\"Tumblr\",\"StumbleUpon\",\"Digg\",\"Reddit\",\"Bebo\",\"Delicious\",\"QZone\",\"Renren\",\"Email\");var hupso_icon_type = \"labels\";var hupso_background=\"#3BF8FF\";var hupso_border=\"#FF2B0A\";var hupso_image_folder_url = \"\";var hupso_url=\"\";var hupso_title=\"Zg%C5%82o%C5%9B%20si%C4%99%20do%20IX%20Konkursu%20Poetyckiego%20im.%20Kamili%20Stabach%20%E2%80%93%20Twoje%20s%C5%82owa%20mog%C4%85%20zabrzmie%C4%87%20g%C5%82o%C5%9Bniej%2C%20ni%C5%BC%20my%C5%9Blisz%21\";<\/script><script type=\"text\/javascript\" src=\"http:\/\/static.hupso.com\/share\/js\/share.js\"><\/script><!-- Hupso Share Buttons --><\/div>","protected":false},"excerpt":{"rendered":"<p>Zwi\u0105zek Tw\u00f3rc\u00f3w Ziemi Zawkrze\u0144skiej w M\u0142awie zaprasza do udzia\u0142u w IX edycji Konkursu Poetyckiego im. Kamili Stabach \u2013 wyj\u0105tkowego wydarzenia literackiego, kt\u00f3re od lat przyci\u0105ga utalentowanych tw\u00f3rc\u00f3w z p\u00f3\u0142nocnego Mazowsza&hellip; <\/p>\n<div style=\"padding-bottom:20px; padding-top:10px;\" class=\"hupso-share-buttons\"><!-- Hupso Share Buttons - https:\/\/www.hupso.com\/share\/ --><a class=\"hupso_pop\" href=\"https:\/\/www.hupso.com\/share\/\"><img data-src=\"http:\/\/static.hupso.com\/share\/buttons\/button100x23.png\" style=\"border:0px; width:100; height: 23; \" alt=\"Share Button\" src=\"data:image\/svg+xml;base64,PHN2ZyB3aWR0aD0iMSIgaGVpZ2h0PSIxIiB4bWxucz0iaHR0cDovL3d3dy53My5vcmcvMjAwMC9zdmciPjwvc3ZnPg==\" class=\"lazyload\" \/><\/a><script type=\"text\/javascript\">var hupso_services=new Array(\"Twitter\",\"Facebook\",\"Pinterest\",\"Linkedin\",\"Tumblr\",\"StumbleUpon\",\"Digg\",\"Reddit\",\"Bebo\",\"Delicious\",\"QZone\",\"Renren\",\"Email\");var hupso_icon_type = \"labels\";var hupso_background=\"#3BF8FF\";var hupso_border=\"#FF2B0A\";var hupso_image_folder_url = \"\";var hupso_url=\"\";var hupso_title=\"Zg%C5%82o%C5%9B%20si%C4%99%20do%20IX%20Konkursu%20Poetyckiego%20im.%20Kamili%20Stabach%20%E2%80%93%20Twoje%20s%C5%82owa%20mog%C4%85%20zabrzmie%C4%87%20g%C5%82o%C5%9Bniej%2C%20ni%C5%BC%20my%C5%9Blisz%21\";<\/script><script type=\"text\/javascript\" src=\"http:\/\/static.hupso.com\/share\/js\/share.js\"><\/script><!-- Hupso Share Buttons --><\/div>","protected":false},"author":1,"featured_media":8172,"comment_status":"open","ping_status":"open","sticky":false,"template":"","format":"standard","meta":{"_acf_changed":false,"wprm-recipe-roundup-name":"","wprm-recipe-roundup-description":"","footnotes":""},"categories":[19,3,28,696,6],"tags":[],"class_list":["post-8171","post","type-post","status-publish","format-standard","has-post-thumbnail","hentry","category-aktualnosci","category-kultura","category-wyd","category-zaproszenia","category-zapro-szenia"],"acf":[],"amp_enabled":true,"_links":{"self":[{"href":"http:\/\/portalm\u0142awa.pl\/index.php?rest_route=\/wp\/v2\/posts\/8171","targetHints":{"allow":["GET"]}}],"collection":[{"href":"http:\/\/portalm\u0142awa.pl\/index.php?rest_route=\/wp\/v2\/posts"}],"about":[{"href":"http:\/\/portalm\u0142awa.pl\/index.php?rest_route=\/wp\/v2\/types\/post"}],"author":[{"embeddable":true,"href":"http:\/\/portalm\u0142awa.pl\/index.php?rest_route=\/wp\/v2\/users\/1"}],"replies":[{"embeddable":true,"href":"http:\/\/portalm\u0142awa.pl\/index.php?rest_route=%2Fwp%2Fv2%2Fcomments&post=8171"}],"version-history":[{"count":1,"href":"http:\/\/portalm\u0142awa.pl\/index.php?rest_route=\/wp\/v2\/posts\/8171\/revisions"}],"predecessor-version":[{"id":8173,"href":"http:\/\/portalm\u0142awa.pl\/index.php?rest_route=\/wp\/v2\/posts\/8171\/revisions\/8173"}],"wp:featuredmedia":[{"embeddable":true,"href":"http:\/\/portalm\u0142awa.pl\/index.php?rest_route=\/wp\/v2\/media\/8172"}],"wp:attachment":[{"href":"http:\/\/portalm\u0142awa.pl\/index.php?rest_route=%2Fwp%2Fv2%2Fmedia&parent=8171"}],"wp:term":[{"taxonomy":"category","embeddable":true,"href":"http:\/\/portalm\u0142awa.pl\/index.php?rest_route=%2Fwp%2Fv2%2Fcategories&post=8171"},{"taxonomy":"post_tag","embeddable":true,"href":"http:\/\/portalm\u0142awa.pl\/index.php?rest_route=%2Fwp%2Fv2%2Ftags&post=8171"}],"curies":[{"name":"wp","href":"https:\/\/api.w.org\/{rel}","templated":true}]}}