{"id":8234,"date":"2025-07-17T12:25:16","date_gmt":"2025-07-17T10:25:16","guid":{"rendered":"http:\/\/portalm\u0142awa.pl\/?p=8234"},"modified":"2025-07-17T12:25:16","modified_gmt":"2025-07-17T10:25:16","slug":"powstanie-warszawskie-1944-miasto-ktore-wstalo-z-kolan-i-leglo-w-plomieniach","status":"publish","type":"post","link":"http:\/\/portalm\u0142awa.pl\/?p=8234","title":{"rendered":"Powstanie Warszawskie 1944: Miasto, kt\u00f3re wsta\u0142o z kolan \u2013 i leg\u0142o w p\u0142omieniach"},"content":{"rendered":"<div class=\"flex max-w-full flex-col grow\">\n<div class=\"min-h-8 text-message relative flex w-full flex-col items-end gap-2 text-start break-words whitespace-normal [.text-message+&amp;]:mt-5\" dir=\"auto\" data-message-author-role=\"assistant\" data-message-id=\"41bd9622-b612-4a40-a410-67ba5de47fe7\" data-message-model-slug=\"gpt-4o\">\n<div class=\"flex w-full flex-col gap-1 empty:hidden first:pt-[3px]\">\n<div class=\"markdown prose dark:prose-invert w-full break-words light\">\n<p style=\"text-align: justify;\" data-start=\"196\" data-end=\"548\"><strong data-start=\"196\" data-end=\"236\">Jeszcze nie dzi\u015b, ale wkr\u00f3tce 1 sierpnia Powstanie Warszawskie.\u00a0 Pami\u0119tamy!.<\/strong><\/p>\n<p style=\"text-align: justify;\" data-start=\"196\" data-end=\"548\"><strong data-start=\"196\" data-end=\"236\">\u00a0 1 sierpnia 1944 roku, godzina 17:00.<\/strong> Wybija \u201eGodzina W\u201d. W dusznej, dusz\u0105cej Warszawie zapada decyzja, kt\u00f3ra zmieni losy miasta na zawsze. M\u0142odzi ch\u0142opcy i dziewcz\u0119ta, ledwo doro\u015bli, cz\u0119sto dzieci z opaskami bia\u0142o\u2011czerwonymi, ruszaj\u0105 na ulice. W r\u0119kach granaty, butelki z benzyn\u0105, kilka karabin\u00f3w. W sercach \u2013 nadzieja. Chc\u0105 wolno\u015bci. Chc\u0105 walczy\u0107.<\/p>\n<p style=\"text-align: justify;\" data-start=\"550\" data-end=\"682\">Nie wiedz\u0105, \u017ce ta walka stanie si\u0119 jednym z <strong data-start=\"594\" data-end=\"681\">najbardziej heroicznych, ale i najbardziej tragicznych rozdzia\u0142\u00f3w w historii Polski<\/strong>.<\/p>\n<h3 style=\"text-align: justify;\" data-start=\"689\" data-end=\"736\">Miasto, kt\u00f3re stan\u0119\u0142o do nier\u00f3wnej walki<\/h3>\n<p style=\"text-align: justify;\" data-start=\"738\" data-end=\"1134\">Warszawa mia\u0142a by\u0107 wolna. Plan zak\u0142ada\u0142 szybkie opanowanie kluczowych punkt\u00f3w i oczekiwanie na pomoc Armii Czerwonej, kt\u00f3ra sta\u0142a po drugiej stronie Wis\u0142y. Ale pomoc nie nadesz\u0142a. Zamiast niej \u2013 <strong data-start=\"933\" data-end=\"954\">ognisty grad bomb<\/strong> i czo\u0142gi deptaj\u0105ce barykady. Oddzia\u0142y niemieckie \u2013 w tym brutalne jednostki SS, Dirlewangera i RONA \u2013 rozpocz\u0119\u0142y <strong data-start=\"1068\" data-end=\"1133\">planow\u0105 eksterminacj\u0119 ludno\u015bci i metodyczne niszczenie miasta<\/strong>.<\/p>\n<p style=\"text-align: justify;\" data-start=\"1136\" data-end=\"1254\">Wola \u2013 pierwsza dzielnica, kt\u00f3ra krwawi\u0142a \u2013 przela\u0142a morze niewinnej krwi. Tysi\u0105ce rozstrzelanych w nieca\u0142e kilka dni.<\/p>\n<h3 style=\"text-align: justify;\" data-start=\"1261\" data-end=\"1305\">Bohaterstwo, kt\u00f3re przetrwa wieczno\u015b\u0107<\/h3>\n<p style=\"text-align: justify;\" data-start=\"1307\" data-end=\"1622\">Pomimo dramatycznej sytuacji, braku broni, \u017cywno\u015bci i lek\u00f3w \u2013 Warszawa walczy. <strong data-start=\"1386\" data-end=\"1424\">Powsta\u0144cy tworz\u0105 pa\u0144stwo podziemne<\/strong>: funkcjonuje poczta, gazety, szpitale. \u017bycie toczy si\u0119 w piwnicach, barykady staj\u0105 si\u0119 domem, symbolem oporu. Ka\u017cdy dzie\u0144 to walka o kolejn\u0105 kamienic\u0119, klatk\u0119 schodow\u0105, czasem \u2013 tylko jedno pi\u0119tro.<\/p>\n<p style=\"text-align: justify;\" data-start=\"1624\" data-end=\"1834\">Imiona takie jak <strong data-start=\"1641\" data-end=\"1701\">\u201eZo\u015bka\u201d, \u201eRudy\u201d, \u201eAnoda\u201d, \u201eBasia\u201d, \u201eMonter\u201d, \u201eBaczy\u0144ski\u201d<\/strong> s\u0105 dzi\u015b synonimami m\u0119stwa. Walczyli nie tylko o zwyci\u0119stwo militarne \u2013 walczyli o godno\u015b\u0107, prawo do niepodleg\u0142o\u015bci, o dusz\u0119 stolicy.<\/p>\n<h3 style=\"text-align: justify;\" data-start=\"1841\" data-end=\"1861\">Cena wolno\u015bci<\/h3>\n<p style=\"text-align: justify;\" data-start=\"1863\" data-end=\"2129\">W ci\u0105gu 63 dni w boju poleg\u0142o <strong data-start=\"1893\" data-end=\"1920\">oko\u0142o 18\u202f000 powsta\u0144c\u00f3w<\/strong>, a <strong data-start=\"1924\" data-end=\"1949\">ponad 150\u202f000 cywil\u00f3w<\/strong> straci\u0142o \u017cycie. Po kapitulacji miasto zosta\u0142o poddane <strong data-start=\"2004\" data-end=\"2027\">totalnej destrukcji<\/strong> \u2013 Niemcy zburzyli oko\u0142o 90% kamienic lewobrze\u017cnej Warszawy. To by\u0142a \u015bmier\u0107 metropolii, ale nie ducha.<\/p>\n<h3 style=\"text-align: justify;\" data-start=\"2136\" data-end=\"2164\">Dlaczego Powstanie?<\/h3>\n<p style=\"text-align: justify;\" data-start=\"2166\" data-end=\"2387\">Pytamy dzi\u015b \u2013 czy warto by\u0142o? Ale to pytanie ginie przy cichym krzyku z ka\u017cdego grobu na Pow\u0105zkach Wojskowych, z korytarzy kana\u0142\u00f3w, z ruin mur\u00f3w:<br data-start=\"2311\" data-end=\"2314\" \/><strong data-start=\"2314\" data-end=\"2387\">\u201eMusieli\u015bmy spr\u00f3bowa\u0107. Bo byli\u015bmy Polakami. Bo pragn\u0119li\u015bmy wolno\u015bci.\u201d<\/strong><\/p>\n<h3 style=\"text-align: justify;\" data-start=\"2394\" data-end=\"2411\">Pami\u0119tajmy<\/h3>\n<p style=\"text-align: justify;\" data-start=\"2413\" data-end=\"2736\">Powstanie Warszawskie to przede wszystkim <strong data-start=\"2455\" data-end=\"2511\">symbol nadziei, cierpienia, heroizmu i ceny wolno\u015bci<\/strong>. To nie tylko obraz z przesz\u0142o\u015bci \u2013 to cz\u0119\u015b\u0107 naszej to\u017csamo\u015bci.<br data-start=\"2575\" data-end=\"2578\" \/>Ka\u017cdego <strong data-start=\"2586\" data-end=\"2618\">1 sierpnia, o godzinie 17:00<\/strong>, niech zamilknie wszystko. Chocia\u017c na chwil\u0119. Niech ta minuta ciszy b\u0119dzie g\u0142osem, kt\u00f3ry m\u00f3wi wi\u0119cej ni\u017c tysi\u0105c s\u0142\u00f3w.<\/p>\n<p style=\"text-align: justify;\" data-start=\"2743\" data-end=\"2840\">Je\u015bli chcesz, dodam zdj\u0119cia, cytaty powsta\u0144c\u00f3w lub wersj\u0119 do medi\u00f3w spo\u0142eczno\u015bciowych \u2013 daj zna\u0107!<\/p>\n<p data-start=\"2743\" data-end=\"2840\">T.B<\/p>\n<p>KOMENTARZE<\/p>\n<p><em>Wydawca portalu nie ponosi odpowiedzialno\u015bci za tre\u015b\u0107 komentarzy zamieszczanych przez u\u017cytkownik\u00f3w. Osoby zamieszczaj\u0105ce wypowiedzi naruszaj\u0105ce prawo lub prawem chronione dobra os\u00f3b trzecich mog\u0105 ponie\u015b\u0107 z tego tytu\u0142u odpowiedzialno\u015b\u0107 karn\u0105 lub cywiln\u0105.JEDNOCZE\u015aNIE UZYTKOWNICY ZAMIESZCZAJ\u0104C KOMENTARZ OSWIADCZAJ\u0104, \u017bE BIOR\u0104 PE\u0141N\u0104 ODPOWIEDZIALNO\u015a\u0106 ZA TRE\u015aCI UMIESZCZONE PRZEZ SIEBIE<\/em><\/p>\n<\/div>\n<\/div>\n<\/div>\n<\/div>\n<div class=\"mx-[var(--mini-thread-content-inset)]\">\n<div class=\"flex min-h-[46px] justify-start\" style=\"text-align: justify;\"><\/div>\n<\/div>\n<div style=\"padding-bottom:20px; padding-top:10px;\" class=\"hupso-share-buttons\"><!-- Hupso Share Buttons - https:\/\/www.hupso.com\/share\/ --><a class=\"hupso_pop\" href=\"https:\/\/www.hupso.com\/share\/\"><img decoding=\"async\" data-src=\"http:\/\/static.hupso.com\/share\/buttons\/button100x23.png\" style=\"border:0px; width:100; height: 23; \" alt=\"Share Button\" src=\"data:image\/svg+xml;base64,PHN2ZyB3aWR0aD0iMSIgaGVpZ2h0PSIxIiB4bWxucz0iaHR0cDovL3d3dy53My5vcmcvMjAwMC9zdmciPjwvc3ZnPg==\" class=\"lazyload\" \/><\/a><script type=\"text\/javascript\">var hupso_services=new Array(\"Twitter\",\"Facebook\",\"Pinterest\",\"Linkedin\",\"Tumblr\",\"StumbleUpon\",\"Digg\",\"Reddit\",\"Bebo\",\"Delicious\",\"QZone\",\"Renren\",\"Email\");var hupso_icon_type = \"labels\";var hupso_background=\"#3BF8FF\";var hupso_border=\"#FF2B0A\";var hupso_image_folder_url = \"\";var hupso_url=\"\";var hupso_title=\"Powstanie%20Warszawskie%201944%3A%20Miasto%2C%20kt%C3%B3re%20wsta%C5%82o%20z%20kolan%20%E2%80%93%20i%20leg%C5%82o%20w%20p%C5%82omieniach\";<\/script><script type=\"text\/javascript\" src=\"http:\/\/static.hupso.com\/share\/js\/share.js\"><\/script><!-- Hupso Share Buttons --><\/div>","protected":false},"excerpt":{"rendered":"<p>Jeszcze nie dzi\u015b, ale wkr\u00f3tce 1 sierpnia Powstanie Warszawskie.\u00a0 Pami\u0119tamy!. \u00a0 1 sierpnia 1944 roku, godzina 17:00. Wybija \u201eGodzina W\u201d. W dusznej, dusz\u0105cej Warszawie zapada decyzja, kt\u00f3ra zmieni losy miasta&hellip; <\/p>\n<div style=\"padding-bottom:20px; padding-top:10px;\" class=\"hupso-share-buttons\"><!-- Hupso Share Buttons - https:\/\/www.hupso.com\/share\/ --><a class=\"hupso_pop\" href=\"https:\/\/www.hupso.com\/share\/\"><img data-src=\"http:\/\/static.hupso.com\/share\/buttons\/button100x23.png\" style=\"border:0px; width:100; height: 23; \" alt=\"Share Button\" src=\"data:image\/svg+xml;base64,PHN2ZyB3aWR0aD0iMSIgaGVpZ2h0PSIxIiB4bWxucz0iaHR0cDovL3d3dy53My5vcmcvMjAwMC9zdmciPjwvc3ZnPg==\" class=\"lazyload\" \/><\/a><script type=\"text\/javascript\">var hupso_services=new Array(\"Twitter\",\"Facebook\",\"Pinterest\",\"Linkedin\",\"Tumblr\",\"StumbleUpon\",\"Digg\",\"Reddit\",\"Bebo\",\"Delicious\",\"QZone\",\"Renren\",\"Email\");var hupso_icon_type = \"labels\";var hupso_background=\"#3BF8FF\";var hupso_border=\"#FF2B0A\";var hupso_image_folder_url = \"\";var hupso_url=\"\";var hupso_title=\"Powstanie%20Warszawskie%201944%3A%20Miasto%2C%20kt%C3%B3re%20wsta%C5%82o%20z%20kolan%20%E2%80%93%20i%20leg%C5%82o%20w%20p%C5%82omieniach\";<\/script><script type=\"text\/javascript\" src=\"http:\/\/static.hupso.com\/share\/js\/share.js\"><\/script><!-- Hupso Share Buttons --><\/div>","protected":false},"author":1,"featured_media":8235,"comment_status":"open","ping_status":"open","sticky":false,"template":"","format":"standard","meta":{"_acf_changed":false,"wprm-recipe-roundup-name":"","wprm-recipe-roundup-description":"","footnotes":""},"categories":[19,3,13,28],"tags":[],"class_list":["post-8234","post","type-post","status-publish","format-standard","has-post-thumbnail","hentry","category-aktualnosci","category-kultura","category-wa-wa","category-wyd"],"acf":[],"amp_enabled":true,"_links":{"self":[{"href":"http:\/\/portalm\u0142awa.pl\/index.php?rest_route=\/wp\/v2\/posts\/8234","targetHints":{"allow":["GET"]}}],"collection":[{"href":"http:\/\/portalm\u0142awa.pl\/index.php?rest_route=\/wp\/v2\/posts"}],"about":[{"href":"http:\/\/portalm\u0142awa.pl\/index.php?rest_route=\/wp\/v2\/types\/post"}],"author":[{"embeddable":true,"href":"http:\/\/portalm\u0142awa.pl\/index.php?rest_route=\/wp\/v2\/users\/1"}],"replies":[{"embeddable":true,"href":"http:\/\/portalm\u0142awa.pl\/index.php?rest_route=%2Fwp%2Fv2%2Fcomments&post=8234"}],"version-history":[{"count":1,"href":"http:\/\/portalm\u0142awa.pl\/index.php?rest_route=\/wp\/v2\/posts\/8234\/revisions"}],"predecessor-version":[{"id":8236,"href":"http:\/\/portalm\u0142awa.pl\/index.php?rest_route=\/wp\/v2\/posts\/8234\/revisions\/8236"}],"wp:featuredmedia":[{"embeddable":true,"href":"http:\/\/portalm\u0142awa.pl\/index.php?rest_route=\/wp\/v2\/media\/8235"}],"wp:attachment":[{"href":"http:\/\/portalm\u0142awa.pl\/index.php?rest_route=%2Fwp%2Fv2%2Fmedia&parent=8234"}],"wp:term":[{"taxonomy":"category","embeddable":true,"href":"http:\/\/portalm\u0142awa.pl\/index.php?rest_route=%2Fwp%2Fv2%2Fcategories&post=8234"},{"taxonomy":"post_tag","embeddable":true,"href":"http:\/\/portalm\u0142awa.pl\/index.php?rest_route=%2Fwp%2Fv2%2Ftags&post=8234"}],"curies":[{"name":"wp","href":"https:\/\/api.w.org\/{rel}","templated":true}]}}