{"id":8258,"date":"2025-07-18T08:39:44","date_gmt":"2025-07-18T06:39:44","guid":{"rendered":"http:\/\/portalm\u0142awa.pl\/?p=8258"},"modified":"2025-07-18T08:39:44","modified_gmt":"2025-07-18T06:39:44","slug":"bitwa-o-perony-w-mlawie-miliony-wydane-na-przebudowe-przystanku-moga-pojsc-na-marne","status":"publish","type":"post","link":"http:\/\/portalm\u0142awa.pl\/?p=8258","title":{"rendered":"Bitwa o perony w M\u0142awie. Miliony wydane na przebudow\u0119 przystanku mog\u0105 p\u00f3j\u015b\u0107 na marne"},"content":{"rendered":"<div class=\"et_post_meta_wrapper\" style=\"box-sizing: border-box; margin: 0px; padding: 0px; border: 0px; outline: 0px; font-size: 14px; text-size-adjust: 100%; vertical-align: baseline; background: rgba(255, 255, 255, 0); color: #2d2d2d; font-family: 'Open Sans', Arial, sans-serif;\">\n<p style=\"text-align: justify;\"><strong><span style=\"background-color: rgba(255, 255, 255, 0); color: #2d2d2d; font-size: 14px;\">Mieszka\u0144cy M\u0142awy nie kryj\u0105 oburzenia. Poci\u0105gi PKP Intercity, kt\u00f3re od grudnia 2023 zatrzymuj\u0105 si\u0119 na przystanku M\u0142awa Miasto, ju\u017c za kilka miesi\u0119cy mog\u0105 wr\u00f3ci\u0107 na odleg\u0142\u0105 stacj\u0119. To oznacza, \u017ce wydane na przebudow\u0119 przystanku ponad 3 miliony z\u0142otych mog\u0105 zosta\u0107 zmarnowane.<\/span><\/strong><\/p>\n<p style=\"text-align: justify;\"><span style=\"background-color: rgba(255, 255, 255, 0); color: #870f57; font-size: 16px;\">Przedwczesna decyzja bez danych<\/span><\/p>\n<p style=\"text-align: justify;\"><span style=\"background-color: rgba(255, 255, 255, 0);\">Zgodnie z pierwotnym planem, poci\u0105gi IC i TLK mia\u0142y zatrzymywa\u0107 si\u0119 na przystanku M\u0142awa Miasto co najmniej do grudnia 2025 roku. Taki harmonogram mia\u0142 pozwoli\u0107 na rzeteln\u0105 ocen\u0119 potok\u00f3w pasa\u017cerskich i sprawdzenie efektywno\u015bci nowego rozwi\u0105zania. Tymczasem z informacji prasowych z ko\u0144ca maja wynika, \u017ce ju\u017c od 31 sierpnia 2025 roku sk\u0142ady wr\u00f3c\u0105 na stacj\u0119 M\u0142awa.<\/span><\/p>\n<p style=\"text-align: justify;\"><span style=\"background-color: rgba(255, 255, 255, 0);\">Pos\u0142anka Paulina Matysiak, kt\u00f3ra wyst\u0105pi\u0142a w tej sprawie do Ministerstwa Infrastruktury, podkre\u015bla, \u017ce decyzja zosta\u0142a podj\u0119ta bez ujawnienia kluczowych danych. PKP Intercity odmawia udost\u0119pnienia informacji o liczbie sprzedanych bilet\u00f3w, powo\u0142uj\u0105c si\u0119 na tajemnic\u0119 przedsi\u0119biorstwa. W ocenie pos\u0142anki, argument ten nie przekonuje, skoro sp\u00f3\u0142ka realizuje po\u0142\u0105czenia dotowane z bud\u017cetu pa\u0144stwa.<\/span><\/p>\n<p style=\"text-align: justify;\"><span style=\"background-color: rgba(255, 255, 255, 0); color: #870f57; font-size: 16px;\">Dwie stacje, dwa obozy<\/span><\/p>\n<p style=\"text-align: justify;\"><span style=\"background-color: rgba(255, 255, 255, 0);\">Kwestia lokalizacji postoj\u00f3w dzieli mieszka\u0144c\u00f3w M\u0142awy na dwa obozy. Mieszka\u0144cy centrum miasta opowiadaj\u0105 si\u0119 za utrzymaniem postoj\u00f3w na przystanku M\u0142awa Miasto, kt\u00f3ry jest znacznie lepiej skomunikowany z centrum i zintegrowany z lokalnym transportem autobusowym. Z kolei mieszka\u0144cy okolic stacji M\u0142awa domagaj\u0105 si\u0119 powrotu poci\u0105g\u00f3w do pierwotnej lokalizacji.<\/span><\/p>\n<p style=\"text-align: justify;\"><span style=\"background-color: rgba(255, 255, 255, 0);\">Jak zauwa\u017ca pos\u0142anka Matysiak, pierwsza grupa jest liczniejsza i obejmuje du\u017ce osiedla mieszkaniowe. Ponadto przystanek M\u0142awa Miasto oferuje pasa\u017cerom znacznie wi\u0119cej udogodnie\u0144 \u2013 od lepszej komunikacji po wygodniejsze przesiadki na autobusy lokalne i dalekobie\u017cne.<\/span><\/p>\n<p style=\"text-align: justify;\"><span style=\"background-color: rgba(255, 255, 255, 0); color: #870f57; font-size: 16px;\">Problemy techniczne stacji na peryferiach<\/span><\/p>\n<p style=\"text-align: justify;\"><span style=\"background-color: rgba(255, 255, 255, 0);\">Stacja M\u0142awa, do kt\u00f3rej maj\u0105 zosta\u0107 przeniesione postoje, nie jest przygotowana na obs\u0142ug\u0119 nowoczesnych poci\u0105g\u00f3w mi\u0119dzywojew\u00f3dzkich. Po\u0142o\u017cona na peryferiach miasta, dysponuje peronami zbyt kr\u00f3tkimi, by bezpiecznie obs\u0142ugiwa\u0107 d\u0142ugie sk\u0142ady zestawione z wagon\u00f3w pasa\u017cerskich kursuj\u0105ce na trasach IC i TLK.<\/span><\/p>\n<p style=\"text-align: justify;\"><span style=\"background-color: rgba(255, 255, 255, 0);\">To kolejny argument przemawiaj\u0105cy za utrzymaniem postoj\u00f3w w dotychczasowej lokalizacji. Przystanek M\u0142awa Miasto zosta\u0142 w 2023 roku przebudowany i wyd\u0142u\u017cony w\u0142a\u015bnie z my\u015bl\u0105 o obs\u0142udze poci\u0105g\u00f3w dalekobie\u017cnych. Inwestycja poch\u0142on\u0119\u0142a ponad 3 miliony z\u0142otych z bud\u017cetu pa\u0144stwa.<\/span><\/p>\n<p style=\"text-align: justify;\"><span style=\"background-color: rgba(255, 255, 255, 0); color: #870f57; font-size: 16px;\">Petycja mieszka\u0144c\u00f3w czeka na odpowied\u017a<\/span><\/p>\n<p style=\"text-align: justify;\"><span style=\"background-color: rgba(255, 255, 255, 0);\">Burmistrz M\u0142awy z\u0142o\u017cy\u0142 w imieniu mieszka\u0144c\u00f3w petycj\u0119 do Ministerstwa Infrastruktury w sprawie kontynuacji postoj\u00f3w poci\u0105g\u00f3w IC i TLK na przystanku M\u0142awa Miasto. Zgodnie z ustaw\u0105 o petycjach, ministerstwo ma obowi\u0105zek niezw\u0142ocznego jej opublikowania i rozpatrzenia.<\/span><\/p>\n<p style=\"text-align: justify;\"><span style=\"background-color: rgba(255, 255, 255, 0);\">Pos\u0142anka Matysiak domaga si\u0119 od resortu infrastruktury wyja\u015bnie\u0144 w sprawie przyczyn przedwczesnego zako\u0144czenia pilota\u017cu oraz udost\u0119pnienia danych statystycznych dotycz\u0105cych liczby sprzedanych bilet\u00f3w na obu stacjach. Pyta tak\u017ce o dokumentacj\u0119 uzasadniaj\u0105c\u0105 planowane zmiany i przewagi stacji M\u0142awa nad przystankiem w centrum miasta.<\/span><\/p>\n<p style=\"text-align: justify;\"><span style=\"background-color: rgba(255, 255, 255, 0);\">Mieszka\u0144cy maj\u0105 nadziej\u0119, \u017ce ministerstwo i PKP Intercity przemy\u015bl\u0105 swoj\u0105 decyzj\u0119 i wezm\u0105 pod uwag\u0119 nie tylko ekonomiczne, ale tak\u017ce spo\u0142eczne aspekty funkcjonowania komunikacji kolejowej w mie\u015bcie.<\/span><\/p>\n<p style=\"text-align: justify;\">\u0179r\u00f3d\u0142o Paulina Matysiak Pose\u0142 na Sejm III RP<\/p>\n<p style=\"text-align: justify;\">\n<p style=\"text-align: justify;\">KOMENTARZE<\/p>\n<p style=\"text-align: justify;\">Wydawca portalu nie ponosi odpowiedzialno\u015bci za tre\u015b\u0107 komentarzy zamieszczanych przez u\u017cytkownik\u00f3w. Osoby zamieszczaj\u0105ce wypowiedzi naruszaj\u0105ce prawo lub prawem chronione dobra os\u00f3b trzecich mog\u0105 ponie\u015b\u0107 z tego tytu\u0142u odpowiedzialno\u015b\u0107 karn\u0105 lub cywiln\u0105.JEDNOCZE\u015aNIE UZYTKOWNICY ZAMIESZCZAJ\u0104C KOMENTARZ OSWIADCZAJ\u0104, \u017bE BIOR\u0104 PE\u0141N\u0104 ODPOWIEDZIALNO\u015a\u0106 ZA TRE\u015aCI UMIESZCZONE PRZEZ SIEBIE<\/p>\n<\/div>\n<div style=\"padding-bottom:20px; padding-top:10px;\" class=\"hupso-share-buttons\"><!-- Hupso Share Buttons - https:\/\/www.hupso.com\/share\/ --><a class=\"hupso_pop\" href=\"https:\/\/www.hupso.com\/share\/\"><img decoding=\"async\" data-src=\"http:\/\/static.hupso.com\/share\/buttons\/button100x23.png\" style=\"border:0px; width:100; height: 23; \" alt=\"Share Button\" src=\"data:image\/svg+xml;base64,PHN2ZyB3aWR0aD0iMSIgaGVpZ2h0PSIxIiB4bWxucz0iaHR0cDovL3d3dy53My5vcmcvMjAwMC9zdmciPjwvc3ZnPg==\" class=\"lazyload\" \/><\/a><script type=\"text\/javascript\">var hupso_services=new Array(\"Twitter\",\"Facebook\",\"Pinterest\",\"Linkedin\",\"Tumblr\",\"StumbleUpon\",\"Digg\",\"Reddit\",\"Bebo\",\"Delicious\",\"QZone\",\"Renren\",\"Email\");var hupso_icon_type = \"labels\";var hupso_background=\"#3BF8FF\";var hupso_border=\"#FF2B0A\";var hupso_image_folder_url = \"\";var hupso_url=\"\";var hupso_title=\"Bitwa%20o%20perony%20w%20M%C5%82awie.%20Miliony%20wydane%20na%20przebudow%C4%99%20przystanku%20mog%C4%85%20p%C3%B3j%C5%9B%C4%87%20na%20marne\";<\/script><script type=\"text\/javascript\" src=\"http:\/\/static.hupso.com\/share\/js\/share.js\"><\/script><!-- Hupso Share Buttons --><\/div>","protected":false},"excerpt":{"rendered":"<p>Mieszka\u0144cy M\u0142awy nie kryj\u0105 oburzenia. Poci\u0105gi PKP Intercity, kt\u00f3re od grudnia 2023 zatrzymuj\u0105 si\u0119 na przystanku M\u0142awa Miasto, ju\u017c za kilka miesi\u0119cy mog\u0105 wr\u00f3ci\u0107 na odleg\u0142\u0105 stacj\u0119. To oznacza, \u017ce&hellip; <\/p>\n<div style=\"padding-bottom:20px; padding-top:10px;\" class=\"hupso-share-buttons\"><!-- Hupso Share Buttons - https:\/\/www.hupso.com\/share\/ --><a class=\"hupso_pop\" href=\"https:\/\/www.hupso.com\/share\/\"><img data-src=\"http:\/\/static.hupso.com\/share\/buttons\/button100x23.png\" style=\"border:0px; width:100; height: 23; \" alt=\"Share Button\" src=\"data:image\/svg+xml;base64,PHN2ZyB3aWR0aD0iMSIgaGVpZ2h0PSIxIiB4bWxucz0iaHR0cDovL3d3dy53My5vcmcvMjAwMC9zdmciPjwvc3ZnPg==\" class=\"lazyload\" \/><\/a><script type=\"text\/javascript\">var hupso_services=new Array(\"Twitter\",\"Facebook\",\"Pinterest\",\"Linkedin\",\"Tumblr\",\"StumbleUpon\",\"Digg\",\"Reddit\",\"Bebo\",\"Delicious\",\"QZone\",\"Renren\",\"Email\");var hupso_icon_type = \"labels\";var hupso_background=\"#3BF8FF\";var hupso_border=\"#FF2B0A\";var hupso_image_folder_url = \"\";var hupso_url=\"\";var hupso_title=\"Bitwa%20o%20perony%20w%20M%C5%82awie.%20Miliony%20wydane%20na%20przebudow%C4%99%20przystanku%20mog%C4%85%20p%C3%B3j%C5%9B%C4%87%20na%20marne\";<\/script><script type=\"text\/javascript\" src=\"http:\/\/static.hupso.com\/share\/js\/share.js\"><\/script><!-- Hupso Share Buttons --><\/div>","protected":false},"author":1,"featured_media":8259,"comment_status":"open","ping_status":"open","sticky":false,"template":"","format":"standard","meta":{"_acf_changed":false,"wprm-recipe-roundup-name":"","wprm-recipe-roundup-description":"","footnotes":""},"categories":[19,506,28],"tags":[],"class_list":["post-8258","post","type-post","status-publish","format-standard","has-post-thumbnail","hentry","category-aktualnosci","category-pow","category-wyd"],"acf":[],"amp_enabled":true,"_links":{"self":[{"href":"http:\/\/portalm\u0142awa.pl\/index.php?rest_route=\/wp\/v2\/posts\/8258","targetHints":{"allow":["GET"]}}],"collection":[{"href":"http:\/\/portalm\u0142awa.pl\/index.php?rest_route=\/wp\/v2\/posts"}],"about":[{"href":"http:\/\/portalm\u0142awa.pl\/index.php?rest_route=\/wp\/v2\/types\/post"}],"author":[{"embeddable":true,"href":"http:\/\/portalm\u0142awa.pl\/index.php?rest_route=\/wp\/v2\/users\/1"}],"replies":[{"embeddable":true,"href":"http:\/\/portalm\u0142awa.pl\/index.php?rest_route=%2Fwp%2Fv2%2Fcomments&post=8258"}],"version-history":[{"count":1,"href":"http:\/\/portalm\u0142awa.pl\/index.php?rest_route=\/wp\/v2\/posts\/8258\/revisions"}],"predecessor-version":[{"id":8260,"href":"http:\/\/portalm\u0142awa.pl\/index.php?rest_route=\/wp\/v2\/posts\/8258\/revisions\/8260"}],"wp:featuredmedia":[{"embeddable":true,"href":"http:\/\/portalm\u0142awa.pl\/index.php?rest_route=\/wp\/v2\/media\/8259"}],"wp:attachment":[{"href":"http:\/\/portalm\u0142awa.pl\/index.php?rest_route=%2Fwp%2Fv2%2Fmedia&parent=8258"}],"wp:term":[{"taxonomy":"category","embeddable":true,"href":"http:\/\/portalm\u0142awa.pl\/index.php?rest_route=%2Fwp%2Fv2%2Fcategories&post=8258"},{"taxonomy":"post_tag","embeddable":true,"href":"http:\/\/portalm\u0142awa.pl\/index.php?rest_route=%2Fwp%2Fv2%2Ftags&post=8258"}],"curies":[{"name":"wp","href":"https:\/\/api.w.org\/{rel}","templated":true}]}}