{"id":8277,"date":"2025-07-18T16:21:41","date_gmt":"2025-07-18T14:21:41","guid":{"rendered":"http:\/\/portalm\u0142awa.pl\/?p=8277"},"modified":"2025-07-18T16:28:37","modified_gmt":"2025-07-18T14:28:37","slug":"nowy-dach-dla-mlawskiej-hali-sportowej-inwestycja-coraz-blizej-realizacji","status":"publish","type":"post","link":"http:\/\/portalm\u0142awa.pl\/?p=8277","title":{"rendered":"Nowy dach dla m\u0142awskiej hali sportowej \u2013 inwestycja coraz bli\u017cej realizacji!"},"content":{"rendered":"<div class=\"flex max-w-full flex-col grow\">\n<div class=\"min-h-8 text-message relative flex w-full flex-col items-end gap-2 text-start break-words whitespace-normal [.text-message+&amp;]:mt-5\" dir=\"auto\" data-message-author-role=\"assistant\" data-message-id=\"1b919216-0c6c-47db-9266-c13bb149a2c3\" data-message-model-slug=\"gpt-4o\">\n<div class=\"flex w-full flex-col gap-1 empty:hidden first:pt-[3px]\">\n<div class=\"markdown prose dark:prose-invert w-full break-words light\">\n<p style=\"text-align: justify;\" data-start=\"85\" data-end=\"450\"><strong>Powiat m\u0142awski stawia na bezpiecze\u0144stwo, komfort i rozw\u00f3j infrastruktury sportowej. Ju\u017c wkr\u00f3tce ruszy d\u0142ugo oczekiwany remont dachu hali sportowej, kt\u00f3rej poszycie pami\u0119ta czasy sprzed ponad dw\u00f3ch dekad. To nie tylko kwestia estetyki \u2013 obecny stan techniczny obiektu od dawna budzi\u0142 niepok\u00f3j, a coraz cz\u0119stsze przecieki generowa\u0142y wysokie koszty eksploatacyjne.<\/strong><\/p>\n<h3 style=\"text-align: justify;\" data-start=\"452\" data-end=\"501\"><strong data-start=\"459\" data-end=\"501\">Wsparcie finansowe i konkretne terminy<\/strong><\/h3>\n<p style=\"text-align: justify;\" data-start=\"503\" data-end=\"758\">Dobra wiadomo\u015b\u0107 nadesz\u0142a z Urz\u0119du Marsza\u0142kowskiego \u2013 <strong data-start=\"556\" data-end=\"615\">powiat m\u0142awski otrzyma\u0142 dotacj\u0119 w wysoko\u015bci 300 tys. z\u0142<\/strong>, co stanowi znaczn\u0105 cz\u0119\u015b\u0107 planowanej inwestycji, szacowanej na <strong data-start=\"679\" data-end=\"694\">420 tys. z\u0142<\/strong>. Brakuj\u0105c\u0105 kwot\u0119 \u2013 <strong data-start=\"714\" data-end=\"729\">120 tys. z\u0142<\/strong> \u2013 do\u0142o\u017cy samorz\u0105d powiatowy.<\/p>\n<p style=\"text-align: justify;\" data-start=\"760\" data-end=\"1004\"><strong data-start=\"762\" data-end=\"861\">To wa\u017cny krok w kierunku poprawy warunk\u00f3w dla sportowc\u00f3w i mieszka\u0144c\u00f3w korzystaj\u0105cych z obiektu. P<\/strong>race maj\u0105 zosta\u0107 przeprowadzone sprawnie i z jak najmniejsz\u0105 uci\u0105\u017cliwo\u015bci\u0105 dla u\u017cytkownik\u00f3w.<\/p>\n<h3 style=\"text-align: justify;\" data-start=\"1006\" data-end=\"1069\"><strong data-start=\"1013\" data-end=\"1069\">Przetarg ju\u017c w sierpniu, fina\u0142 prac mo\u017cliwy jesieni\u0105<\/strong><\/h3>\n<p style=\"text-align: justify;\" data-start=\"1071\" data-end=\"1375\">Prawdopodobnie na\u00a0 <strong data-start=\"1074\" data-end=\"1093\">po\u0142ow\u0119 sierpnia<\/strong> zaplanowane zostanie <strong data-start=\"1106\" data-end=\"1130\">og\u0142oszenie przetargu<\/strong>, kt\u00f3ry ma wy\u0142oni\u0107 wykonawc\u0119 zadania. Je\u015bli wszystko p\u00f3jdzie zgodnie z planem, <strong data-start=\"1209\" data-end=\"1251\">ju\u017c na pocz\u0105tku wrze\u015bnia poznamy firm\u0119<\/strong>, kt\u00f3ra podejmie si\u0119 prac. Remont ma potrwa\u0107 oko\u0142o miesi\u0105ca \u2013 <strong data-start=\"1313\" data-end=\"1374\">fina\u0142 inwestycji przewidywany jest na po\u0142ow\u0119 pa\u017adziernika<\/strong>.<\/p>\n<h3 style=\"text-align: justify;\" data-start=\"1377\" data-end=\"1428\"><strong data-start=\"1384\" data-end=\"1428\">Sport nie zwalnia \u2013 hala b\u0119dzie dzia\u0142a\u0107!<\/strong><\/h3>\n<p style=\"text-align: justify;\" data-start=\"1430\" data-end=\"1726\">Co wa\u017cne, <strong data-start=\"1440\" data-end=\"1501\">podczas remontu hala nie zostanie wy\u0142\u0105czona z u\u017cytkowania<\/strong>. Zaj\u0119cia sportowe i wydarzenia zaplanowane na jesie\u0144 b\u0119d\u0105 mog\u0142y odbywa\u0107 si\u0119 zgodnie z harmonogramem \u2013 to uk\u0142on w stron\u0119 lokalnych klub\u00f3w, szk\u00f3\u0142 i mieszka\u0144c\u00f3w, dla kt\u00f3rych obiekt jest miejscem regularnej aktywno\u015bci fizycznej.<\/p>\n<h3 style=\"text-align: justify;\" data-start=\"1889\" data-end=\"1956\"><strong data-start=\"1895\" data-end=\"1956\">Decyzja o wprowadzeniu inwestycji do bud\u017cetu ju\u017c niebawem<\/strong><\/h3>\n<p style=\"text-align: justify;\" data-start=\"1958\" data-end=\"2154\">W najbli\u017cszym czasie projekt remontu dachu zostanie oficjalnie <strong data-start=\"2021\" data-end=\"2066\">wprowadzony do bud\u017cetu powiatu m\u0142awskiego<\/strong>, co umo\u017cliwi rozpocz\u0119cie procedur przetargowych i formalnych przygotowa\u0144 do realizacji.<\/p>\n<p style=\"text-align: justify;\" data-start=\"2161\" data-end=\"2341\">Trzymamy kciuki za szybki wyb\u00f3r wykonawcy i sprawny przebieg prac!<\/p>\n<p style=\"text-align: justify;\" data-start=\"2343\" data-end=\"2413\" data-is-last-node=\"\" data-is-only-node=\"\"><strong data-start=\"2346\" data-end=\"2413\" data-is-last-node=\"\">\u015aled\u017a nasz portal, aby by\u0107 na bie\u017c\u0105co z przebiegiem inwestycji!<\/strong><\/p>\n<p data-start=\"2343\" data-end=\"2413\" data-is-last-node=\"\" data-is-only-node=\"\">T.B<\/p>\n<div>\n<div class=\"flex min-h-[46px] justify-start\">\n<p style=\"text-align: justify;\"><strong>KOMENTARZE<\/strong><\/p>\n<p style=\"text-align: justify;\"><em>Wydawca portalu nie ponosi odpowiedzialno\u015bci za tre\u015b\u0107 komentarzy zamieszczanych przez u\u017cytkownik\u00f3w. Osoby zamieszczaj\u0105ce wypowiedzi naruszaj\u0105ce prawo lub prawem chronione dobra os\u00f3b trzecich mog\u0105 ponie\u015b\u0107 z tego tytu\u0142u odpowiedzialno\u015b\u0107 karn\u0105 lub cywiln\u0105.<b>JEDNOCZE\u015aNIE UZYTKOWNICY ZAMIESZCZAJ\u0104C KOMENTARZ OSWIADCZAJ\u0104, \u017bE BIOR\u0104 PE\u0141N\u0104 ODPOWIEDZIALNO\u015a\u0106 ZA TRE\u015aCI UMIESZCZONE PRZEZ SIEBIE<\/b><\/em><\/p>\n<\/div>\n<\/div>\n<\/div>\n<\/div>\n<\/div>\n<\/div>\n<div class=\"mx-[var(--mini-thread-content-inset)]\">\n<div class=\"flex min-h-[46px] justify-start\" style=\"text-align: justify;\"><\/div>\n<\/div>\n<div style=\"padding-bottom:20px; padding-top:10px;\" class=\"hupso-share-buttons\"><!-- Hupso Share Buttons - https:\/\/www.hupso.com\/share\/ --><a class=\"hupso_pop\" href=\"https:\/\/www.hupso.com\/share\/\"><img decoding=\"async\" data-src=\"http:\/\/static.hupso.com\/share\/buttons\/button100x23.png\" style=\"border:0px; width:100; height: 23; \" alt=\"Share Button\" src=\"data:image\/svg+xml;base64,PHN2ZyB3aWR0aD0iMSIgaGVpZ2h0PSIxIiB4bWxucz0iaHR0cDovL3d3dy53My5vcmcvMjAwMC9zdmciPjwvc3ZnPg==\" class=\"lazyload\" \/><\/a><script type=\"text\/javascript\">var hupso_services=new Array(\"Twitter\",\"Facebook\",\"Pinterest\",\"Linkedin\",\"Tumblr\",\"StumbleUpon\",\"Digg\",\"Reddit\",\"Bebo\",\"Delicious\",\"QZone\",\"Renren\",\"Email\");var hupso_icon_type = \"labels\";var hupso_background=\"#3BF8FF\";var hupso_border=\"#FF2B0A\";var hupso_image_folder_url = \"\";var hupso_url=\"\";var hupso_title=\"Nowy%20dach%20dla%20m%C5%82awskiej%20hali%20sportowej%20%E2%80%93%20inwestycja%20coraz%20bli%C5%BCej%20realizacji%21\";<\/script><script type=\"text\/javascript\" src=\"http:\/\/static.hupso.com\/share\/js\/share.js\"><\/script><!-- Hupso Share Buttons --><\/div>","protected":false},"excerpt":{"rendered":"<p>Powiat m\u0142awski stawia na bezpiecze\u0144stwo, komfort i rozw\u00f3j infrastruktury sportowej. Ju\u017c wkr\u00f3tce ruszy d\u0142ugo oczekiwany remont dachu hali sportowej, kt\u00f3rej poszycie pami\u0119ta czasy sprzed ponad dw\u00f3ch dekad. To nie tylko&hellip; <\/p>\n<div style=\"padding-bottom:20px; padding-top:10px;\" class=\"hupso-share-buttons\"><!-- Hupso Share Buttons - https:\/\/www.hupso.com\/share\/ --><a class=\"hupso_pop\" href=\"https:\/\/www.hupso.com\/share\/\"><img data-src=\"http:\/\/static.hupso.com\/share\/buttons\/button100x23.png\" style=\"border:0px; width:100; height: 23; \" alt=\"Share Button\" src=\"data:image\/svg+xml;base64,PHN2ZyB3aWR0aD0iMSIgaGVpZ2h0PSIxIiB4bWxucz0iaHR0cDovL3d3dy53My5vcmcvMjAwMC9zdmciPjwvc3ZnPg==\" class=\"lazyload\" \/><\/a><script type=\"text\/javascript\">var hupso_services=new Array(\"Twitter\",\"Facebook\",\"Pinterest\",\"Linkedin\",\"Tumblr\",\"StumbleUpon\",\"Digg\",\"Reddit\",\"Bebo\",\"Delicious\",\"QZone\",\"Renren\",\"Email\");var hupso_icon_type = \"labels\";var hupso_background=\"#3BF8FF\";var hupso_border=\"#FF2B0A\";var hupso_image_folder_url = \"\";var hupso_url=\"\";var hupso_title=\"Nowy%20dach%20dla%20m%C5%82awskiej%20hali%20sportowej%20%E2%80%93%20inwestycja%20coraz%20bli%C5%BCej%20realizacji%21\";<\/script><script type=\"text\/javascript\" src=\"http:\/\/static.hupso.com\/share\/js\/share.js\"><\/script><!-- Hupso Share Buttons --><\/div>","protected":false},"author":1,"featured_media":1780,"comment_status":"open","ping_status":"open","sticky":false,"template":"","format":"standard","meta":{"_acf_changed":false,"wprm-recipe-roundup-name":"","wprm-recipe-roundup-description":"","footnotes":""},"categories":[19,4,28],"tags":[],"class_list":["post-8277","post","type-post","status-publish","format-standard","has-post-thumbnail","hentry","category-aktualnosci","category-spo","category-wyd"],"acf":[],"amp_enabled":true,"_links":{"self":[{"href":"http:\/\/portalm\u0142awa.pl\/index.php?rest_route=\/wp\/v2\/posts\/8277","targetHints":{"allow":["GET"]}}],"collection":[{"href":"http:\/\/portalm\u0142awa.pl\/index.php?rest_route=\/wp\/v2\/posts"}],"about":[{"href":"http:\/\/portalm\u0142awa.pl\/index.php?rest_route=\/wp\/v2\/types\/post"}],"author":[{"embeddable":true,"href":"http:\/\/portalm\u0142awa.pl\/index.php?rest_route=\/wp\/v2\/users\/1"}],"replies":[{"embeddable":true,"href":"http:\/\/portalm\u0142awa.pl\/index.php?rest_route=%2Fwp%2Fv2%2Fcomments&post=8277"}],"version-history":[{"count":3,"href":"http:\/\/portalm\u0142awa.pl\/index.php?rest_route=\/wp\/v2\/posts\/8277\/revisions"}],"predecessor-version":[{"id":8280,"href":"http:\/\/portalm\u0142awa.pl\/index.php?rest_route=\/wp\/v2\/posts\/8277\/revisions\/8280"}],"wp:featuredmedia":[{"embeddable":true,"href":"http:\/\/portalm\u0142awa.pl\/index.php?rest_route=\/wp\/v2\/media\/1780"}],"wp:attachment":[{"href":"http:\/\/portalm\u0142awa.pl\/index.php?rest_route=%2Fwp%2Fv2%2Fmedia&parent=8277"}],"wp:term":[{"taxonomy":"category","embeddable":true,"href":"http:\/\/portalm\u0142awa.pl\/index.php?rest_route=%2Fwp%2Fv2%2Fcategories&post=8277"},{"taxonomy":"post_tag","embeddable":true,"href":"http:\/\/portalm\u0142awa.pl\/index.php?rest_route=%2Fwp%2Fv2%2Ftags&post=8277"}],"curies":[{"name":"wp","href":"https:\/\/api.w.org\/{rel}","templated":true}]}}