{"id":8378,"date":"2025-07-22T07:33:56","date_gmt":"2025-07-22T05:33:56","guid":{"rendered":"http:\/\/portalm\u0142awa.pl\/?p=8378"},"modified":"2025-07-22T07:33:56","modified_gmt":"2025-07-22T05:33:56","slug":"szlagiery-sentymenty-i-szczypta-szalenstwa-justyna-jary-alegancka-kapela-w-mlawie","status":"publish","type":"post","link":"http:\/\/portalm\u0142awa.pl\/?p=8378","title":{"rendered":"Szlagiery, sentymenty i szczypta szale\u0144stwa \u2013 Justyna Jary &#038; Alegancka Kapela w M\u0142awie!"},"content":{"rendered":"<p style=\"text-align: justify;\"><strong>Je\u015bli my\u015blisz, \u017ce Bal na Gnojnej to tylko relikt przesz\u0142o\u015bci, a Miecio Tr\u0105bka to imi\u0119 wujka z Woli, to\u2026 jeste\u015b w b\u0142\u0119dzie \u2013 i musisz by\u0107 z nami 3 sierpnia o 18:00 w Parku Miejskim w M\u0142awie!<\/strong><\/p>\n<p style=\"text-align: justify;\">Zapraszamy na koncert z przytupem, westchnieniem i kabaretowym mrugni\u0119ciem oka. Justyna Jary i Alegancka Kapela przenios\u0105 Was do \u015bwiata podw\u00f3rek, salon\u00f3w i dawnych dancing\u00f3w \u2013 z elegancj\u0105, pasj\u0105 i humorem.<\/p>\n<p style=\"text-align: justify;\">\n<p style=\"text-align: justify;\"><strong>\u00a0W programie<\/strong>:<\/p>\n<p style=\"text-align: justify;\">Tanga, walczyki, beguiny i szlagiery, kt\u00f3re znaj\u0105 wszyscy, ale\u2026 niekoniecznie pami\u0119taj\u0105 wszystkie zwrotki. Stylowe aran\u017cacje takich pere\u0142ek jak:<\/p>\n<p style=\"text-align: justify;\">&#8211; Bal na Gnojnej<\/p>\n<p style=\"text-align: justify;\">&#8211; Miecio Tr\u0105bka<\/p>\n<p style=\"text-align: justify;\">&#8211; Apaszem Stasiek by\u0142<\/p>\n<p style=\"text-align: justify;\">Ka\u017cdy z utwor\u00f3w to miniaturowa opowie\u015b\u0107: dramatyczna, nami\u0119tna, niekiedy z ironicznym przymru\u017ceniem oka \u2013 idealna na letni wiecz\u00f3r pod go\u0142ym niebem.<\/p>\n<p style=\"text-align: justify;\">\u00a0<strong>Na scenie zabrzmi\u0105 m.in.<\/strong>:<\/p>\n<p style=\"text-align: justify;\">akordeon, banjo, mandolina, saksofon, kontrabas i b\u0119bny \u2013 wszystko to, co sprawia, \u017ce nogi same ta\u0144cz\u0105, a serce \u0142apie rytm.<\/p>\n<p style=\"text-align: justify;\">\n<p style=\"text-align: justify;\">\u00a0<strong>Gdzie? Estrada w Parku Miejskim w M\u0142awie<\/strong><\/p>\n<p style=\"text-align: justify;\"><strong>Kiedy? 3 sierpnia 2025<\/strong><\/p>\n<p style=\"text-align: justify;\"><strong>O kt\u00f3rej?<\/strong> 18:00 \u2013 19:30<\/p>\n<p style=\"text-align: justify;\">\u00a0<strong>Wst\u0119p?<\/strong> Jak za dawnych lat \u2013 wolny!<\/p>\n<p style=\"text-align: justify;\">\u00a0Wk\u0142adajcie kapelusze, przypinajcie czerwone r\u00f3\u017ce do klap \u2013 i widzimy si\u0119 w parku! B\u0119dzie tanecznie, wzruszaj\u0105co i po prostu&#8230; alegancko!<\/p>\n<p>T.B<\/p>\n<p>&nbsp;<\/p>\n<p style=\"text-align: justify;\"><strong>KOMENTARZE<\/strong><\/p>\n<p style=\"text-align: justify;\"><em>Wydawca portalu nie ponosi odpowiedzialno\u015bci za tre\u015b\u0107 komentarzy zamieszczanych przez u\u017cytkownik\u00f3w. Osoby zamieszczaj\u0105ce wypowiedzi naruszaj\u0105ce prawo lub prawem chronione dobra os\u00f3b trzecich mog\u0105 ponie\u015b\u0107 z tego tytu\u0142u odpowiedzialno\u015b\u0107 karn\u0105 lub cywiln\u0105.<b>JEDNOCZE\u015aNIE UZYTKOWNICY ZAMIESZCZAJ\u0104C KOMENTARZ OSWIADCZAJ\u0104, \u017bE BIOR\u0104 PE\u0141N\u0104 ODPOWIEDZIALNO\u015a\u0106 ZA TRE\u015aCI UMIESZCZONE PRZEZ SIEBIE<\/b><\/em><\/p>\n<div style=\"padding-bottom:20px; padding-top:10px;\" class=\"hupso-share-buttons\"><!-- Hupso Share Buttons - https:\/\/www.hupso.com\/share\/ --><a class=\"hupso_pop\" href=\"https:\/\/www.hupso.com\/share\/\"><img decoding=\"async\" data-src=\"http:\/\/static.hupso.com\/share\/buttons\/button100x23.png\" style=\"border:0px; width:100; height: 23; \" alt=\"Share Button\" src=\"data:image\/svg+xml;base64,PHN2ZyB3aWR0aD0iMSIgaGVpZ2h0PSIxIiB4bWxucz0iaHR0cDovL3d3dy53My5vcmcvMjAwMC9zdmciPjwvc3ZnPg==\" class=\"lazyload\" \/><\/a><script type=\"text\/javascript\">var hupso_services=new Array(\"Twitter\",\"Facebook\",\"Pinterest\",\"Linkedin\",\"Tumblr\",\"StumbleUpon\",\"Digg\",\"Reddit\",\"Bebo\",\"Delicious\",\"QZone\",\"Renren\",\"Email\");var hupso_icon_type = \"labels\";var hupso_background=\"#3BF8FF\";var hupso_border=\"#FF2B0A\";var hupso_image_folder_url = \"\";var hupso_url=\"\";var hupso_title=\"Szlagiery%2C%20sentymenty%20i%20szczypta%20szale%C5%84stwa%20%E2%80%93%20Justyna%20Jary%20%26%20Alegancka%20Kapela%20w%20M%C5%82awie%21\";<\/script><script type=\"text\/javascript\" src=\"http:\/\/static.hupso.com\/share\/js\/share.js\"><\/script><!-- Hupso Share Buttons --><\/div>","protected":false},"excerpt":{"rendered":"<p>Je\u015bli my\u015blisz, \u017ce Bal na Gnojnej to tylko relikt przesz\u0142o\u015bci, a Miecio Tr\u0105bka to imi\u0119 wujka z Woli, to\u2026 jeste\u015b w b\u0142\u0119dzie \u2013 i musisz by\u0107 z nami 3 sierpnia&hellip; <\/p>\n<div style=\"padding-bottom:20px; padding-top:10px;\" class=\"hupso-share-buttons\"><!-- Hupso Share Buttons - https:\/\/www.hupso.com\/share\/ --><a class=\"hupso_pop\" href=\"https:\/\/www.hupso.com\/share\/\"><img data-src=\"http:\/\/static.hupso.com\/share\/buttons\/button100x23.png\" style=\"border:0px; width:100; height: 23; \" alt=\"Share Button\" src=\"data:image\/svg+xml;base64,PHN2ZyB3aWR0aD0iMSIgaGVpZ2h0PSIxIiB4bWxucz0iaHR0cDovL3d3dy53My5vcmcvMjAwMC9zdmciPjwvc3ZnPg==\" class=\"lazyload\" \/><\/a><script type=\"text\/javascript\">var hupso_services=new Array(\"Twitter\",\"Facebook\",\"Pinterest\",\"Linkedin\",\"Tumblr\",\"StumbleUpon\",\"Digg\",\"Reddit\",\"Bebo\",\"Delicious\",\"QZone\",\"Renren\",\"Email\");var hupso_icon_type = \"labels\";var hupso_background=\"#3BF8FF\";var hupso_border=\"#FF2B0A\";var hupso_image_folder_url = \"\";var hupso_url=\"\";var hupso_title=\"Szlagiery%2C%20sentymenty%20i%20szczypta%20szale%C5%84stwa%20%E2%80%93%20Justyna%20Jary%20%26%20Alegancka%20Kapela%20w%20M%C5%82awie%21\";<\/script><script type=\"text\/javascript\" src=\"http:\/\/static.hupso.com\/share\/js\/share.js\"><\/script><!-- Hupso Share Buttons --><\/div>","protected":false},"author":1,"featured_media":8379,"comment_status":"open","ping_status":"open","sticky":false,"template":"","format":"standard","meta":{"_acf_changed":false,"wprm-recipe-roundup-name":"","wprm-recipe-roundup-description":"","footnotes":""},"categories":[19,3,28,696,6],"tags":[],"class_list":["post-8378","post","type-post","status-publish","format-standard","has-post-thumbnail","hentry","category-aktualnosci","category-kultura","category-wyd","category-zaproszenia","category-zapro-szenia"],"acf":[],"amp_enabled":true,"_links":{"self":[{"href":"http:\/\/portalm\u0142awa.pl\/index.php?rest_route=\/wp\/v2\/posts\/8378","targetHints":{"allow":["GET"]}}],"collection":[{"href":"http:\/\/portalm\u0142awa.pl\/index.php?rest_route=\/wp\/v2\/posts"}],"about":[{"href":"http:\/\/portalm\u0142awa.pl\/index.php?rest_route=\/wp\/v2\/types\/post"}],"author":[{"embeddable":true,"href":"http:\/\/portalm\u0142awa.pl\/index.php?rest_route=\/wp\/v2\/users\/1"}],"replies":[{"embeddable":true,"href":"http:\/\/portalm\u0142awa.pl\/index.php?rest_route=%2Fwp%2Fv2%2Fcomments&post=8378"}],"version-history":[{"count":1,"href":"http:\/\/portalm\u0142awa.pl\/index.php?rest_route=\/wp\/v2\/posts\/8378\/revisions"}],"predecessor-version":[{"id":8380,"href":"http:\/\/portalm\u0142awa.pl\/index.php?rest_route=\/wp\/v2\/posts\/8378\/revisions\/8380"}],"wp:featuredmedia":[{"embeddable":true,"href":"http:\/\/portalm\u0142awa.pl\/index.php?rest_route=\/wp\/v2\/media\/8379"}],"wp:attachment":[{"href":"http:\/\/portalm\u0142awa.pl\/index.php?rest_route=%2Fwp%2Fv2%2Fmedia&parent=8378"}],"wp:term":[{"taxonomy":"category","embeddable":true,"href":"http:\/\/portalm\u0142awa.pl\/index.php?rest_route=%2Fwp%2Fv2%2Fcategories&post=8378"},{"taxonomy":"post_tag","embeddable":true,"href":"http:\/\/portalm\u0142awa.pl\/index.php?rest_route=%2Fwp%2Fv2%2Ftags&post=8378"}],"curies":[{"name":"wp","href":"https:\/\/api.w.org\/{rel}","templated":true}]}}