{"id":8381,"date":"2025-07-22T08:52:11","date_gmt":"2025-07-22T06:52:11","guid":{"rendered":"http:\/\/portalm\u0142awa.pl\/?p=8381"},"modified":"2025-07-22T08:52:11","modified_gmt":"2025-07-22T06:52:11","slug":"czy-maloletni-prowadzacy-firme-oplaca-skladki-zus","status":"publish","type":"post","link":"http:\/\/portalm\u0142awa.pl\/?p=8381","title":{"rendered":"Czy ma\u0142oletni prowadz\u0105cy firm\u0119 op\u0142aca sk\u0142adki ZUS"},"content":{"rendered":"<p style=\"text-align: justify;\"><strong style=\"color: #000000; font-family: Montserrat; font-size: 16.8px;\">Prowadzenie dzia\u0142alno\u015bci gospodarczej we w\u0142asnym imieniu przez przedsi\u0119biorc\u0119 b\u0119d\u0105cego osob\u0105 fizyczn\u0105 wymaga posiadania przez niego pe\u0142nej zdolno\u015bci do czynno\u015bci prawnych. Zatem, od momentu rozpocz\u0119cia prowadzenia dzia\u0142alno\u015bci do dnia uzyskania pe\u0142noletno\u015bci ma\u0142oletni przedsi\u0119biorca nie podlega ubezpieczeniom spo\u0142ecznym i nie ci\u0105\u017cy na nim obowi\u0105zek op\u0142acania sk\u0142adek na ubezpieczenia spo\u0142eczne.<\/strong><\/p>\n<p style=\"margin: 8px 0px; padding: 0px; border: 0px; font-size: 1.05rem; font-family: Montserrat; vertical-align: baseline; line-height: 1.7rem; word-break: break-word; color: #000000; text-align: justify;\">We wniosku o interpretacj\u0119 przedsi\u0119biorca wskaza\u0142, \u017ce od 15 listopada 2023 r. rozpocz\u0105\u0142 jednoosobow\u0105 dzia\u0142alno\u015b\u0107 gospodarcz\u0105 jako osoba niepe\u0142noletnia z pe\u0142nomocnikiem, natomiast w dniu 15 grudnia 2024 r. uko\u0144czy\u0142 18 lat. W tym okresie nie by\u0142 zg\u0142oszony do ubezpiecze\u0144 spo\u0142ecznych i nie odprowadza\u0142 sk\u0142adek ZUS, poniewa\u017c by\u0142 ubezpieczony u swojego taty w KRUS jako domownik. Jest r\u00f3wnie\u017c osob\u0105 nadal ucz\u0105c\u0105 si\u0119, a od 2012 r. posiada orzeczenie o niepe\u0142nosprawno\u015bci w stopniu znacznym. Zdaniem przedsi\u0119biorcy, nie powinien by\u0142 odprowadza\u0107 sk\u0142adek spo\u0142ecznych z tytu\u0142u prowadzenia dzia\u0142alno\u015bci gospodarczej a\u017c do momentu uzyskania pe\u0142noletno\u015bci.<\/p>\n<p style=\"margin: 8px 0px; padding: 0px; border: 0px; font-size: 1.05rem; font-family: Montserrat; vertical-align: baseline; line-height: 1.7rem; word-break: break-word; color: #000000; text-align: justify;\"><strong>Na pytanie zadane we wniosku przedsi\u0119biorcy Zak\u0142ad Ubezpiecze\u0144 Spo\u0142ecznych odpowiedzia\u0142:<\/strong><\/p>\n<p style=\"margin: 8px 0px; padding: 0px; border: 0px; font-size: 1.05rem; font-family: Montserrat; vertical-align: baseline; line-height: 1.7rem; word-break: break-word; color: #000000; text-align: justify;\">Zagadnienia dotycz\u0105ce podlegania ubezpieczeniom spo\u0142ecznym, obowi\u0105zku op\u0142acania sk\u0142adek i ustalania podstawy wymiaru sk\u0142adek na te ubezpieczenia regulowane s\u0105 za po\u015brednictwem ustawy z dnia 13 pa\u017adziernika 1998 r. o systemie ubezpiecze\u0144 spo\u0142ecznych. W art. 6 ust. 1 tej ustawy ustawodawca wskaza\u0142 katalog podmiot\u00f3w obj\u0119tych obowi\u0105zkiem ubezpieczenia emerytalnego i ubezpiecze\u0144 rentowych. Wyliczenie zawarte we wskazanym przepisie jest wyczerpuj\u0105ce i ma charakter zamkni\u0119ty.<\/p>\n<p style=\"text-align: justify;\">W my\u015bl art. 6 ust. 1 pkt 5 w zwi\u0105zku z art. 8 ust. 6 pkt 1 tej\u017ce ustawy, obowi\u0105zkowo ubezpieczeniom emerytalnemu i rentowym podlegaj\u0105 osoby fizyczne, kt\u00f3re na obszarze Rzeczypospolitej Polski s\u0105 osobami prowadz\u0105cymi pozarolnicz\u0105 dzia\u0142alno\u015b\u0107 gospodarcz\u0105 na podstawie przepis\u00f3w o dzia\u0142alno\u015bci gospodarczej lub innych przepis\u00f3w szczeg\u00f3lnych. Z brzmienia ww. przepis\u00f3w wynika zatem, \u017ce przedsi\u0119biorca posiadaj\u0105cy wpis do CEIDG, a tym samym b\u0119d\u0105cy przedsi\u0119biorc\u0105 w rozumieniu przepis\u00f3w ustawy o swobodzie dzia\u0142alno\u015bci gospodarczej, podlega ubezpieczeniu emerytalnemu i rentowym os\u00f3b prowadz\u0105cych dzia\u0142alno\u015b\u0107 gospodarcz\u0105.<\/p>\n<p style=\"text-align: justify;\">Zgodnie z art. 15 Kodeksu cywilnego ma\u0142oletni, kt\u00f3rzy uko\u0144czyli lat 13 maj\u0105 ograniczon\u0105 zdolno\u015b\u0107 do czynno\u015bci prawnych. Do wa\u017cno\u015bci czynno\u015bci prawnej jak wynika z art 17 k.c. przez kt\u00f3r\u0105 osoba ograniczona w zdolno\u015bci do czynno\u015bci prawnych zaci\u0105ga zobowi\u0105zanie lub rozporz\u0105dza swoim prawem, potrzebna jest zgoda jej przedstawiciela ustawowego. Pe\u0142n\u0105 zdolno\u015b\u0107 do czynno\u015bci prawnych nabywa si\u0119 z chwil\u0105 uzyskania pe\u0142noletno\u015bci &#8211; art. 11 k.c.<\/p>\n<p style=\"text-align: justify;\">W \u015bwietle powo\u0142anych wy\u017cej przepis\u00f3w Kodeksu cywilnego pe\u0142n\u0105 zdolno\u015b\u0107 do czynno\u015bci prawnych posiada osoba pe\u0142noletnia. Przepisy Kodeksu cywilnego reguluj\u0105ce zdolno\u015b\u0107 do czynno\u015bci prawnych maj\u0105 znaczenie dla oceny czy osoba nieposiadaj\u0105ca pe\u0142nej zdolno\u015bci prawnej mo\u017ce uzyska\u0107 status przedsi\u0119biorcy w rozumieniu przepis\u00f3w ustawy o swobodzie dzia\u0142alno\u015bci gospodarczej &#8211; art. 4 tej\u017ce ustawy. Znajduje to potwierdzenie m.in. w wyroku z dnia 22 kwietnia 2009 r., sygn. akt VI Ca 1083\/08, w kt\u00f3rym S\u0105d Apelacyjny w Warszawie stwierdzi\u0142, \u017ce\u00a0<strong>prowadzenie dzia\u0142alno\u015bci gospodarczej we w\u0142asnym imieniu przez przedsi\u0119biorc\u0119 wi\u0105\u017ce si\u0119 z dokonywaniem czynno\u015bci prawnych przekraczaj\u0105cych zakres wynikaj\u0105cy z art. 14 \u00a7 2 Kodeksu cywilnego i wymaga posiadania przez przedsi\u0119biorc\u0119 b\u0119d\u0105cego osob\u0105 fizyczn\u0105, pe\u0142nej zdolno\u015bci do czynno\u015bci prawnych.<\/strong><\/p>\n<p style=\"text-align: justify;\">ZUS uzna\u0142 wi\u0119c,<strong>\u00a0od momentu rozpocz\u0119cia prowadzenia dzia\u0142alno\u015bci do dnia uzyskania pe\u0142noletno\u015bci ma\u0142oletni przedsi\u0119biorca nie podlega ubezpieczeniom spo\u0142ecznym i nie ci\u0105\u017cy na nim obowi\u0105zek op\u0142acania sk\u0142adek na ubezpieczenia spo\u0142eczne.<\/strong><\/p>\n<div class=\"adsense__article adsense__article-no-margin\" style=\"text-align: justify;\">\n<div class=\"js-adserver\">\n<div class=\"adsense__container\">\n<div class=\"adsense__inner-container\">\n<p>Interpretacja indywidualna z 28 lutego 2025 r., sygn. DI\/100000\/43\/79\/2025 (decyzja nr 108) &#8211; Zak\u0142ad Ubezpiecze\u0144 Spo\u0142ecznych Oddzia\u0142 w Gda\u0144sku<\/p>\n<p><strong>\u017ar\u00f3d\u0142o:\u00a0<a href=\"https:\/\/bip.zus.pl\/inne\/interpretacje\" target=\"_blank\" rel=\"noopener\">ZUS<\/a>, redakcja podatki.biz<\/strong><\/p>\n<p>&nbsp;<\/p>\n<\/div>\n<\/div>\n<\/div>\n<\/div>\n<p style=\"text-align: justify;\">\n<div style=\"padding-bottom:20px; padding-top:10px;\" class=\"hupso-share-buttons\"><!-- Hupso Share Buttons - https:\/\/www.hupso.com\/share\/ --><a class=\"hupso_pop\" href=\"https:\/\/www.hupso.com\/share\/\"><img decoding=\"async\" data-src=\"http:\/\/static.hupso.com\/share\/buttons\/button100x23.png\" style=\"border:0px; width:100; height: 23; \" alt=\"Share Button\" src=\"data:image\/svg+xml;base64,PHN2ZyB3aWR0aD0iMSIgaGVpZ2h0PSIxIiB4bWxucz0iaHR0cDovL3d3dy53My5vcmcvMjAwMC9zdmciPjwvc3ZnPg==\" class=\"lazyload\" \/><\/a><script type=\"text\/javascript\">var hupso_services=new Array(\"Twitter\",\"Facebook\",\"Pinterest\",\"Linkedin\",\"Tumblr\",\"StumbleUpon\",\"Digg\",\"Reddit\",\"Bebo\",\"Delicious\",\"QZone\",\"Renren\",\"Email\");var hupso_icon_type = \"labels\";var hupso_background=\"#3BF8FF\";var hupso_border=\"#FF2B0A\";var hupso_image_folder_url = \"\";var hupso_url=\"\";var hupso_title=\"Czy%20ma%C5%82oletni%20prowadz%C4%85cy%20firm%C4%99%20op%C5%82aca%20sk%C5%82adki%20ZUS\";<\/script><script type=\"text\/javascript\" src=\"http:\/\/static.hupso.com\/share\/js\/share.js\"><\/script><!-- Hupso Share Buttons --><\/div>","protected":false},"excerpt":{"rendered":"<p>Prowadzenie dzia\u0142alno\u015bci gospodarczej we w\u0142asnym imieniu przez przedsi\u0119biorc\u0119 b\u0119d\u0105cego osob\u0105 fizyczn\u0105 wymaga posiadania przez niego pe\u0142nej zdolno\u015bci do czynno\u015bci prawnych. Zatem, od momentu rozpocz\u0119cia prowadzenia dzia\u0142alno\u015bci do dnia uzyskania pe\u0142noletno\u015bci&hellip; <\/p>\n<div style=\"padding-bottom:20px; padding-top:10px;\" class=\"hupso-share-buttons\"><!-- Hupso Share Buttons - https:\/\/www.hupso.com\/share\/ --><a class=\"hupso_pop\" href=\"https:\/\/www.hupso.com\/share\/\"><img data-src=\"http:\/\/static.hupso.com\/share\/buttons\/button100x23.png\" style=\"border:0px; width:100; height: 23; \" alt=\"Share Button\" src=\"data:image\/svg+xml;base64,PHN2ZyB3aWR0aD0iMSIgaGVpZ2h0PSIxIiB4bWxucz0iaHR0cDovL3d3dy53My5vcmcvMjAwMC9zdmciPjwvc3ZnPg==\" class=\"lazyload\" \/><\/a><script type=\"text\/javascript\">var hupso_services=new Array(\"Twitter\",\"Facebook\",\"Pinterest\",\"Linkedin\",\"Tumblr\",\"StumbleUpon\",\"Digg\",\"Reddit\",\"Bebo\",\"Delicious\",\"QZone\",\"Renren\",\"Email\");var hupso_icon_type = \"labels\";var hupso_background=\"#3BF8FF\";var hupso_border=\"#FF2B0A\";var hupso_image_folder_url = \"\";var hupso_url=\"\";var hupso_title=\"Czy%20ma%C5%82oletni%20prowadz%C4%85cy%20firm%C4%99%20op%C5%82aca%20sk%C5%82adki%20ZUS\";<\/script><script type=\"text\/javascript\" src=\"http:\/\/static.hupso.com\/share\/js\/share.js\"><\/script><!-- Hupso Share Buttons --><\/div>","protected":false},"author":1,"featured_media":2765,"comment_status":"open","ping_status":"open","sticky":false,"template":"","format":"standard","meta":{"_acf_changed":false,"wprm-recipe-roundup-name":"","wprm-recipe-roundup-description":"","footnotes":""},"categories":[19,28],"tags":[],"class_list":["post-8381","post","type-post","status-publish","format-standard","has-post-thumbnail","hentry","category-aktualnosci","category-wyd"],"acf":[],"amp_enabled":true,"_links":{"self":[{"href":"http:\/\/portalm\u0142awa.pl\/index.php?rest_route=\/wp\/v2\/posts\/8381","targetHints":{"allow":["GET"]}}],"collection":[{"href":"http:\/\/portalm\u0142awa.pl\/index.php?rest_route=\/wp\/v2\/posts"}],"about":[{"href":"http:\/\/portalm\u0142awa.pl\/index.php?rest_route=\/wp\/v2\/types\/post"}],"author":[{"embeddable":true,"href":"http:\/\/portalm\u0142awa.pl\/index.php?rest_route=\/wp\/v2\/users\/1"}],"replies":[{"embeddable":true,"href":"http:\/\/portalm\u0142awa.pl\/index.php?rest_route=%2Fwp%2Fv2%2Fcomments&post=8381"}],"version-history":[{"count":1,"href":"http:\/\/portalm\u0142awa.pl\/index.php?rest_route=\/wp\/v2\/posts\/8381\/revisions"}],"predecessor-version":[{"id":8382,"href":"http:\/\/portalm\u0142awa.pl\/index.php?rest_route=\/wp\/v2\/posts\/8381\/revisions\/8382"}],"wp:featuredmedia":[{"embeddable":true,"href":"http:\/\/portalm\u0142awa.pl\/index.php?rest_route=\/wp\/v2\/media\/2765"}],"wp:attachment":[{"href":"http:\/\/portalm\u0142awa.pl\/index.php?rest_route=%2Fwp%2Fv2%2Fmedia&parent=8381"}],"wp:term":[{"taxonomy":"category","embeddable":true,"href":"http:\/\/portalm\u0142awa.pl\/index.php?rest_route=%2Fwp%2Fv2%2Fcategories&post=8381"},{"taxonomy":"post_tag","embeddable":true,"href":"http:\/\/portalm\u0142awa.pl\/index.php?rest_route=%2Fwp%2Fv2%2Ftags&post=8381"}],"curies":[{"name":"wp","href":"https:\/\/api.w.org\/{rel}","templated":true}]}}