{"id":8386,"date":"2025-07-22T12:25:17","date_gmt":"2025-07-22T10:25:17","guid":{"rendered":"http:\/\/portalm\u0142awa.pl\/?p=8386"},"modified":"2025-07-22T12:25:17","modified_gmt":"2025-07-22T10:25:17","slug":"zarzuty-dla-23-latka-ktory-zdemolowal-pokoj-hotelowy-a-podczas-interwencji-zniewazyl-policjanta","status":"publish","type":"post","link":"http:\/\/portalm\u0142awa.pl\/?p=8386","title":{"rendered":"Zarzuty dla 23-latka, kt\u00f3ry zdemolowa\u0142 pok\u00f3j hotelowy, a podczas interwencji zniewa\u017cy\u0142 policjanta"},"content":{"rendered":"<div class=\"head\">\n<p class=\"intro\" style=\"text-align: justify;\"><strong>Ciechanowscy policjanci zatrzymali 23-latka, kt\u00f3ry w minion\u0105 niedziel\u0119 (20.07) zdemolowa\u0142 pok\u00f3j hotelowy. M\u0119\u017cczyzna uszkodzi\u0142 meble, \u015bciany oraz sprz\u0119t RTV. Ponadto zniewa\u017cy\u0142 interweniuj\u0105cego policjanta. Straty powsta\u0142e w wyniku tego zdarzenia oszacowano na 12 tys. z\u0142otych. Po wytrze\u017awieniu 23-latek us\u0142ysza\u0142 zarzuty za pope\u0142nione przest\u0119pstwa.<\/strong><\/p>\n<\/div>\n<p style=\"text-align: justify;\">W minion\u0105 niedziel\u0119 (20.07) oko\u0142o godz. 23.55 dy\u017curny ciechanowskiej komendy otrzyma\u0142 zg\u0142oszenie, \u017ce w jednym z hoteli na terenie miasta awanturuj\u0105 si\u0119 go\u015bcie. Na miejsce skierowani zostali policjanci z Ogniwa Patrolowo-Interwencyjnego, kt\u00f3rzy we wskazanym pokoju zastali trzech pijanych m\u0119\u017cczyzn. Funkcjonariusze zauwa\u017cyli te\u017c, \u017ce w pomieszczeniu panuje nie\u0142ad. Uszkodzone by\u0142y meble, \u015bciany oraz sprz\u0119t RTV.<\/p>\n<p style=\"text-align: justify;\">W trakcie interwencji 23-letni mieszkaniec powiatu ciechanowskiego by\u0142 agresywny i nie stosowa\u0142 si\u0119 do polece\u0144 wydawanych przez interweniuj\u0105cych policjant\u00f3w. Ponadto zniewa\u017cy\u0142 jednego z funkcjonariuszy.<\/p>\n<p style=\"text-align: justify;\">Wszyscy m\u0119\u017cczy\u017ani zostali zatrzymani i noc sp\u0119dzili w policyjnym areszcie. Zebrany przez funkcjonariuszy materia\u0142 dowodowy pozwoli\u0142 na przedstawienie 23-latkowi dw\u00f3ch zarzut\u00f3w: uszkodzenia mienia oraz zniewa\u017cenia funkcjonariusza publicznego. Straty powsta\u0142e w wyniku tego zdarzenia oszacowano na 12 tys. z\u0142otych.<\/p>\n<p style=\"text-align: justify;\">Za uszkodzenie mienia grozi kara do 5 lat pozbawienia wolno\u015bci. Przest\u0119pstwo zniewa\u017cenia funkcjonariuszy publicznych zagro\u017cone jest kar\u0105 grzywny, ograniczenia wolno\u015bci albo pozbawienia wolno\u015bci do roku.<\/p>\n<p style=\"text-align: justify;\">asp. Magda Sakowska<\/p>\n<p style=\"text-align: justify;\"><strong>KOMENTARZE<\/strong><\/p>\n<p style=\"text-align: justify;\"><em>Wydawca portalu nie ponosi odpowiedzialno\u015bci za tre\u015b\u0107 komentarzy zamieszczanych przez u\u017cytkownik\u00f3w. Osoby zamieszczaj\u0105ce wypowiedzi naruszaj\u0105ce prawo lub prawem chronione dobra os\u00f3b trzecich mog\u0105 ponie\u015b\u0107 z tego tytu\u0142u odpowiedzialno\u015b\u0107 karn\u0105 lub cywiln\u0105.<b>JEDNOCZE\u015aNIE UZYTKOWNICY ZAMIESZCZAJ\u0104C KOMENTARZ OSWIADCZAJ\u0104, \u017bE BIOR\u0104 PE\u0141N\u0104 ODPOWIEDZIALNO\u015a\u0106 ZA TRE\u015aCI UMIESZCZONE PRZEZ SIEBIE<\/b><\/em><\/p>\n<div style=\"padding-bottom:20px; padding-top:10px;\" class=\"hupso-share-buttons\"><!-- Hupso Share Buttons - https:\/\/www.hupso.com\/share\/ --><a class=\"hupso_pop\" href=\"https:\/\/www.hupso.com\/share\/\"><img decoding=\"async\" data-src=\"http:\/\/static.hupso.com\/share\/buttons\/button100x23.png\" style=\"border:0px; width:100; height: 23; \" alt=\"Share Button\" src=\"data:image\/svg+xml;base64,PHN2ZyB3aWR0aD0iMSIgaGVpZ2h0PSIxIiB4bWxucz0iaHR0cDovL3d3dy53My5vcmcvMjAwMC9zdmciPjwvc3ZnPg==\" class=\"lazyload\" \/><\/a><script type=\"text\/javascript\">var hupso_services=new Array(\"Twitter\",\"Facebook\",\"Pinterest\",\"Linkedin\",\"Tumblr\",\"StumbleUpon\",\"Digg\",\"Reddit\",\"Bebo\",\"Delicious\",\"QZone\",\"Renren\",\"Email\");var hupso_icon_type = \"labels\";var hupso_background=\"#3BF8FF\";var hupso_border=\"#FF2B0A\";var hupso_image_folder_url = \"\";var hupso_url=\"\";var hupso_title=\"Zarzuty%20dla%2023-latka%2C%20kt%C3%B3ry%20zdemolowa%C5%82%20pok%C3%B3j%20hotelowy%2C%20a%20podczas%20interwencji%20zniewa%C5%BCy%C5%82%20policjanta\";<\/script><script type=\"text\/javascript\" src=\"http:\/\/static.hupso.com\/share\/js\/share.js\"><\/script><!-- Hupso Share Buttons --><\/div>","protected":false},"excerpt":{"rendered":"<p>Ciechanowscy policjanci zatrzymali 23-latka, kt\u00f3ry w minion\u0105 niedziel\u0119 (20.07) zdemolowa\u0142 pok\u00f3j hotelowy. M\u0119\u017cczyzna uszkodzi\u0142 meble, \u015bciany oraz sprz\u0119t RTV. Ponadto zniewa\u017cy\u0142 interweniuj\u0105cego policjanta. Straty powsta\u0142e w wyniku tego zdarzenia oszacowano&hellip; <\/p>\n<div style=\"padding-bottom:20px; padding-top:10px;\" class=\"hupso-share-buttons\"><!-- Hupso Share Buttons - https:\/\/www.hupso.com\/share\/ --><a class=\"hupso_pop\" href=\"https:\/\/www.hupso.com\/share\/\"><img data-src=\"http:\/\/static.hupso.com\/share\/buttons\/button100x23.png\" style=\"border:0px; width:100; height: 23; \" alt=\"Share Button\" src=\"data:image\/svg+xml;base64,PHN2ZyB3aWR0aD0iMSIgaGVpZ2h0PSIxIiB4bWxucz0iaHR0cDovL3d3dy53My5vcmcvMjAwMC9zdmciPjwvc3ZnPg==\" class=\"lazyload\" \/><\/a><script type=\"text\/javascript\">var hupso_services=new Array(\"Twitter\",\"Facebook\",\"Pinterest\",\"Linkedin\",\"Tumblr\",\"StumbleUpon\",\"Digg\",\"Reddit\",\"Bebo\",\"Delicious\",\"QZone\",\"Renren\",\"Email\");var hupso_icon_type = \"labels\";var hupso_background=\"#3BF8FF\";var hupso_border=\"#FF2B0A\";var hupso_image_folder_url = \"\";var hupso_url=\"\";var hupso_title=\"Zarzuty%20dla%2023-latka%2C%20kt%C3%B3ry%20zdemolowa%C5%82%20pok%C3%B3j%20hotelowy%2C%20a%20podczas%20interwencji%20zniewa%C5%BCy%C5%82%20policjanta\";<\/script><script type=\"text\/javascript\" src=\"http:\/\/static.hupso.com\/share\/js\/share.js\"><\/script><!-- Hupso Share Buttons --><\/div>","protected":false},"author":1,"featured_media":914,"comment_status":"open","ping_status":"open","sticky":false,"template":"","format":"standard","meta":{"_acf_changed":false,"wprm-recipe-roundup-name":"","wprm-recipe-roundup-description":"","footnotes":""},"categories":[19,5,28],"tags":[],"class_list":["post-8386","post","type-post","status-publish","format-standard","has-post-thumbnail","hentry","category-aktualnosci","category-na-sygnale","category-wyd"],"acf":[],"amp_enabled":true,"_links":{"self":[{"href":"http:\/\/portalm\u0142awa.pl\/index.php?rest_route=\/wp\/v2\/posts\/8386","targetHints":{"allow":["GET"]}}],"collection":[{"href":"http:\/\/portalm\u0142awa.pl\/index.php?rest_route=\/wp\/v2\/posts"}],"about":[{"href":"http:\/\/portalm\u0142awa.pl\/index.php?rest_route=\/wp\/v2\/types\/post"}],"author":[{"embeddable":true,"href":"http:\/\/portalm\u0142awa.pl\/index.php?rest_route=\/wp\/v2\/users\/1"}],"replies":[{"embeddable":true,"href":"http:\/\/portalm\u0142awa.pl\/index.php?rest_route=%2Fwp%2Fv2%2Fcomments&post=8386"}],"version-history":[{"count":1,"href":"http:\/\/portalm\u0142awa.pl\/index.php?rest_route=\/wp\/v2\/posts\/8386\/revisions"}],"predecessor-version":[{"id":8387,"href":"http:\/\/portalm\u0142awa.pl\/index.php?rest_route=\/wp\/v2\/posts\/8386\/revisions\/8387"}],"wp:featuredmedia":[{"embeddable":true,"href":"http:\/\/portalm\u0142awa.pl\/index.php?rest_route=\/wp\/v2\/media\/914"}],"wp:attachment":[{"href":"http:\/\/portalm\u0142awa.pl\/index.php?rest_route=%2Fwp%2Fv2%2Fmedia&parent=8386"}],"wp:term":[{"taxonomy":"category","embeddable":true,"href":"http:\/\/portalm\u0142awa.pl\/index.php?rest_route=%2Fwp%2Fv2%2Fcategories&post=8386"},{"taxonomy":"post_tag","embeddable":true,"href":"http:\/\/portalm\u0142awa.pl\/index.php?rest_route=%2Fwp%2Fv2%2Ftags&post=8386"}],"curies":[{"name":"wp","href":"https:\/\/api.w.org\/{rel}","templated":true}]}}