{"id":8389,"date":"2025-07-22T13:42:04","date_gmt":"2025-07-22T11:42:04","guid":{"rendered":"http:\/\/portalm\u0142awa.pl\/?p=8389"},"modified":"2025-07-22T13:46:26","modified_gmt":"2025-07-22T11:46:26","slug":"%f0%9f%8c%9f-seniorzy-i-mlodziez-razem-startuje-niezwykly-projekt-w-mlawie","status":"publish","type":"post","link":"http:\/\/portalm\u0142awa.pl\/?p=8389","title":{"rendered":"Seniorzy i m\u0142odzie\u017c razem \u2013 startuje niezwyk\u0142y projekt w M\u0142awie!"},"content":{"rendered":"<div class=\"flex max-w-full flex-col grow\">\n<div class=\"min-h-8 text-message relative flex w-full flex-col items-end gap-2 text-start break-words whitespace-normal [.text-message+&amp;]:mt-5\" dir=\"auto\" data-message-author-role=\"assistant\" data-message-id=\"6d3c8b39-ae29-4bd6-83ea-e08e6cbb1f4e\" data-message-model-slug=\"gpt-4o\">\n<div class=\"flex w-full flex-col gap-1 empty:hidden first:pt-[3px]\">\n<div class=\"markdown prose dark:prose-invert w-full break-words light\">\n<p style=\"text-align: justify;\" data-start=\"73\" data-end=\"421\"><strong data-start=\"73\" data-end=\"127\">Mi\u0119dzypokoleniowa integracja, pasja i nowoczesno\u015b\u0107<\/strong> \u2013 w\u0142a\u015bnie rusza rekrutacja do wyj\u0105tkowego projektu <strong data-start=\"179\" data-end=\"234\">\u201eSenior przewodnikiem i wzorem dla m\u0142odych pokole\u0144\u201d<\/strong>, wsp\u00f3\u0142finansowanego ze \u015brodk\u00f3w <strong data-start=\"266\" data-end=\"305\">Samorz\u0105du Wojew\u00f3dztwa Mazowieckiego<\/strong>. To co\u015b wi\u0119cej ni\u017c tylko warsztaty \u2013 to szansa na budowanie most\u00f3w mi\u0119dzy pokoleniami i odkrywanie wsp\u00f3lnych pasji.<\/p>\n<h4 style=\"text-align: justify;\" data-start=\"428\" data-end=\"457\">Co czeka uczestnik\u00f3w?<\/h4>\n<p style=\"text-align: justify;\" data-start=\"459\" data-end=\"655\">Organizatorzy zaplanowali szeroki wachlarz dzia\u0142a\u0144, kt\u00f3re maj\u0105 zbli\u017cy\u0107 do siebie osoby starsze i m\u0142odzie\u017c, rozwijaj\u0105c jednocze\u015bnie ich umiej\u0119tno\u015bci i zainteresowania. W programie znajd\u0105 si\u0119 m.in.:<\/p>\n<p style=\"text-align: justify;\" data-start=\"657\" data-end=\"1427\"><strong data-start=\"660\" data-end=\"706\">&#8211; Warsztaty gier i zabaw mi\u0119dzypokoleniowych<\/strong> \u2013 wsp\u00f3lne sp\u0119dzanie czasu, \u015bmiech i budowanie relacji bez wzgl\u0119du na wiek.<br data-start=\"781\" data-end=\"784\" \/><strong data-start=\"787\" data-end=\"810\">&#8211; Warsztaty kulinarne<\/strong> \u2013 smakowita podr\u00f3\u017c przez tradycj\u0119 i nowoczesno\u015b\u0107 w kuchni.<br data-start=\"869\" data-end=\"872\" \/><strong data-start=\"875\" data-end=\"915\">&#8211; Warsztaty ubioru i komunikowania si\u0119<\/strong> \u2013 jak m\u00f3wi\u0107 i wygl\u0105da\u0107, by zyska\u0107 pewno\u015b\u0107 siebie i zrozumienie.<br data-start=\"979\" data-end=\"982\" \/><strong data-start=\"985\" data-end=\"1041\">&#8211; Warsztaty z wykorzystywania nowoczesnych technologii<\/strong> \u2013 seniorzy ucz\u0105 si\u0119, m\u0142odzie\u017c wspiera \u2013 a efekty zaskakuj\u0105 wszystkich!<br data-start=\"1112\" data-end=\"1115\" \/><strong data-start=\"1118\" data-end=\"1140\">&#8211; Warsztaty muzyczne<\/strong> \u2013 wsp\u00f3lne brzmienie pokole\u0144, od nuty nostalgii po nowoczesne rytmy.<br data-start=\"1208\" data-end=\"1211\" \/><strong>&#8211; <\/strong><strong data-start=\"1214\" data-end=\"1241\">Warsztaty fotograficzne<\/strong> \u2013 chwytanie chwil i nauka, jak patrze\u0107 na \u015bwiat przez obiektyw.<br data-start=\"1305\" data-end=\"1308\" \/><strong>&#8211; <\/strong><strong data-start=\"1311\" data-end=\"1354\">Film kr\u00f3tkometra\u017cowy \u201eLegenda o M\u0142awie\u201d<\/strong> \u2013 wsp\u00f3lna produkcja uczestnik\u00f3w, kt\u00f3ra po\u0142\u0105czy histori\u0119 z kreatywno\u015bci\u0105.<\/p>\n<h4 style=\"text-align: justify;\" data-start=\"1434\" data-end=\"1464\">&#8211; Kto mo\u017ce wzi\u0105\u0107 udzia\u0142?<\/h4>\n<p style=\"text-align: justify;\" data-start=\"1466\" data-end=\"1492\">Do projektu zaproszeni s\u0105:<\/p>\n<ul style=\"text-align: justify;\" data-start=\"1493\" data-end=\"1548\">\n<li data-start=\"1493\" data-end=\"1511\">\n<p data-start=\"1495\" data-end=\"1511\"><strong data-start=\"1495\" data-end=\"1511\">Seniorzy 60+<\/strong><\/p>\n<\/li>\n<li data-start=\"1512\" data-end=\"1545\">\n<p data-start=\"1514\" data-end=\"1545\"><strong data-start=\"1514\" data-end=\"1545\">M\u0142odzie\u017c w wieku 16\u201323 lata<\/strong><\/p>\n<\/li>\n<\/ul>\n<p style=\"text-align: justify;\" data-start=\"1549\" data-end=\"1592\">Warunek? Miejsce zamieszkania w <strong data-start=\"1581\" data-end=\"1591\">M\u0142awie<\/strong>.<\/p>\n<h4 style=\"text-align: justify;\" data-start=\"1599\" data-end=\"1647\">\u00a0Liczba miejsc ograniczona \u2013 nie zwlekaj!<\/h4>\n<p style=\"text-align: justify;\" data-start=\"1649\" data-end=\"1814\">Rekrutacja trwa tylko do <strong data-start=\"1674\" data-end=\"1694\">31 lipca 2025 r.<\/strong><br data-start=\"1694\" data-end=\"1697\" \/>To \u015bwietna okazja, by by\u0107 cz\u0119\u015bci\u0105 inspiruj\u0105cej przygody, kt\u00f3ra mo\u017ce zmieni\u0107 spojrzenie na relacje mi\u0119dzy pokoleniami.<\/p>\n<h3 style=\"text-align: justify;\" data-start=\"1821\" data-end=\"1843\">\u00a0Dlaczego warto?<\/h3>\n<p style=\"text-align: justify;\" data-start=\"1845\" data-end=\"2168\">Projekt to nie tylko szansa na nauk\u0119, ale przede wszystkim na zbudowanie <strong data-start=\"1918\" data-end=\"1964\">relacji, wzajemnego szacunku i zrozumienia<\/strong>. Seniorzy stan\u0105 si\u0119 mentorami i przewodnikami, a m\u0142odzie\u017c odkryje warto\u015b\u0107 do\u015bwiadczenia i m\u0105dro\u015bci starszych. Wsp\u00f3lne dzia\u0142ania mog\u0105 przynie\u015b\u0107 zaskakuj\u0105ce rezultaty \u2013 zar\u00f3wno osobiste, jak i artystyczne.<\/p>\n<p style=\"text-align: justify;\" data-start=\"2175\" data-end=\"2296\">Szczeg\u00f3\u0142y projektu oraz formularz zg\u0142oszeniowy dost\u0119pne s\u0105 u organizator\u00f3w (szczeg\u00f3\u0142y kontaktowe pojawi\u0105 si\u0119 wkr\u00f3tce).<\/p>\n<p style=\"text-align: justify;\" data-start=\"2175\" data-end=\"2296\">\u00a0<strong data-start=\"2301\" data-end=\"2341\">Po\u0142\u0105czmy si\u0142y \u2013 razem mo\u017cemy wi\u0119cej!<\/strong><\/p>\n<p style=\"text-align: justify;\" data-start=\"2343\" data-end=\"2464\" data-is-last-node=\"\" data-is-only-node=\"\">#SenioriM\u0142odzie\u017c #M\u0142awa #PokoleniaRazem #LegendaOM\u0142awie #Wojew\u00f3dztwoMazowieckie #IntegracjaMi\u0119dzypokoleniowa #PortalM\u0142awa<\/p>\n<\/div>\n<\/div>\n<\/div>\n<\/div>\n<div class=\"mx-[var(--mini-thread-content-inset)]\">\n<div class=\"flex min-h-[46px] justify-start\" style=\"text-align: justify;\">oprac T.B<\/div>\n<div>\n<p style=\"text-align: justify;\"><strong>KOMENTARZE<\/strong><\/p>\n<p style=\"text-align: justify;\"><em>Wydawca portalu nie ponosi odpowiedzialno\u015bci za tre\u015b\u0107 komentarzy zamieszczanych przez u\u017cytkownik\u00f3w. Osoby zamieszczaj\u0105ce wypowiedzi naruszaj\u0105ce prawo lub prawem chronione dobra os\u00f3b trzecich mog\u0105 ponie\u015b\u0107 z tego tytu\u0142u odpowiedzialno\u015b\u0107 karn\u0105 lub cywiln\u0105.<b>JEDNOCZE\u015aNIE UZYTKOWNICY ZAMIESZCZAJ\u0104C KOMENTARZ OSWIADCZAJ\u0104, \u017bE BIOR\u0104 PE\u0141N\u0104 ODPOWIEDZIALNO\u015a\u0106 ZA TRE\u015aCI UMIESZCZONE PRZEZ SIEBIE<\/b><\/em><\/p>\n<\/div>\n<\/div>\n<div style=\"padding-bottom:20px; padding-top:10px;\" class=\"hupso-share-buttons\"><!-- Hupso Share Buttons - https:\/\/www.hupso.com\/share\/ --><a class=\"hupso_pop\" href=\"https:\/\/www.hupso.com\/share\/\"><img decoding=\"async\" data-src=\"http:\/\/static.hupso.com\/share\/buttons\/button100x23.png\" style=\"border:0px; width:100; height: 23; \" alt=\"Share Button\" src=\"data:image\/svg+xml;base64,PHN2ZyB3aWR0aD0iMSIgaGVpZ2h0PSIxIiB4bWxucz0iaHR0cDovL3d3dy53My5vcmcvMjAwMC9zdmciPjwvc3ZnPg==\" class=\"lazyload\" \/><\/a><script type=\"text\/javascript\">var hupso_services=new Array(\"Twitter\",\"Facebook\",\"Pinterest\",\"Linkedin\",\"Tumblr\",\"StumbleUpon\",\"Digg\",\"Reddit\",\"Bebo\",\"Delicious\",\"QZone\",\"Renren\",\"Email\");var hupso_icon_type = \"labels\";var hupso_background=\"#3BF8FF\";var hupso_border=\"#FF2B0A\";var hupso_image_folder_url = \"\";var hupso_url=\"\";var hupso_title=\"Seniorzy%20i%20m%C5%82odzie%C5%BC%20razem%20%E2%80%93%20startuje%20niezwyk%C5%82y%20projekt%20w%20M%C5%82awie%21\";<\/script><script type=\"text\/javascript\" src=\"http:\/\/static.hupso.com\/share\/js\/share.js\"><\/script><!-- Hupso Share Buttons --><\/div>","protected":false},"excerpt":{"rendered":"<p>Mi\u0119dzypokoleniowa integracja, pasja i nowoczesno\u015b\u0107 \u2013 w\u0142a\u015bnie rusza rekrutacja do wyj\u0105tkowego projektu \u201eSenior przewodnikiem i wzorem dla m\u0142odych pokole\u0144\u201d, wsp\u00f3\u0142finansowanego ze \u015brodk\u00f3w Samorz\u0105du Wojew\u00f3dztwa Mazowieckiego. To co\u015b wi\u0119cej ni\u017c tylko&hellip; <\/p>\n<div style=\"padding-bottom:20px; padding-top:10px;\" class=\"hupso-share-buttons\"><!-- Hupso Share Buttons - https:\/\/www.hupso.com\/share\/ --><a class=\"hupso_pop\" href=\"https:\/\/www.hupso.com\/share\/\"><img data-src=\"http:\/\/static.hupso.com\/share\/buttons\/button100x23.png\" style=\"border:0px; width:100; height: 23; \" alt=\"Share Button\" src=\"data:image\/svg+xml;base64,PHN2ZyB3aWR0aD0iMSIgaGVpZ2h0PSIxIiB4bWxucz0iaHR0cDovL3d3dy53My5vcmcvMjAwMC9zdmciPjwvc3ZnPg==\" class=\"lazyload\" \/><\/a><script type=\"text\/javascript\">var hupso_services=new Array(\"Twitter\",\"Facebook\",\"Pinterest\",\"Linkedin\",\"Tumblr\",\"StumbleUpon\",\"Digg\",\"Reddit\",\"Bebo\",\"Delicious\",\"QZone\",\"Renren\",\"Email\");var hupso_icon_type = \"labels\";var hupso_background=\"#3BF8FF\";var hupso_border=\"#FF2B0A\";var hupso_image_folder_url = \"\";var hupso_url=\"\";var hupso_title=\"Seniorzy%20i%20m%C5%82odzie%C5%BC%20razem%20%E2%80%93%20startuje%20niezwyk%C5%82y%20projekt%20w%20M%C5%82awie%21\";<\/script><script type=\"text\/javascript\" src=\"http:\/\/static.hupso.com\/share\/js\/share.js\"><\/script><!-- Hupso Share Buttons --><\/div>","protected":false},"author":1,"featured_media":8391,"comment_status":"open","ping_status":"open","sticky":false,"template":"","format":"standard","meta":{"_acf_changed":false,"wprm-recipe-roundup-name":"","wprm-recipe-roundup-description":"","footnotes":""},"categories":[19,3,28],"tags":[],"class_list":["post-8389","post","type-post","status-publish","format-standard","has-post-thumbnail","hentry","category-aktualnosci","category-kultura","category-wyd"],"acf":[],"amp_enabled":true,"_links":{"self":[{"href":"http:\/\/portalm\u0142awa.pl\/index.php?rest_route=\/wp\/v2\/posts\/8389","targetHints":{"allow":["GET"]}}],"collection":[{"href":"http:\/\/portalm\u0142awa.pl\/index.php?rest_route=\/wp\/v2\/posts"}],"about":[{"href":"http:\/\/portalm\u0142awa.pl\/index.php?rest_route=\/wp\/v2\/types\/post"}],"author":[{"embeddable":true,"href":"http:\/\/portalm\u0142awa.pl\/index.php?rest_route=\/wp\/v2\/users\/1"}],"replies":[{"embeddable":true,"href":"http:\/\/portalm\u0142awa.pl\/index.php?rest_route=%2Fwp%2Fv2%2Fcomments&post=8389"}],"version-history":[{"count":2,"href":"http:\/\/portalm\u0142awa.pl\/index.php?rest_route=\/wp\/v2\/posts\/8389\/revisions"}],"predecessor-version":[{"id":8393,"href":"http:\/\/portalm\u0142awa.pl\/index.php?rest_route=\/wp\/v2\/posts\/8389\/revisions\/8393"}],"wp:featuredmedia":[{"embeddable":true,"href":"http:\/\/portalm\u0142awa.pl\/index.php?rest_route=\/wp\/v2\/media\/8391"}],"wp:attachment":[{"href":"http:\/\/portalm\u0142awa.pl\/index.php?rest_route=%2Fwp%2Fv2%2Fmedia&parent=8389"}],"wp:term":[{"taxonomy":"category","embeddable":true,"href":"http:\/\/portalm\u0142awa.pl\/index.php?rest_route=%2Fwp%2Fv2%2Fcategories&post=8389"},{"taxonomy":"post_tag","embeddable":true,"href":"http:\/\/portalm\u0142awa.pl\/index.php?rest_route=%2Fwp%2Fv2%2Ftags&post=8389"}],"curies":[{"name":"wp","href":"https:\/\/api.w.org\/{rel}","templated":true}]}}