{"id":8394,"date":"2025-07-22T18:01:55","date_gmt":"2025-07-22T16:01:55","guid":{"rendered":"http:\/\/portalm\u0142awa.pl\/?p=8394"},"modified":"2025-07-22T18:01:55","modified_gmt":"2025-07-22T16:01:55","slug":"nowe-miejsca-w-mlawskim-zlobku-juz-zabezpieczone-blisko-milion-zlotych-na-opieke-nad-najmlodszymi-mieszkancami","status":"publish","type":"post","link":"http:\/\/portalm\u0142awa.pl\/?p=8394","title":{"rendered":"Nowe miejsca w m\u0142awskim \u017c\u0142obku ju\u017c zabezpieczone! Blisko milion z\u0142otych na opiek\u0119 nad najm\u0142odszymi mieszka\u0144cami"},"content":{"rendered":"<p style=\"text-align: justify;\"><strong>Miasto M\u0142awa stawia na najm\u0142odszych! 15 lipca 2025 r. zosta\u0142a podpisana umowa nr JST\/I\/FERS\/F\/24 pomi\u0119dzy Miastem M\u0142awa a Skarbem Pa\u0144stwa, reprezentowanym przez Wojewod\u0119 Mazowieckiego. Dzi\u0119ki niej funkcjonowanie 30 nowoutworzonych miejsc w Miejskim \u017b\u0142obku w M\u0142awie zosta\u0142o obj\u0119te solidnym dofinansowaniem w ramach Programu rozwoju instytucji opieki nad dzie\u0107mi w wieku do lat 3 \u201eAktywny Maluch 2022\u20132029\u201d.<\/strong><\/p>\n<p style=\"text-align: justify;\"><strong>Co oznacza ta umowa dla mieszka\u0144c\u00f3w M\u0142awy?<\/strong><\/p>\n<p style=\"text-align: justify;\">Celem projektu jest zapewnienie ci\u0105g\u0142o\u015bci funkcjonowania 30 miejsc opieki nad dzie\u0107mi, kt\u00f3re powsta\u0142y ze \u015brodk\u00f3w Krajowego Planu Odbudowy. Miejsca te dzia\u0142aj\u0105 w Miejskim \u017b\u0142obku od 2 stycznia 2024 r. i b\u0119d\u0105 utrzymywane co najmniej do 31 grudnia 2026 r. To a\u017c 36 miesi\u0119cy stabilnej opieki nad maluchami, co daje realne wsparcie nie tylko dzieciom, ale i ich rodzinom.<\/p>\n<p style=\"text-align: justify;\"><strong>Opieka z my\u015bl\u0105 o wszystkich<\/strong><\/p>\n<p style=\"text-align: justify;\">Z programu skorzystaj\u0105 dzieci, r\u00f3wnie\u017c te z niepe\u0142nosprawno\u015bciami lub wymagaj\u0105ce szczeg\u00f3lnej opieki. Opieka b\u0119dzie \u015bwiadczona do ko\u0144ca roku szkolnego, w kt\u00f3rym dziecko uko\u0144czy 3. rok \u017cycia \u2013 a w uzasadnionych przypadkach, nawet d\u0142u\u017cej. Projekt uwzgl\u0119dnia te\u017c dzieci obywateli Ukrainy, zgodnie z ustaw\u0105 z 12 marca 2022 r. o pomocy obywatelom Ukrainy.<\/p>\n<p style=\"text-align: justify;\">To nie tylko inwestycja w edukacj\u0119 i bezpiecze\u0144stwo najm\u0142odszych, ale r\u00f3wnie\u017c szansa dla ich rodzic\u00f3w \u2013 umo\u017cliwia pogodzenie \u017cycia zawodowego z rodzinnym, a tak\u017ce sprzyja aktywizacji zawodowej matek i ojc\u00f3w.<\/p>\n<p style=\"text-align: justify;\"><strong>Warto\u015bci, kt\u00f3re robi\u0105 r\u00f3\u017cnic\u0119<\/strong><\/p>\n<p style=\"text-align: justify;\"><strong>Ca\u0142kowity koszt przedsi\u0119wzi\u0119cia to 902 880,00 z\u0142, z czego:<\/strong><\/p>\n<p style=\"text-align: justify;\">-745 056,57 z\u0142 pochodzi z funduszy Unii Europejskiej,<\/p>\n<p style=\"text-align: justify;\">-157 823,43 z\u0142 to \u015brodki z bud\u017cetu pa\u0144stwa.<\/p>\n<p style=\"text-align: justify;\">To konkretne liczby, kt\u00f3re przek\u0142adaj\u0105 si\u0119 na realne wsparcie dla m\u0142awskich rodzin i wzmocnienie lokalnej infrastruktury opieku\u0144czej.<\/p>\n<p style=\"text-align: justify;\">Program \u201eAktywny Maluch\u201d to nie tylko miejsca w \u017c\u0142obku \u2013 to miejsca rozwoju, wsparcia i r\u00f3wnych szans.<\/p>\n<p style=\"text-align: justify;\">\u0179r\u00f3d\u0142o MM oprac T.B<\/p>\n<p style=\"text-align: justify;\">#M\u0142awa #AktywnyMaluch #\u017b\u0142obekM\u0142awa #FunduszeUE #RodzinaNaPlus #Rozw\u00f3jMiasta #DzieciToPrzysz\u0142o\u015b\u0107<\/p>\n<div style=\"padding-bottom:20px; padding-top:10px;\" class=\"hupso-share-buttons\"><!-- Hupso Share Buttons - https:\/\/www.hupso.com\/share\/ --><a class=\"hupso_pop\" href=\"https:\/\/www.hupso.com\/share\/\"><img decoding=\"async\" data-src=\"http:\/\/static.hupso.com\/share\/buttons\/button100x23.png\" style=\"border:0px; width:100; height: 23; \" alt=\"Share Button\" src=\"data:image\/svg+xml;base64,PHN2ZyB3aWR0aD0iMSIgaGVpZ2h0PSIxIiB4bWxucz0iaHR0cDovL3d3dy53My5vcmcvMjAwMC9zdmciPjwvc3ZnPg==\" class=\"lazyload\" \/><\/a><script type=\"text\/javascript\">var hupso_services=new Array(\"Twitter\",\"Facebook\",\"Pinterest\",\"Linkedin\",\"Tumblr\",\"StumbleUpon\",\"Digg\",\"Reddit\",\"Bebo\",\"Delicious\",\"QZone\",\"Renren\",\"Email\");var hupso_icon_type = \"labels\";var hupso_background=\"#3BF8FF\";var hupso_border=\"#FF2B0A\";var hupso_image_folder_url = \"\";var hupso_url=\"\";var hupso_title=\"Nowe%20miejsca%20w%20m%C5%82awskim%20%C5%BC%C5%82obku%20ju%C5%BC%20zabezpieczone%21%20Blisko%20milion%20z%C5%82otych%20na%20opiek%C4%99%20nad%20najm%C5%82odszymi%20mieszka%C5%84cami\";<\/script><script type=\"text\/javascript\" src=\"http:\/\/static.hupso.com\/share\/js\/share.js\"><\/script><!-- Hupso Share Buttons --><\/div>","protected":false},"excerpt":{"rendered":"<p>Miasto M\u0142awa stawia na najm\u0142odszych! 15 lipca 2025 r. zosta\u0142a podpisana umowa nr JST\/I\/FERS\/F\/24 pomi\u0119dzy Miastem M\u0142awa a Skarbem Pa\u0144stwa, reprezentowanym przez Wojewod\u0119 Mazowieckiego. Dzi\u0119ki niej funkcjonowanie 30 nowoutworzonych miejsc&hellip; <\/p>\n<div style=\"padding-bottom:20px; padding-top:10px;\" class=\"hupso-share-buttons\"><!-- Hupso Share Buttons - https:\/\/www.hupso.com\/share\/ --><a class=\"hupso_pop\" href=\"https:\/\/www.hupso.com\/share\/\"><img data-src=\"http:\/\/static.hupso.com\/share\/buttons\/button100x23.png\" style=\"border:0px; width:100; height: 23; \" alt=\"Share Button\" src=\"data:image\/svg+xml;base64,PHN2ZyB3aWR0aD0iMSIgaGVpZ2h0PSIxIiB4bWxucz0iaHR0cDovL3d3dy53My5vcmcvMjAwMC9zdmciPjwvc3ZnPg==\" class=\"lazyload\" \/><\/a><script type=\"text\/javascript\">var hupso_services=new Array(\"Twitter\",\"Facebook\",\"Pinterest\",\"Linkedin\",\"Tumblr\",\"StumbleUpon\",\"Digg\",\"Reddit\",\"Bebo\",\"Delicious\",\"QZone\",\"Renren\",\"Email\");var hupso_icon_type = \"labels\";var hupso_background=\"#3BF8FF\";var hupso_border=\"#FF2B0A\";var hupso_image_folder_url = \"\";var hupso_url=\"\";var hupso_title=\"Nowe%20miejsca%20w%20m%C5%82awskim%20%C5%BC%C5%82obku%20ju%C5%BC%20zabezpieczone%21%20Blisko%20milion%20z%C5%82otych%20na%20opiek%C4%99%20nad%20najm%C5%82odszymi%20mieszka%C5%84cami\";<\/script><script type=\"text\/javascript\" src=\"http:\/\/static.hupso.com\/share\/js\/share.js\"><\/script><!-- Hupso Share Buttons --><\/div>","protected":false},"author":1,"featured_media":8396,"comment_status":"open","ping_status":"open","sticky":false,"template":"","format":"standard","meta":{"_acf_changed":false,"wprm-recipe-roundup-name":"","wprm-recipe-roundup-description":"","footnotes":""},"categories":[19,28],"tags":[],"class_list":["post-8394","post","type-post","status-publish","format-standard","has-post-thumbnail","hentry","category-aktualnosci","category-wyd"],"acf":[],"amp_enabled":true,"_links":{"self":[{"href":"http:\/\/portalm\u0142awa.pl\/index.php?rest_route=\/wp\/v2\/posts\/8394","targetHints":{"allow":["GET"]}}],"collection":[{"href":"http:\/\/portalm\u0142awa.pl\/index.php?rest_route=\/wp\/v2\/posts"}],"about":[{"href":"http:\/\/portalm\u0142awa.pl\/index.php?rest_route=\/wp\/v2\/types\/post"}],"author":[{"embeddable":true,"href":"http:\/\/portalm\u0142awa.pl\/index.php?rest_route=\/wp\/v2\/users\/1"}],"replies":[{"embeddable":true,"href":"http:\/\/portalm\u0142awa.pl\/index.php?rest_route=%2Fwp%2Fv2%2Fcomments&post=8394"}],"version-history":[{"count":1,"href":"http:\/\/portalm\u0142awa.pl\/index.php?rest_route=\/wp\/v2\/posts\/8394\/revisions"}],"predecessor-version":[{"id":8397,"href":"http:\/\/portalm\u0142awa.pl\/index.php?rest_route=\/wp\/v2\/posts\/8394\/revisions\/8397"}],"wp:featuredmedia":[{"embeddable":true,"href":"http:\/\/portalm\u0142awa.pl\/index.php?rest_route=\/wp\/v2\/media\/8396"}],"wp:attachment":[{"href":"http:\/\/portalm\u0142awa.pl\/index.php?rest_route=%2Fwp%2Fv2%2Fmedia&parent=8394"}],"wp:term":[{"taxonomy":"category","embeddable":true,"href":"http:\/\/portalm\u0142awa.pl\/index.php?rest_route=%2Fwp%2Fv2%2Fcategories&post=8394"},{"taxonomy":"post_tag","embeddable":true,"href":"http:\/\/portalm\u0142awa.pl\/index.php?rest_route=%2Fwp%2Fv2%2Ftags&post=8394"}],"curies":[{"name":"wp","href":"https:\/\/api.w.org\/{rel}","templated":true}]}}