{"id":8437,"date":"2025-07-23T13:11:08","date_gmt":"2025-07-23T11:11:08","guid":{"rendered":"http:\/\/portalm\u0142awa.pl\/?p=8437"},"modified":"2025-07-23T15:40:54","modified_gmt":"2025-07-23T13:40:54","slug":"wypadek-z-udzialem-hulajnogi-elektrycznej-ranny-16-latek","status":"publish","type":"post","link":"http:\/\/portalm\u0142awa.pl\/?p=8437","title":{"rendered":"Wypadek z udzia\u0142em hulajnogi elektrycznej, ranny 16-latek"},"content":{"rendered":"<div style=\"text-align: justify;\"><strong>Do gro\u017anego zdarzenia drogowego dosz\u0142o wczoraj wieczorem (22.07) na drodze relacji \u017burominek \u2013 D\u0105bek. Jak wynika z ustale\u0144 funkcjonariuszy interweniuj\u0105cych na miejscu, 16-letni mieszkaniec powiatu m\u0142awskiego, kieruj\u0105c elektryczn\u0105 hulajnog\u0105, straci\u0142 panowanie nad pojazdem i przewr\u00f3ci\u0142 si\u0119 na \u0142uku drogi. Przewozi\u0142 15-letni\u0105 pasa\u017cerk\u0119.<\/strong><\/div>\n<div>\n<p style=\"text-align: justify;\">Jak wynika z ustale\u0144 interweniuj\u0105cych policjant\u00f3w, w chwili wypadku kieruj\u0105cy hulajnog\u0105 porusza\u0142 si\u0119 z pr\u0119dko\u015bci\u0105 oko\u0142o 40 km\/h. Na \u0142uku drogi straci\u0142 panowanie nad pojazdem i wywr\u00f3ci\u0142 si\u0119 razem z pasa\u017cerk\u0105. Przypadkowy \u015bwiadek zdarzenia wezwa\u0142 pomoc. \u00a0Zgodnie z obowi\u0105zuj\u0105cymi przepisami, na hulajnodze elektrycznej nie wolno przewozi\u0107 innych os\u00f3b. Oboje nastolatkowie doznali obra\u017ce\u0144 cia\u0142a, kieruj\u0105cy hulajnog\u0105 \u00a0zosta\u0142 przetransportowany \u00a0do szpitala w Ciechanowie.<\/p>\n<p style=\"text-align: justify;\">Policjanci ustalili, \u017ce nie posiada\u0142 wymaganych uprawnie\u0144 do kierowania tego typu pojazdem. Dodatkowo hulajnoga, kt\u00f3r\u0105 si\u0119 poruszali, by\u0142a w stanie osi\u0105gn\u0105\u0107 pr\u0119dko\u015b\u0107 przekraczaj\u0105c\u0105 70 km\/h, co stanowi powa\u017cne naruszenie obowi\u0105zuj\u0105cych norm technicznych dla urz\u0105dze\u0144 transportu osobistego.<\/p>\n<p style=\"text-align: justify;\">To zdarzenie to skrajny przyk\u0142ad braku rozwagi i odpowiedzialno\u015bci. Sprawa zostanie skierowana do s\u0105du rodzinnego. Policja apeluje do rodzic\u00f3w i opiekun\u00f3w o kontrolowanie sposobu, w jaki ich dzieci korzystaj\u0105 z urz\u0105dze\u0144 transportu osobistego. Brak nadzoru, nieprzestrzeganie przepis\u00f3w i lekcewa\u017cenie zasad bezpiecze\u0144stwa mo\u017ce doprowadzi\u0107 do tragedii.<\/p>\n<p style=\"text-align: justify;\">M\u0142awscy policjanci prowadz\u0105 wzmo\u017cone kontrole kieruj\u0105cych hulajnogami. Kontrole obejmuj\u0105 warunki techniczne pojazd\u00f3w, pr\u0119dko\u015b\u0107, uprawnienia kieruj\u0105cego oraz przestrzeganie obowi\u0105zuj\u0105cych przepis\u00f3w.<\/p>\n<p style=\"text-align: justify;\"><strong>Poni\u017cej przypominamy przepisy, dotycz\u0105ce poruszania si\u0119 hulajnog\u0105 elektryczn\u0105:<\/strong><\/p>\n<p style=\"text-align: justify;\"><strong>Uprawnienia u\u017cytkownik\u00f3w:<\/strong><\/p>\n<p style=\"text-align: justify;\">&#8211; od 10 do 18 lat: konieczna jest karta rowerowa lub prawo jazdy kategorii AM, A1, B1, T.<\/p>\n<p style=\"text-align: justify;\">&#8211; powy\u017cej 18 lat: brak wymaga\u0144 odno\u015bnie uprawnie\u0144.<\/p>\n<p style=\"text-align: justify;\">&#8211; dzieci do 10 lat: mog\u0105 je\u017adzi\u0107 tylko w strefach zamieszkania, pod opiek\u0105 doros\u0142ego.<\/p>\n<p style=\"text-align: justify;\"><strong>Obowi\u0105zki kieruj\u0105cych:<\/strong><\/p>\n<p style=\"text-align: justify;\">Kieruj\u0105cy hulajnog\u0105 elektryczn\u0105 musi korzysta\u0107 z dr\u00f3g rowerowych lub pasa ruchu dla rower\u00f3w. W przypadku ich braku \u2013 mo\u017ce korzysta\u0107 z jezdni, gdzie pr\u0119dko\u015b\u0107\u00a0<strong>nie przekracza 30 km\/h<\/strong>. Wyj\u0105tkowo dozwolone jest poruszanie si\u0119 chodnikiem, je\u015bli brakuje innych opcji, przy czym:<\/p>\n<p style=\"text-align: justify;\">&#8211; pr\u0119dko\u015b\u0107 powinna by\u0107 zbli\u017cona do pieszego;<\/p>\n<p style=\"text-align: justify;\">&#8211; nale\u017cy zachowa\u0107 szczeg\u00f3ln\u0105 ostro\u017cno\u015b\u0107 i ust\u0119powa\u0107 pierwsze\u0144stwa pieszym.<\/p>\n<p style=\"text-align: justify;\"><strong>Przepisy zakazuj\u0105:<\/strong><\/p>\n<p style=\"text-align: justify;\">&#8211; jazdy pod wp\u0142ywem alkoholu lub \u015brodk\u00f3w odurzaj\u0105cych;<\/p>\n<p style=\"text-align: justify;\">&#8211; przewo\u017cenia os\u00f3b, zwierz\u0105t lub przedmiot\u00f3w;<\/p>\n<p style=\"text-align: justify;\">&#8211; czepiania si\u0119 innych pojazd\u00f3w;<\/p>\n<p style=\"text-align: justify;\">&#8211; jazdy obok innego uczestnika ruchu;<\/p>\n<p style=\"text-align: justify;\"><strong>Konsekwencje prawne<\/strong><\/p>\n<p style=\"text-align: justify;\">Nieprzestrzeganie przepis\u00f3w mo\u017ce skutkowa\u0107 karami:<\/p>\n<p style=\"text-align: justify;\">&#8211; korzystanie z telefonu podczas jazdy wymagaj\u0105cego trzymania s\u0142uchawki w r\u0119ku: mandat 500 z\u0142.<\/p>\n<p style=\"text-align: justify;\">&#8211; przewo\u017cenie innych os\u00f3b lub zwierz\u0105t: mandat 300 z\u0142.<\/p>\n<p style=\"text-align: justify;\">&#8211; przeje\u017cd\u017canie przez przej\u015bcie dla pieszych: mandat 100 z\u0142.<\/p>\n<p style=\"text-align: justify;\">asp.szt. Anna Paw\u0142owska<\/p>\n<p style=\"text-align: justify;\">KOMENTARZE<\/p>\n<p style=\"text-align: justify;\">Wydawca portalu nie ponosi odpowiedzialno\u015bci za tre\u015b\u0107 komentarzy zamieszczanych przez u\u017cytkownik\u00f3w. Osoby zamieszczaj\u0105ce wypowiedzi naruszaj\u0105ce prawo lub prawem chronione dobra os\u00f3b trzecich mog\u0105 ponie\u015b\u0107 z tego tytu\u0142u odpowiedzialno\u015b\u0107 karn\u0105 lub cywiln\u0105.JEDNOCZE\u015aNIE UZYTKOWNICY ZAMIESZCZAJ\u0104C KOMENTARZ OSWIADCZAJ\u0104, \u017bE BIOR\u0104 PE\u0141N\u0104 ODPOWIEDZIALNO\u015a\u0106 ZA TRE\u015aCI UMIESZCZONE PRZEZ SIEBIE<\/p>\n<\/div>\n<div style=\"padding-bottom:20px; padding-top:10px;\" class=\"hupso-share-buttons\"><!-- Hupso Share Buttons - https:\/\/www.hupso.com\/share\/ --><a class=\"hupso_pop\" href=\"https:\/\/www.hupso.com\/share\/\"><img decoding=\"async\" data-src=\"http:\/\/static.hupso.com\/share\/buttons\/button100x23.png\" style=\"border:0px; width:100; height: 23; \" alt=\"Share Button\" src=\"data:image\/svg+xml;base64,PHN2ZyB3aWR0aD0iMSIgaGVpZ2h0PSIxIiB4bWxucz0iaHR0cDovL3d3dy53My5vcmcvMjAwMC9zdmciPjwvc3ZnPg==\" class=\"lazyload\" \/><\/a><script type=\"text\/javascript\">var hupso_services=new Array(\"Twitter\",\"Facebook\",\"Pinterest\",\"Linkedin\",\"Tumblr\",\"StumbleUpon\",\"Digg\",\"Reddit\",\"Bebo\",\"Delicious\",\"QZone\",\"Renren\",\"Email\");var hupso_icon_type = \"labels\";var hupso_background=\"#3BF8FF\";var hupso_border=\"#FF2B0A\";var hupso_image_folder_url = \"\";var hupso_url=\"\";var hupso_title=\"Wypadek%20z%20udzia%C5%82em%20hulajnogi%20elektrycznej%2C%20ranny%2016-latek\";<\/script><script type=\"text\/javascript\" src=\"http:\/\/static.hupso.com\/share\/js\/share.js\"><\/script><!-- Hupso Share Buttons --><\/div>","protected":false},"excerpt":{"rendered":"<p>Do gro\u017anego zdarzenia drogowego dosz\u0142o wczoraj wieczorem (22.07) na drodze relacji \u017burominek \u2013 D\u0105bek. Jak wynika z ustale\u0144 funkcjonariuszy interweniuj\u0105cych na miejscu, 16-letni mieszkaniec powiatu m\u0142awskiego, kieruj\u0105c elektryczn\u0105 hulajnog\u0105, straci\u0142&hellip; <\/p>\n<div style=\"padding-bottom:20px; padding-top:10px;\" class=\"hupso-share-buttons\"><!-- Hupso Share Buttons - https:\/\/www.hupso.com\/share\/ --><a class=\"hupso_pop\" href=\"https:\/\/www.hupso.com\/share\/\"><img data-src=\"http:\/\/static.hupso.com\/share\/buttons\/button100x23.png\" style=\"border:0px; width:100; height: 23; \" alt=\"Share Button\" src=\"data:image\/svg+xml;base64,PHN2ZyB3aWR0aD0iMSIgaGVpZ2h0PSIxIiB4bWxucz0iaHR0cDovL3d3dy53My5vcmcvMjAwMC9zdmciPjwvc3ZnPg==\" class=\"lazyload\" \/><\/a><script type=\"text\/javascript\">var hupso_services=new Array(\"Twitter\",\"Facebook\",\"Pinterest\",\"Linkedin\",\"Tumblr\",\"StumbleUpon\",\"Digg\",\"Reddit\",\"Bebo\",\"Delicious\",\"QZone\",\"Renren\",\"Email\");var hupso_icon_type = \"labels\";var hupso_background=\"#3BF8FF\";var hupso_border=\"#FF2B0A\";var hupso_image_folder_url = \"\";var hupso_url=\"\";var hupso_title=\"Wypadek%20z%20udzia%C5%82em%20hulajnogi%20elektrycznej%2C%20ranny%2016-latek\";<\/script><script type=\"text\/javascript\" src=\"http:\/\/static.hupso.com\/share\/js\/share.js\"><\/script><!-- Hupso Share Buttons --><\/div>","protected":false},"author":1,"featured_media":1010,"comment_status":"open","ping_status":"open","sticky":false,"template":"","format":"standard","meta":{"_acf_changed":false,"wprm-recipe-roundup-name":"","wprm-recipe-roundup-description":"","footnotes":""},"categories":[19,5,28],"tags":[],"class_list":["post-8437","post","type-post","status-publish","format-standard","has-post-thumbnail","hentry","category-aktualnosci","category-na-sygnale","category-wyd"],"acf":[],"amp_enabled":true,"_links":{"self":[{"href":"http:\/\/portalm\u0142awa.pl\/index.php?rest_route=\/wp\/v2\/posts\/8437","targetHints":{"allow":["GET"]}}],"collection":[{"href":"http:\/\/portalm\u0142awa.pl\/index.php?rest_route=\/wp\/v2\/posts"}],"about":[{"href":"http:\/\/portalm\u0142awa.pl\/index.php?rest_route=\/wp\/v2\/types\/post"}],"author":[{"embeddable":true,"href":"http:\/\/portalm\u0142awa.pl\/index.php?rest_route=\/wp\/v2\/users\/1"}],"replies":[{"embeddable":true,"href":"http:\/\/portalm\u0142awa.pl\/index.php?rest_route=%2Fwp%2Fv2%2Fcomments&post=8437"}],"version-history":[{"count":5,"href":"http:\/\/portalm\u0142awa.pl\/index.php?rest_route=\/wp\/v2\/posts\/8437\/revisions"}],"predecessor-version":[{"id":8444,"href":"http:\/\/portalm\u0142awa.pl\/index.php?rest_route=\/wp\/v2\/posts\/8437\/revisions\/8444"}],"wp:featuredmedia":[{"embeddable":true,"href":"http:\/\/portalm\u0142awa.pl\/index.php?rest_route=\/wp\/v2\/media\/1010"}],"wp:attachment":[{"href":"http:\/\/portalm\u0142awa.pl\/index.php?rest_route=%2Fwp%2Fv2%2Fmedia&parent=8437"}],"wp:term":[{"taxonomy":"category","embeddable":true,"href":"http:\/\/portalm\u0142awa.pl\/index.php?rest_route=%2Fwp%2Fv2%2Fcategories&post=8437"},{"taxonomy":"post_tag","embeddable":true,"href":"http:\/\/portalm\u0142awa.pl\/index.php?rest_route=%2Fwp%2Fv2%2Ftags&post=8437"}],"curies":[{"name":"wp","href":"https:\/\/api.w.org\/{rel}","templated":true}]}}