{"id":8506,"date":"2025-07-25T16:41:14","date_gmt":"2025-07-25T14:41:14","guid":{"rendered":"http:\/\/portalm\u0142awa.pl\/?p=8506"},"modified":"2025-07-25T16:41:14","modified_gmt":"2025-07-25T14:41:14","slug":"zus-wyplaci-emerytom-6-tys-zl-dodatku-do-pradu-i-ogrzewania-kto-i-kiedy-dostanie-pieniadze","status":"publish","type":"post","link":"http:\/\/portalm\u0142awa.pl\/?p=8506","title":{"rendered":"ZUS wyp\u0142aci emerytom 6 tys. z\u0142 dodatku do pr\u0105du i ogrzewania! Kto i kiedy dostanie pieni\u0105dze?"},"content":{"rendered":"<div class=\"documentText__lead\" style=\"box-sizing: border-box; margin: 0px 0px 15px; padding: 0px; border: 0px; font-variant-numeric: inherit; font-variant-east-asian: inherit; font-variant-alternates: inherit; font-variant-position: inherit; font-weight: bold; font-stretch: inherit; font-size: 20px; line-height: 30px; font-family: Roboto-Bold, sans-serif; font-optical-sizing: inherit; font-size-adjust: inherit; font-kerning: inherit; font-feature-settings: inherit; font-variation-settings: inherit; vertical-align: baseline; color: #000000;\">\n<p style=\"box-sizing: border-box; margin: 0px 0px 15px; padding: 0px; border: 0px; font-style: inherit; font-variant: inherit; font-weight: inherit; font-stretch: inherit; line-height: 30px; font-family: inherit; font-optical-sizing: inherit; font-size-adjust: inherit; font-kerning: inherit; font-feature-settings: inherit; font-variation-settings: inherit; vertical-align: baseline; text-align: justify;\">Na kontach wielu emeryt\u00f3w wkr\u00f3tce pojawi\u0105 si\u0119 dodatkowe \u015brodki od pa\u0144stwa. To wsparcie finansowe ma pom\u00f3c seniorom poradzi\u0107 sobie z rosn\u0105cymi rachunkami za pr\u0105d i ogrzewanie. W ramach planowanego dodatku seniorzy mog\u0105 liczy\u0107 na nawet 6000 z\u0142 dodatkowego wsparcia. Kto i ile otrzyma? Kiedy pieni\u0105dze pojawi\u0105 si\u0119 na kontach senior\u00f3w? Sprawdzamy, co ju\u017c wiadomo.<\/p>\n<\/div>\n<div id=\"detailContentWrapper\" class=\"documentText__content\" style=\"box-sizing: border-box; margin: 0px; padding: 0px; border: 0px; font-variant-numeric: inherit; font-variant-east-asian: inherit; font-variant-alternates: inherit; font-variant-position: inherit; font-stretch: inherit; font-size: 20px; line-height: inherit; font-family: Roboto-Regular, sans-serif; font-optical-sizing: inherit; font-size-adjust: inherit; font-kerning: inherit; font-feature-settings: inherit; font-variation-settings: inherit; vertical-align: baseline; position: relative; color: #000000;\" data-inforid=\"FOB0000000000006996802\">\n<h2 id=\"dla-kogo-dodatkowe-6-tys-zl-dodatku-do-pradu-i-ogrzewania\" style=\"box-sizing: border-box; margin: 0.83em 0px; padding: 0px; border: 0px; font-style: inherit; font-variant: inherit; font-stretch: inherit; line-height: 40px; font-family: Roboto-Bold, sans-serif; font-optical-sizing: inherit; font-size-adjust: inherit; font-kerning: inherit; font-feature-settings: inherit; font-variation-settings: inherit; vertical-align: baseline; scroll-margin-top: 50px; text-align: justify;\">Dla kogo dodatkowe 6 tys. z\u0142 dodatku do pr\u0105du i ogrzewania?<\/h2>\n<p style=\"box-sizing: border-box; margin: 0px 0px 15px; padding: 0px; border: 0px; font-style: inherit; font-variant: inherit; font-weight: inherit; font-stretch: inherit; line-height: 30px; font-family: inherit; font-optical-sizing: inherit; font-size-adjust: inherit; font-kerning: inherit; font-feature-settings: inherit; font-variation-settings: inherit; vertical-align: baseline; text-align: justify;\">Wsparcie finansowe, kt\u00f3re trafi na konta senior\u00f3w, to inicjatywa rz\u0105du Donalda Tuska. Ma by\u0107 ono kolejnym elementem\u00a0<span style=\"box-sizing: border-box; margin: 0px; padding: 0px; border: 0px; font-style: inherit; font-variant: inherit; font-weight: bold; font-stretch: inherit; font-size: inherit; line-height: inherit; font-family: Roboto-Bold, sans-serif; font-optical-sizing: inherit; font-size-adjust: inherit; font-kerning: inherit; font-feature-settings: inherit; font-variation-settings: inherit; vertical-align: baseline;\">wsparcia dla senior\u00f3w i os\u00f3b o ni\u017cszych dochodach<\/span>. Nowy bon energetyczny ma na celu odci\u0105\u017cenie ich bud\u017cet\u00f3w w zwi\u0105zku z rosn\u0105cymi kosztami utrzymania. \u015awiadczenie b\u0119dzie skierowane do os\u00f3b w wieku emerytalnym, kt\u00f3re spe\u0142niaj\u0105 okre\u015blone kryteria dochodowe.\u00a0<span style=\"box-sizing: border-box; margin: 0px; padding: 0px; border: 0px; font-style: inherit; font-variant: inherit; font-weight: bold; font-stretch: inherit; font-size: inherit; line-height: inherit; font-family: Roboto-Bold, sans-serif; font-optical-sizing: inherit; font-size-adjust: inherit; font-kerning: inherit; font-feature-settings: inherit; font-variation-settings: inherit; vertical-align: baseline;\">Wyp\u0142aty dotycz\u0105 tych, kt\u00f3rzy:<\/span><\/p>\n<ul style=\"box-sizing: border-box; margin: 0px 0px 15px; padding: 0px 0px 0px 20px; border: 0px; font: inherit; vertical-align: baseline; list-style-position: initial; list-style-image: initial; text-align: justify;\">\n<li style=\"box-sizing: border-box; margin: 0px; padding: 0px; border: 0px; font-style: inherit; font-variant: inherit; font-stretch: inherit; line-height: 30px; font-optical-sizing: inherit; font-size-adjust: inherit; font-kerning: inherit; font-feature-settings: inherit; font-variation-settings: inherit; vertical-align: baseline;\">nie przekraczaj\u0105 miesi\u0119cznego dochodu w wysoko\u015bci\u00a0<span style=\"box-sizing: border-box; margin: 0px; padding: 0px; border: 0px; font-style: inherit; font-variant: inherit; font-weight: bold; font-stretch: inherit; font-size: inherit; line-height: inherit; font-family: Roboto-Bold, sans-serif; font-optical-sizing: inherit; font-size-adjust: inherit; font-kerning: inherit; font-feature-settings: inherit; font-variation-settings: inherit; vertical-align: baseline;\">2525 z\u0142 brutto\u00a0<\/span>na osob\u0119.<\/li>\n<li style=\"box-sizing: border-box; margin: 0px; padding: 0px; border: 0px; font-style: inherit; font-variant: inherit; font-stretch: inherit; line-height: 30px; font-optical-sizing: inherit; font-size-adjust: inherit; font-kerning: inherit; font-feature-settings: inherit; font-variation-settings: inherit; vertical-align: baseline;\">uko\u0144czyli:\u00a0<span style=\"box-sizing: border-box; margin: 0px; padding: 0px; border: 0px; font-style: inherit; font-variant: inherit; font-weight: bold; font-stretch: inherit; font-size: inherit; line-height: inherit; font-family: Roboto-Bold, sans-serif; font-optical-sizing: inherit; font-size-adjust: inherit; font-kerning: inherit; font-feature-settings: inherit; font-variation-settings: inherit; vertical-align: baseline;\">kobiety od 60.<\/span>\u00a0rok \u017cycia oraz\u00a0<span style=\"box-sizing: border-box; margin: 0px; padding: 0px; border: 0px; font-style: inherit; font-variant: inherit; font-weight: bold; font-stretch: inherit; font-size: inherit; line-height: inherit; font-family: Roboto-Bold, sans-serif; font-optical-sizing: inherit; font-size-adjust: inherit; font-kerning: inherit; font-feature-settings: inherit; font-variation-settings: inherit; vertical-align: baseline;\">m\u0119\u017cczy\u017ani od 65.<\/span>\u00a0roku \u017cycia.<\/li>\n<li style=\"box-sizing: border-box; margin: 0px; padding: 0px; border: 0px; font-style: inherit; font-variant: inherit; font-stretch: inherit; line-height: 30px; font-optical-sizing: inherit; font-size-adjust: inherit; font-kerning: inherit; font-feature-settings: inherit; font-variation-settings: inherit; vertical-align: baseline;\">zamieszkuj\u0105 w budynkach ogrzewanych indywidualnym \u017ar\u00f3d\u0142em ciep\u0142a opartym na paliwach kopalnych, tj. w\u0119giel czy olej opa\u0142owy.<\/li>\n<\/ul>\n<h2 id=\"ile-wyniosa-wyplaty-na-konta-seniorow\" style=\"box-sizing: border-box; margin: 0.83em 0px; padding: 0px; border: 0px; font-style: inherit; font-variant: inherit; font-stretch: inherit; line-height: 40px; font-family: Roboto-Bold, sans-serif; font-optical-sizing: inherit; font-size-adjust: inherit; font-kerning: inherit; font-feature-settings: inherit; font-variation-settings: inherit; vertical-align: baseline; scroll-margin-top: 50px; text-align: justify;\">Ile wynios\u0105 wyp\u0142aty na konta senior\u00f3w?<\/h2>\n<p style=\"box-sizing: border-box; margin: 0px 0px 15px; padding: 0px; border: 0px; font-style: inherit; font-variant: inherit; font-weight: inherit; font-stretch: inherit; line-height: 30px; font-family: inherit; font-optical-sizing: inherit; font-size-adjust: inherit; font-kerning: inherit; font-feature-settings: inherit; font-variation-settings: inherit; vertical-align: baseline; text-align: justify;\"><span style=\"box-sizing: border-box; margin: 0px; padding: 0px; border: 0px; font-style: inherit; font-variant: inherit; font-weight: bold; font-stretch: inherit; font-size: inherit; line-height: inherit; font-family: Roboto-Bold, sans-serif; font-optical-sizing: inherit; font-size-adjust: inherit; font-kerning: inherit; font-feature-settings: inherit; font-variation-settings: inherit; vertical-align: baseline;\">Wsparcie finansowe b\u0119dzie wyp\u0142acane w formie przelew\u00f3w<\/span><span style=\"box-sizing: border-box; margin: 0px; padding: 0px; border: 0px; font: inherit; vertical-align: baseline;\"><span style=\"box-sizing: border-box; margin: 0px; padding: 0px; border: 0px; font-style: inherit; font-variant: inherit; font-weight: bold; font-stretch: inherit; font-size: inherit; line-height: inherit; font-family: Roboto-Bold, sans-serif; font-optical-sizing: inherit; font-size-adjust: inherit; font-kerning: inherit; font-feature-settings: inherit; font-variation-settings: inherit; vertical-align: baseline;\">\u00a0przez 5 lat<\/span>\u00a0&#8211;\u00a0<\/span>300 z\u0142 kwartalnie, rocznie 1200 z\u0142, \u0142\u0105cznie<span style=\"box-sizing: border-box; margin: 0px; padding: 0px; border: 0px; font: inherit; vertical-align: baseline;\"><span style=\"box-sizing: border-box; margin: 0px; padding: 0px; border: 0px; font-style: inherit; font-variant: inherit; font-weight: bold; font-stretch: inherit; font-size: inherit; line-height: inherit; font-family: Roboto-Bold, sans-serif; font-optical-sizing: inherit; font-size-adjust: inherit; font-kerning: inherit; font-feature-settings: inherit; font-variation-settings: inherit; vertical-align: baseline;\">\u00a0nawet 6000 z\u0142 dodatkowego wsparcia.<\/span><\/span><\/p>\n<h2 id=\"kiedy-pieniadze-pojawia-sie-na-kontach-seniorow\" style=\"box-sizing: border-box; margin: 0.83em 0px; padding: 0px; border: 0px; font-style: inherit; font-variant: inherit; font-stretch: inherit; line-height: 40px; font-family: Roboto-Bold, sans-serif; font-optical-sizing: inherit; font-size-adjust: inherit; font-kerning: inherit; font-feature-settings: inherit; font-variation-settings: inherit; vertical-align: baseline; scroll-margin-top: 50px; text-align: justify;\">Kiedy\u00a0<a class=\"seoMapping\" style=\"box-sizing: border-box; margin: 0px; padding: 0px; border: 0px; font-style: inherit; font-variant: inherit; font-weight: 400; font-stretch: inherit; font-size: inherit; line-height: inherit; font-family: Roboto-Regular, sans-serif; font-optical-sizing: inherit; font-size-adjust: inherit; font-kerning: inherit; font-feature-settings: inherit; font-variation-settings: inherit; vertical-align: baseline; background-color: transparent; color: #0073b1; text-decoration-line: none; word-break: break-word;\" title=\"pieni\u0105dze\" href=\"https:\/\/mojafirma.infor.pl\/tematy\/pieniadze\/\">pieni\u0105dze<\/a>\u00a0pojawi\u0105 si\u0119 na kontach senior\u00f3w?<\/h2>\n<p style=\"box-sizing: border-box; margin: 0px 0px 15px; padding: 0px; border: 0px; font-style: inherit; font-variant: inherit; font-weight: inherit; font-stretch: inherit; line-height: 30px; font-family: inherit; font-optical-sizing: inherit; font-size-adjust: inherit; font-kerning: inherit; font-feature-settings: inherit; font-variation-settings: inherit; vertical-align: baseline; text-align: justify;\">Cho\u0107 pierwotnie zak\u0142adano, \u017ce wyp\u0142aty rozpoczn\u0105 si\u0119 ju\u017c w 2025 roku, Ministerstwo Klimatu i \u015arodowiska ostatecznie poinformowa\u0142o, \u017ce\u00a0<span style=\"box-sizing: border-box; margin: 0px; padding: 0px; border: 0px; font-style: inherit; font-variant: inherit; font-weight: bold; font-stretch: inherit; font-size: inherit; line-height: inherit; font-family: Roboto-Bold, sans-serif; font-optical-sizing: inherit; font-size-adjust: inherit; font-kerning: inherit; font-feature-settings: inherit; font-variation-settings: inherit; vertical-align: baseline;\">nowy nab\u00f3r nie ruszy wcze\u015bniej ni\u017c w 2027 roku<\/span>. W 2025 roku dodatkowe przelewy mog\u0105 jeszcze trafi\u0107 do tych senior\u00f3w, kt\u00f3rych wnioski z poprzednich edycji programu (2024) nie zosta\u0142y wcze\u015bniej rozliczone.<\/p>\n<p style=\"box-sizing: border-box; margin: 0px 0px 15px; padding: 0px; border: 0px; font-style: inherit; font-variant: inherit; font-weight: inherit; font-stretch: inherit; line-height: 30px; font-family: inherit; font-optical-sizing: inherit; font-size-adjust: inherit; font-kerning: inherit; font-feature-settings: inherit; font-variation-settings: inherit; vertical-align: baseline; text-align: justify;\">W wi\u0119kszo\u015bci przypadk\u00f3w przelewy pojawi\u0105 si\u0119 na kontach raz na kwarta\u0142, w wysoko\u015bci oko\u0142o 300 z\u0142. Za ich realizacj\u0119 odpowiada\u0107 b\u0119dzie Zak\u0142ad Ubezpiecze\u0144 Spo\u0142ecznych (ZUS).<\/p>\n<h2 id=\"czy-trzeba-skladac-wniosek\" style=\"box-sizing: border-box; margin: 0.83em 0px; padding: 0px; border: 0px; font-style: inherit; font-variant: inherit; font-stretch: inherit; line-height: 40px; font-family: Roboto-Bold, sans-serif; font-optical-sizing: inherit; font-size-adjust: inherit; font-kerning: inherit; font-feature-settings: inherit; font-variation-settings: inherit; vertical-align: baseline; scroll-margin-top: 50px; text-align: justify;\">Czy trzeba sk\u0142ada\u0107 wniosek?<\/h2>\n<p style=\"box-sizing: border-box; margin: 0px 0px 15px; padding: 0px; border: 0px; font-style: inherit; font-variant: inherit; font-weight: inherit; font-stretch: inherit; line-height: 30px; font-family: inherit; font-optical-sizing: inherit; font-size-adjust: inherit; font-kerning: inherit; font-feature-settings: inherit; font-variation-settings: inherit; vertical-align: baseline; text-align: justify;\">Tak, ale wnioski b\u0119d\u0105 przyjmowane dopiero od momentu og\u0142oszenia oficjalnego startu kolejnej edycji planowanej na 2027 rok.<\/p>\n<h2 id=\"jaki-jest-cel-tego-wsparcia\" style=\"text-align: justify;\">Jaki jest cel tego wsparcia?<\/h2>\n<p style=\"text-align: justify;\">Celem przelew\u00f3w jest ochrona najubo\u017cszych senior\u00f3w przed skutkami rosn\u0105cych koszt\u00f3w energii. Rz\u0105d chce zapobiec sytuacjom, w kt\u00f3rych osoby starsze zostan\u0105 odci\u0119te od dostaw pr\u0105du lub ciep\u0142a z powodu problem\u00f3w z op\u0142aceniem rachunk\u00f3w. \u015awiadczenie ma stanowi\u0107 wsparcie w codziennych wydatkach zwi\u0105zanych z energi\u0105 elektryczn\u0105 i ogrzewaniem.<\/p>\n<p>\u0179r\u00f3d\u0142o infor.pl<\/p>\n<\/div>\n<div style=\"padding-bottom:20px; padding-top:10px;\" class=\"hupso-share-buttons\"><!-- Hupso Share Buttons - https:\/\/www.hupso.com\/share\/ --><a class=\"hupso_pop\" href=\"https:\/\/www.hupso.com\/share\/\"><img decoding=\"async\" data-src=\"http:\/\/static.hupso.com\/share\/buttons\/button100x23.png\" style=\"border:0px; width:100; height: 23; \" alt=\"Share Button\" src=\"data:image\/svg+xml;base64,PHN2ZyB3aWR0aD0iMSIgaGVpZ2h0PSIxIiB4bWxucz0iaHR0cDovL3d3dy53My5vcmcvMjAwMC9zdmciPjwvc3ZnPg==\" class=\"lazyload\" \/><\/a><script type=\"text\/javascript\">var hupso_services=new Array(\"Twitter\",\"Facebook\",\"Pinterest\",\"Linkedin\",\"Tumblr\",\"StumbleUpon\",\"Digg\",\"Reddit\",\"Bebo\",\"Delicious\",\"QZone\",\"Renren\",\"Email\");var hupso_icon_type = \"labels\";var hupso_background=\"#3BF8FF\";var hupso_border=\"#FF2B0A\";var hupso_image_folder_url = \"\";var hupso_url=\"\";var hupso_title=\"ZUS%20wyp%C5%82aci%20emerytom%206%20tys.%20z%C5%82%20dodatku%20do%20pr%C4%85du%20i%20ogrzewania%21%20Kto%20i%20kiedy%20dostanie%20pieni%C4%85dze%3F\";<\/script><script type=\"text\/javascript\" src=\"http:\/\/static.hupso.com\/share\/js\/share.js\"><\/script><!-- Hupso Share Buttons --><\/div>","protected":false},"excerpt":{"rendered":"<p>Na kontach wielu emeryt\u00f3w wkr\u00f3tce pojawi\u0105 si\u0119 dodatkowe \u015brodki od pa\u0144stwa. To wsparcie finansowe ma pom\u00f3c seniorom poradzi\u0107 sobie z rosn\u0105cymi rachunkami za pr\u0105d i ogrzewanie. W ramach planowanego dodatku&hellip; <\/p>\n<div style=\"padding-bottom:20px; padding-top:10px;\" class=\"hupso-share-buttons\"><!-- Hupso Share Buttons - https:\/\/www.hupso.com\/share\/ --><a class=\"hupso_pop\" href=\"https:\/\/www.hupso.com\/share\/\"><img data-src=\"http:\/\/static.hupso.com\/share\/buttons\/button100x23.png\" style=\"border:0px; width:100; height: 23; \" alt=\"Share Button\" src=\"data:image\/svg+xml;base64,PHN2ZyB3aWR0aD0iMSIgaGVpZ2h0PSIxIiB4bWxucz0iaHR0cDovL3d3dy53My5vcmcvMjAwMC9zdmciPjwvc3ZnPg==\" class=\"lazyload\" \/><\/a><script type=\"text\/javascript\">var hupso_services=new Array(\"Twitter\",\"Facebook\",\"Pinterest\",\"Linkedin\",\"Tumblr\",\"StumbleUpon\",\"Digg\",\"Reddit\",\"Bebo\",\"Delicious\",\"QZone\",\"Renren\",\"Email\");var hupso_icon_type = \"labels\";var hupso_background=\"#3BF8FF\";var hupso_border=\"#FF2B0A\";var hupso_image_folder_url = \"\";var hupso_url=\"\";var hupso_title=\"ZUS%20wyp%C5%82aci%20emerytom%206%20tys.%20z%C5%82%20dodatku%20do%20pr%C4%85du%20i%20ogrzewania%21%20Kto%20i%20kiedy%20dostanie%20pieni%C4%85dze%3F\";<\/script><script type=\"text\/javascript\" src=\"http:\/\/static.hupso.com\/share\/js\/share.js\"><\/script><!-- Hupso Share Buttons --><\/div>","protected":false},"author":1,"featured_media":2569,"comment_status":"open","ping_status":"open","sticky":false,"template":"","format":"standard","meta":{"_acf_changed":false,"wprm-recipe-roundup-name":"","wprm-recipe-roundup-description":"","footnotes":""},"categories":[19,28],"tags":[],"class_list":["post-8506","post","type-post","status-publish","format-standard","has-post-thumbnail","hentry","category-aktualnosci","category-wyd"],"acf":[],"amp_enabled":true,"_links":{"self":[{"href":"http:\/\/portalm\u0142awa.pl\/index.php?rest_route=\/wp\/v2\/posts\/8506","targetHints":{"allow":["GET"]}}],"collection":[{"href":"http:\/\/portalm\u0142awa.pl\/index.php?rest_route=\/wp\/v2\/posts"}],"about":[{"href":"http:\/\/portalm\u0142awa.pl\/index.php?rest_route=\/wp\/v2\/types\/post"}],"author":[{"embeddable":true,"href":"http:\/\/portalm\u0142awa.pl\/index.php?rest_route=\/wp\/v2\/users\/1"}],"replies":[{"embeddable":true,"href":"http:\/\/portalm\u0142awa.pl\/index.php?rest_route=%2Fwp%2Fv2%2Fcomments&post=8506"}],"version-history":[{"count":1,"href":"http:\/\/portalm\u0142awa.pl\/index.php?rest_route=\/wp\/v2\/posts\/8506\/revisions"}],"predecessor-version":[{"id":8507,"href":"http:\/\/portalm\u0142awa.pl\/index.php?rest_route=\/wp\/v2\/posts\/8506\/revisions\/8507"}],"wp:featuredmedia":[{"embeddable":true,"href":"http:\/\/portalm\u0142awa.pl\/index.php?rest_route=\/wp\/v2\/media\/2569"}],"wp:attachment":[{"href":"http:\/\/portalm\u0142awa.pl\/index.php?rest_route=%2Fwp%2Fv2%2Fmedia&parent=8506"}],"wp:term":[{"taxonomy":"category","embeddable":true,"href":"http:\/\/portalm\u0142awa.pl\/index.php?rest_route=%2Fwp%2Fv2%2Fcategories&post=8506"},{"taxonomy":"post_tag","embeddable":true,"href":"http:\/\/portalm\u0142awa.pl\/index.php?rest_route=%2Fwp%2Fv2%2Ftags&post=8506"}],"curies":[{"name":"wp","href":"https:\/\/api.w.org\/{rel}","templated":true}]}}