{"id":8517,"date":"2025-07-26T07:16:53","date_gmt":"2025-07-26T05:16:53","guid":{"rendered":"http:\/\/portalm\u0142awa.pl\/?p=8517"},"modified":"2025-07-26T07:23:51","modified_gmt":"2025-07-26T05:23:51","slug":"osp-mlawa-znow-wlaczana-do-ksrg-wazny-krok-dla-bezpieczenstwa-mieszkancow","status":"publish","type":"post","link":"http:\/\/portalm\u0142awa.pl\/?p=8517","title":{"rendered":"OSP M\u0142awa zn\u00f3w w\u0142anczana do KSRG! Wa\u017cny krok dla bezpiecze\u0144stwa mieszka\u0144c\u00f3w"},"content":{"rendered":"<p style=\"text-align: justify;\"><strong>M\u0142awa, 24 lipca 2025 \u2013 To dzie\u0144, kt\u00f3ry zapisze si\u0119 na nowo w historii lokalnego po\u017carnictwa. W siedzibie Komendy Powiatowej Pa\u0144stwowej Stra\u017cy Po\u017carnej w M\u0142awie podpisano tr\u00f3jstronne porozumienie otwieraj\u0105ce drog\u0119 do ponownego w\u0142\u0105czenia Ochotniczej Stra\u017cy Po\u017carnej z ul. Padlewskiego w M\u0142awie do Krajowego Systemu Ratowniczo-Ga\u015bniczego (KSRG). To formalny, lecz niezwykle istotny krok ku zwi\u0119kszeniu poziomu bezpiecze\u0144stwa w naszym mie\u015bcie.<\/strong><\/p>\n<p style=\"text-align: justify;\"><strong>\u00a0Porozumienie podpisane \u2013 co to oznacza?<\/strong><\/p>\n<p style=\"text-align: justify;\">Pod dokumentem podpisy z\u0142o\u017cyli:<\/p>\n<p style=\"text-align: justify;\"><strong>st. bryg. Jaros\u0142aw Andruszkiewicz<\/strong> \u2013 Komendant Powiatowy PSP w M\u0142awie,<\/p>\n<p style=\"text-align: justify;\"><strong>Piotr Jankowski<\/strong> \u2013 Burmistrz Miasta M\u0142awa,<\/p>\n<p style=\"padding-left: 40px; text-align: justify;\">oraz <strong>przedstawiciele zarz\u0105du OSP M\u0142awa.<\/strong><\/p>\n<p style=\"text-align: justify;\">Porozumienie to nie tylko formalno\u015b\u0107, ale sygna\u0142: jednostka spe\u0142nia wymagania KSRG i jest gotowa dzia\u0142a\u0107 na najwy\u017cszym poziomie operacyjnym.<\/p>\n<p style=\"text-align: justify;\">\u00a0<strong>Czym jest KSRG i dlaczego warto by\u0107 jego cz\u0119\u015bci\u0105?<\/strong><\/p>\n<p style=\"text-align: justify;\">Krajowy System Ratowniczo-Ga\u015bniczy to trzon og\u00f3lnopolskiego systemu reagowania kryzysowego. \u0141\u0105czy zar\u00f3wno zawodowe, jak i ochotnicze jednostki stra\u017cy po\u017carnej w jedn\u0105, dobrze zorganizowan\u0105 i wyszkolon\u0105 struktur\u0119 reaguj\u0105c\u0105 na zagro\u017cenia.<\/p>\n<p style=\"text-align: justify;\"><strong>Ponowne w\u0142\u0105czenie do KSRG to dla OSP M\u0142awa:<\/strong><\/p>\n<p style=\"text-align: justify;\">&#8211; dost\u0119p do szkole\u0144 i doposa\u017cenia na poziomie krajowym,<\/p>\n<p style=\"text-align: justify;\">&#8211; udzia\u0142 w akcjach ratowniczych w ca\u0142ej Polsce,<\/p>\n<p style=\"text-align: justify;\">&#8211; potwierdzenie wysokiej gotowo\u015bci operacyjnej,<\/p>\n<p style=\"text-align: justify;\">&#8211; presti\u017c i realna si\u0142a dzia\u0142ania w terenie.<\/p>\n<p style=\"text-align: justify;\">\u00a0<strong>Kim s\u0105 druhowie z OSP M\u0142awa?<\/strong><\/p>\n<p style=\"text-align: justify;\">Dzi\u015b w szeregach OSP M\u0142awa s\u0142u\u017cy 34 druh\u00f3w, kt\u00f3rzy \u0142\u0105cz\u0105 swoje codzienne \u017cycie z pasj\u0105 do niesienia pomocy. Ich wyposa\u017cenie:<\/p>\n<p style=\"text-align: justify;\">&#8211; IVECO GBA 2\/16 \u2013 \u015bredni samoch\u00f3d ratowniczo-ga\u015bniczy (1999)<\/p>\n<p style=\"text-align: justify;\">&#8211; VOLVO SCH 38 \u2013 podno\u015bnik hydrauliczny (1999)<\/p>\n<p style=\"text-align: justify;\">&#8211; Polaris (2022) \u2013 lekki, zwinny quad ratowniczy<\/p>\n<p style=\"text-align: justify;\">&#8211; Agregaty pr\u0105dotw\u00f3rcze, pompy, pi\u0142y spalinowe i nowoczesny zestaw medyczny PSP R1<\/p>\n<p style=\"text-align: justify;\">To w\u0142a\u015bnie ci ludzie \u2013 wyszkoleni, zaanga\u017cowani i pe\u0142ni determinacji \u2013 nios\u0105 pomoc w najtrudniejszych momentach: po\u017carach, wypadkach, kl\u0119skach \u017cywio\u0142owych czy sytuacjach medycznych.<\/p>\n<p style=\"text-align: justify;\">\u00a0<strong>Wsparcie miasta ma znaczenie<\/strong><\/p>\n<p style=\"text-align: justify;\">Nie by\u0142oby rozwoju OSP bez aktywnie wspieraj\u0105cego samorz\u0105du M\u0142awy. Miasto nie tylko utrzymuje stra\u017cnic\u0119, ale r\u00f3wnie\u017c:<\/p>\n<p style=\"text-align: justify;\">&#8211; pokrywa koszty szkole\u0144 i ubezpieczenia druh\u00f3w,<\/p>\n<p style=\"text-align: justify;\">&#8211; serwisuje i doposa\u017ca sprz\u0119t,<\/p>\n<p style=\"text-align: justify;\">&#8211; wyp\u0142aca ekwiwalenty za udzia\u0142 w akcjach i \u0107wiczeniach,<\/p>\n<p style=\"text-align: justify;\">-zapewnia finansowanie bada\u0144 lekarskich.<\/p>\n<p style=\"text-align: justify;\">To modelowy przyk\u0142ad, jak lokalna spo\u0142eczno\u015b\u0107 i samorz\u0105d mog\u0105 razem dba\u0107 o bezpiecze\u0144stwo.<\/p>\n<p style=\"text-align: justify;\">\u00a0<strong>Co dalej?<\/strong><\/p>\n<p style=\"text-align: justify;\">Podpisane porozumienie to dopiero pocz\u0105tek procedury. Teraz czas na decyzj\u0119 Komendanta G\u0142\u00f3wnego Pa\u0144stwowej Stra\u017cy Po\u017carnej, kt\u00f3ry \u2013 je\u015bli zaakceptuje dokumenty \u2013 oficjalnie przywr\u00f3ci OSP M\u0142awa do struktur KSRG.<\/p>\n<p style=\"text-align: justify;\">Dla druh\u00f3w oznacza to mo\u017cliwo\u015b\u0107 jeszcze skuteczniejszego dzia\u0142ania. Dla mieszka\u0144c\u00f3w \u2013 wi\u0119ksze poczucie bezpiecze\u0144stwa. Dla miasta \u2013 realne wzmocnienie systemu zarz\u0105dzania kryzysowego.<\/p>\n<p style=\"text-align: justify;\">W\u0142\u0105czenie do KSRG to dla M\u0142awy gwarancja jeszcze lepszej ochrony mieszka\u0144c\u00f3w.<\/p>\n<p style=\"text-align: justify;\">\u00a0<strong>Podsumowanie<\/strong><\/p>\n<p style=\"text-align: justify;\">OSP M\u0142awa wraca na nale\u017cne sobie miejsce \u2013 w sercu polskiego systemu ratowniczego. Z odnowion\u0105 energi\u0105, wsparciem miasta i nieustaj\u0105c\u0105 pasj\u0105 do s\u0142u\u017cby, jednostka ta z pewno\u015bci\u0105 odegra kluczow\u0105 rol\u0119 w reagowaniu na lokalne zagro\u017cenia.<\/p>\n<p style=\"text-align: justify;\">Bezpiecze\u0144stwo zaczyna si\u0119 lokalnie. Dzi\u0119kujemy, druhowie.<\/p>\n<p style=\"text-align: justify;\">\u0179r\u00f3d\u0142o MM i fot.\u00a0 oprac. T. B<\/p>\n<p style=\"text-align: justify;\">KOMENTARZE<\/p>\n<p style=\"text-align: justify;\">Wydawca portalu nie ponosi odpowiedzialno\u015bci za tre\u015b\u0107 komentarzy zamieszczanych przez u\u017cytkownik\u00f3w. Osoby zamieszczaj\u0105ce wypowiedzi naruszaj\u0105ce prawo lub prawem chronione dobra os\u00f3b trzecich mog\u0105 ponie\u015b\u0107 z tego tytu\u0142u odpowiedzialno\u015b\u0107 karn\u0105 lub cywiln\u0105.JEDNOCZE\u015aNIE UZYTKOWNICY ZAMIESZCZAJ\u0104C KOMENTARZ OSWIADCZAJ\u0104, \u017bE BIOR\u0104 PE\u0141N\u0104 ODPOWIEDZIALNO\u015a\u0106 ZA TRE\u015aCI UMIESZCZONE PRZEZ SIEBIE<\/p>\n<div style=\"padding-bottom:20px; padding-top:10px;\" class=\"hupso-share-buttons\"><!-- Hupso Share Buttons - https:\/\/www.hupso.com\/share\/ --><a class=\"hupso_pop\" href=\"https:\/\/www.hupso.com\/share\/\"><img decoding=\"async\" data-src=\"http:\/\/static.hupso.com\/share\/buttons\/button100x23.png\" style=\"border:0px; width:100; height: 23; \" alt=\"Share Button\" src=\"data:image\/svg+xml;base64,PHN2ZyB3aWR0aD0iMSIgaGVpZ2h0PSIxIiB4bWxucz0iaHR0cDovL3d3dy53My5vcmcvMjAwMC9zdmciPjwvc3ZnPg==\" class=\"lazyload\" \/><\/a><script type=\"text\/javascript\">var hupso_services=new Array(\"Twitter\",\"Facebook\",\"Pinterest\",\"Linkedin\",\"Tumblr\",\"StumbleUpon\",\"Digg\",\"Reddit\",\"Bebo\",\"Delicious\",\"QZone\",\"Renren\",\"Email\");var hupso_icon_type = \"labels\";var hupso_background=\"#3BF8FF\";var hupso_border=\"#FF2B0A\";var hupso_image_folder_url = \"\";var hupso_url=\"\";var hupso_title=\"OSP%20M%C5%82awa%20zn%C3%B3w%20w%C5%82anczana%20do%20KSRG%21%20Wa%C5%BCny%20krok%20dla%20bezpiecze%C5%84stwa%20mieszka%C5%84c%C3%B3w\";<\/script><script type=\"text\/javascript\" src=\"http:\/\/static.hupso.com\/share\/js\/share.js\"><\/script><!-- Hupso Share Buttons --><\/div>","protected":false},"excerpt":{"rendered":"<p>M\u0142awa, 24 lipca 2025 \u2013 To dzie\u0144, kt\u00f3ry zapisze si\u0119 na nowo w historii lokalnego po\u017carnictwa. W siedzibie Komendy Powiatowej Pa\u0144stwowej Stra\u017cy Po\u017carnej w M\u0142awie podpisano tr\u00f3jstronne porozumienie otwieraj\u0105ce drog\u0119&hellip; <\/p>\n<div style=\"padding-bottom:20px; padding-top:10px;\" class=\"hupso-share-buttons\"><!-- Hupso Share Buttons - https:\/\/www.hupso.com\/share\/ --><a class=\"hupso_pop\" href=\"https:\/\/www.hupso.com\/share\/\"><img data-src=\"http:\/\/static.hupso.com\/share\/buttons\/button100x23.png\" style=\"border:0px; width:100; height: 23; \" alt=\"Share Button\" src=\"data:image\/svg+xml;base64,PHN2ZyB3aWR0aD0iMSIgaGVpZ2h0PSIxIiB4bWxucz0iaHR0cDovL3d3dy53My5vcmcvMjAwMC9zdmciPjwvc3ZnPg==\" class=\"lazyload\" \/><\/a><script type=\"text\/javascript\">var hupso_services=new Array(\"Twitter\",\"Facebook\",\"Pinterest\",\"Linkedin\",\"Tumblr\",\"StumbleUpon\",\"Digg\",\"Reddit\",\"Bebo\",\"Delicious\",\"QZone\",\"Renren\",\"Email\");var hupso_icon_type = \"labels\";var hupso_background=\"#3BF8FF\";var hupso_border=\"#FF2B0A\";var hupso_image_folder_url = \"\";var hupso_url=\"\";var hupso_title=\"OSP%20M%C5%82awa%20zn%C3%B3w%20w%C5%82anczana%20do%20KSRG%21%20Wa%C5%BCny%20krok%20dla%20bezpiecze%C5%84stwa%20mieszka%C5%84c%C3%B3w\";<\/script><script type=\"text\/javascript\" src=\"http:\/\/static.hupso.com\/share\/js\/share.js\"><\/script><!-- Hupso Share Buttons --><\/div>","protected":false},"author":1,"featured_media":8518,"comment_status":"open","ping_status":"open","sticky":false,"template":"","format":"standard","meta":{"_acf_changed":false,"wprm-recipe-roundup-name":"","wprm-recipe-roundup-description":"","footnotes":""},"categories":[19,5,28],"tags":[],"class_list":["post-8517","post","type-post","status-publish","format-standard","has-post-thumbnail","hentry","category-aktualnosci","category-na-sygnale","category-wyd"],"acf":[],"amp_enabled":true,"_links":{"self":[{"href":"http:\/\/portalm\u0142awa.pl\/index.php?rest_route=\/wp\/v2\/posts\/8517","targetHints":{"allow":["GET"]}}],"collection":[{"href":"http:\/\/portalm\u0142awa.pl\/index.php?rest_route=\/wp\/v2\/posts"}],"about":[{"href":"http:\/\/portalm\u0142awa.pl\/index.php?rest_route=\/wp\/v2\/types\/post"}],"author":[{"embeddable":true,"href":"http:\/\/portalm\u0142awa.pl\/index.php?rest_route=\/wp\/v2\/users\/1"}],"replies":[{"embeddable":true,"href":"http:\/\/portalm\u0142awa.pl\/index.php?rest_route=%2Fwp%2Fv2%2Fcomments&post=8517"}],"version-history":[{"count":2,"href":"http:\/\/portalm\u0142awa.pl\/index.php?rest_route=\/wp\/v2\/posts\/8517\/revisions"}],"predecessor-version":[{"id":8520,"href":"http:\/\/portalm\u0142awa.pl\/index.php?rest_route=\/wp\/v2\/posts\/8517\/revisions\/8520"}],"wp:featuredmedia":[{"embeddable":true,"href":"http:\/\/portalm\u0142awa.pl\/index.php?rest_route=\/wp\/v2\/media\/8518"}],"wp:attachment":[{"href":"http:\/\/portalm\u0142awa.pl\/index.php?rest_route=%2Fwp%2Fv2%2Fmedia&parent=8517"}],"wp:term":[{"taxonomy":"category","embeddable":true,"href":"http:\/\/portalm\u0142awa.pl\/index.php?rest_route=%2Fwp%2Fv2%2Fcategories&post=8517"},{"taxonomy":"post_tag","embeddable":true,"href":"http:\/\/portalm\u0142awa.pl\/index.php?rest_route=%2Fwp%2Fv2%2Ftags&post=8517"}],"curies":[{"name":"wp","href":"https:\/\/api.w.org\/{rel}","templated":true}]}}