{"id":8524,"date":"2025-07-27T08:04:42","date_gmt":"2025-07-27T06:04:42","guid":{"rendered":"http:\/\/portalm\u0142awa.pl\/?p=8524"},"modified":"2025-07-27T08:07:22","modified_gmt":"2025-07-27T06:07:22","slug":"mlawa-minisrerstwo-podtrzymalo-decyzje-pociagi-beda-zatrzymywac-sie-na-wolce-pasazerowie-wola-stacje-z-parkingiem-niz-polozona-blizej-centrum","status":"publish","type":"post","link":"http:\/\/portalm\u0142awa.pl\/?p=8524","title":{"rendered":"M\u0142awa: Minisrerstwo podtrzyma\u0142o decyzj\u0119 poci\u0105gi b\u0119d\u0105 zatrzymywa\u0107 si\u0119 na W\u00f3lce. Pasa\u017cerowie wol\u0105 stacj\u0119 z parkingiem ni\u017c po\u0142o\u017con\u0105 bli\u017cej centrum?"},"content":{"rendered":"<p style=\"text-align: justify;\"><span style=\"color: #212529; font-family: 'Open Sans', sans-serif; font-size: 13px; font-weight: bold;\">Ministerstwo Infrastruktury utrzyma\u0142o budz\u0105c\u0105 kontrowersje decyzj\u0119 o ponownej zmianie miejsca postoju poci\u0105g\u00f3w dalekobie\u017cnych w M\u0142awie. Po wakacjach pasa\u017cerowie zn\u00f3w wsi\u0105d\u0105 do nich na oddalonej od centrum stacji, a nie na przystanku o nazwie Miasto. Resort przekonuje, \u017ce stoi za tym ch\u0142odna analiza frekwencji.<\/span><\/p>\n<div id=\"wiadomoscBody\">\n<div id=\"1936\" class=\"szerokosc trescZdjecie\">\n<div class=\"container-fluid mx-auto px-xl-0 container-fluid mx-auto px-xl-01 kolumna\">\n<div class=\"row\">\n<div class=\"col-md-8 col-lg-7\" style=\"text-align: justify;\">\n<div class=\"wiadTresc pl-0 pl-md-2 -mobile-no-border\">\n<div>\n<p>\u00a0Kilka miesi\u0119cy temu przesta\u0142y one zatrzymywa\u0107 si\u0119 na historycznej stacji M\u0142awa, w zamian przystaj\u0105c na po\u0142o\u017conym zdecydowanie bli\u017cej centrum miejscowo\u015bci <b><a href=\"https:\/\/www.rynek-kolejowy.pl\/wiadomosci\/mlawa-pkp-intercity-od-grudnia-na-przystanku-miasto-120640.html\" target=\"_blank\" rel=\"noopener\">przystanku M\u0142awa Miasto<\/a><\/b>. Ministerstwo Infrastruktury zapowiedzia\u0142o jednak ponowne przeniesienie postoju na stacj\u0119 M\u0142awa, t\u0142umacz\u0105c to niezadowalaj\u0105cymi wynikami pilota\u017cu nowego rozwi\u0105zania.<\/p>\n<p><b>MI: Frekwencja nie by\u0142a zadowalaj\u0105ca, ale dane s\u0105 tajne<br \/>\n<\/b><br \/>\nDo naszej redakcji docieraj\u0105 sygna\u0142y od pasa\u017cer\u00f3w zadowolonych z obecnej lokalizacji postoju i protestuj\u0105cych przeciwko og\u0142oszonemu przeniesieniu. T\u0142umacz\u0105 oni, \u017ce stacja M\u0142awa jest po\u0142o\u017cona du\u017co dalej od centrum miejscowo\u015bci, a pisma z wnioskami o przywr\u00f3cenie dawnego uk\u0142adu, kt\u00f3re trafia\u0142y do MI, nie przedstawia\u0142y woli wi\u0119kszo\u015bci mieszka\u0144c\u00f3w. W spraw\u0119 zaanga\u017cowa\u0142a si\u0119 te\u017c pos\u0142anka Razem Paulina Matysiak. \u2013 Mieszka\u0144cy M\u0142awy nie kryj\u0105 oburzenia. Poci\u0105gi PKP Intercity ju\u017c za kilka miesi\u0119cy mog\u0105 wr\u00f3ci\u0107 na odleg\u0142\u0105 stacj\u0119. To oznacza, \u017ce wydane na przebudow\u0119 przystanku [M\u0142awa Miasto] ponad 3 mln z\u0142 mog\u0105 zosta\u0107 zmarnowane \u2013 czytamy na jej stronie internetowej.<\/p>\n<p>Mimo tych argument\u00f3w resort nie zmieni\u0142 podj\u0119tej decyzji i potwierdza, \u017ce 31 sierpnia miejsce postoju poci\u0105g\u00f3w dotowanych z bud\u017cetu pa\u0144stwa ulegnie ponownej zmianie. \u2013 Analiza danych frekwencyjnych i eksploatacyjnych zebranych w czasie pilota\u017cu wykaza\u0142a, \u017ce przystanek M\u0142awa Miasto nie spe\u0142ni\u0142 stawianych oczekiwa\u0144 \u2013 m\u00f3wi Anna Szuma\u0144ska, rzecznik prasowy Ministerstwa Infrastruktury. Odmawia jednak podania szczeg\u00f3\u0142owych danych dotycz\u0105cych liczby wsiadaj\u0105cych i wysiadaj\u0105cych, t\u0142umacz\u0105c to tajemnic\u0105 przedsi\u0119biorstwa PKP Intercity.<\/p>\n<p>\u2013 Dost\u0119p do danych frekwencyjnych jest przedmiotem uregulowa\u0144 umownych [pomi\u0119dzy MI a PKP Intercity] oraz wymog\u00f3w ochrony informacji handlowych. Zagregowane dane wskazuj\u0105 jednak na wi\u0119ksz\u0105 i bardziej stabiln\u0105 wymian\u0119 pasa\u017cersk\u0105 na stacji M\u0142awa w por\u00f3wnaniu z przystankiem M\u0142awa Miasto \u2013 zapewnia nasza rozm\u00f3wczyni. Dodaje, \u017ce w\u015br\u00f3d zak\u0142adanych korzy\u015bci z poprzedniej zmiany lokalizacji postoju by\u0142 wyra\u017any wzrost zainteresowania ofert\u0105, a tego nie zaobserwowano. Przekonuje ponadto, \u017ce le\u017c\u0105ca 3 km od przystanku stacja, na kt\u00f3rej ponownie przystan\u0105 kursy dalekobie\u017cne, jest dogodnie skomunikowana i wci\u0105\u017c obs\u0142uguje znacz\u0105c\u0105 liczb\u0119 pasa\u017cer\u00f3w Kolei Mazowieckich.<\/p>\n<p><b>Parking istotniejszy ni\u017c doj\u015bcie piesze?<br \/>\n<\/b><br \/>\n\u2013 Ponadto stacja posiada wiele dogodnie zlokalizowanych miejsc parkingowych \u2013 podkre\u015bla przedstawicielka ministerstwa. Przyznaje jednocze\u015bnie, \u017ce oczekiwania mieszka\u0144c\u00f3w M\u0142awy okaza\u0142y si\u0119 zr\u00f3\u017cnicowane. Zapewnia, \u017ce ostateczna decyzja zosta\u0142a podj\u0119ta w oparciu o obiektywn\u0105 analiz\u0119 danych o realnym zapotrzebowaniu przewozowym.<\/p>\n<\/div>\n<div data-type=\"_mgwidget\" data-widget-id=\"1692308\" data-uid=\"130c2\">\n<div id=\"mgw1692308_130c2\">\n<div class=\"mgbox\">\n<div id=\"fa6e218b-6aaa-11f0-9dc3-d404e6774b40\" class=\"mgline teaser-24069847 type-w\" data-i=\"EHyLbuJPcGZIilRpxCiVhWl55iNHesr6dFXz_bpixFU5dz1pDGFIh1XK-2yHc7L7-t0JjPvMwnW8OiEh3tqtc6XZcOOjk0yXiVuLmm9C4KY*\" data-observing-start=\"0\" data-observing-time=\"0\">\n<div class=\"image-with-text\">\n<div class=\"mcimg\">\n<div class=\"image-container\"><\/div>\n<\/div>\n<\/div>\n<\/div>\n<\/div>\n<\/div>\n<\/div>\n<div id=\"disqus_thread\">\u0179r\u00f3d\u0142o Rynek Kolejowy<\/div>\n<div><\/div>\n<\/div>\n<\/div>\n<div class=\"col-md-4 col-lg-3 pl-0 -mobile-px-default\">\n<div class=\"d-block d-md-none\">\n<div class=\"-header-collapse\">\n<p style=\"text-align: justify;\"><strong>KOMENTARZE<\/strong><\/p>\n<p style=\"text-align: justify;\"><em>Wydawca portalu nie ponosi odpowiedzialno\u015bci za tre\u015b\u0107 komentarzy zamieszczanych przez u\u017cytkownik\u00f3w. Osoby zamieszczaj\u0105ce wypowiedzi naruszaj\u0105ce prawo lub prawem chronione dobra os\u00f3b trzecich mog\u0105 ponie\u015b\u0107 z tego tytu\u0142u odpowiedzialno\u015b\u0107 karn\u0105 lub cywiln\u0105.<b>JEDNOCZE\u015aNIE UZYTKOWNICY ZAMIESZCZAJ\u0104C KOMENTARZ OSWIADCZAJ\u0104, \u017bE BIOR\u0104 PE\u0141N\u0104 ODPOWIEDZIALNO\u015a\u0106 ZA TRE\u015aCI UMIESZCZONE PRZEZ SIEBIE<\/b><\/em><\/p>\n<\/div>\n<\/div>\n<\/div>\n<\/div>\n<\/div>\n<\/div>\n<\/div>\n<div style=\"padding-bottom:20px; padding-top:10px;\" class=\"hupso-share-buttons\"><!-- Hupso Share Buttons - https:\/\/www.hupso.com\/share\/ --><a class=\"hupso_pop\" href=\"https:\/\/www.hupso.com\/share\/\"><img decoding=\"async\" data-src=\"http:\/\/static.hupso.com\/share\/buttons\/button100x23.png\" style=\"border:0px; width:100; height: 23; \" alt=\"Share Button\" src=\"data:image\/svg+xml;base64,PHN2ZyB3aWR0aD0iMSIgaGVpZ2h0PSIxIiB4bWxucz0iaHR0cDovL3d3dy53My5vcmcvMjAwMC9zdmciPjwvc3ZnPg==\" class=\"lazyload\" \/><\/a><script type=\"text\/javascript\">var hupso_services=new Array(\"Twitter\",\"Facebook\",\"Pinterest\",\"Linkedin\",\"Tumblr\",\"StumbleUpon\",\"Digg\",\"Reddit\",\"Bebo\",\"Delicious\",\"QZone\",\"Renren\",\"Email\");var hupso_icon_type = \"labels\";var hupso_background=\"#3BF8FF\";var hupso_border=\"#FF2B0A\";var hupso_image_folder_url = \"\";var hupso_url=\"\";var hupso_title=\"M%C5%82awa%3A%20Minisrerstwo%20podtrzyma%C5%82o%20decyzj%C4%99%20poci%C4%85gi%20b%C4%99d%C4%85%20zatrzymywa%C4%87%20si%C4%99%20na%20W%C3%B3lce.%20Pasa%C5%BCerowie%20wol%C4%85%20stacj%C4%99%20z%20parkingiem%20ni%C5%BC%20po%C5%82o%C5%BCon%C4%85%20bli%C5%BCej%20centrum%3F\";<\/script><script type=\"text\/javascript\" src=\"http:\/\/static.hupso.com\/share\/js\/share.js\"><\/script><!-- Hupso Share Buttons --><\/div>","protected":false},"excerpt":{"rendered":"<p>Ministerstwo Infrastruktury utrzyma\u0142o budz\u0105c\u0105 kontrowersje decyzj\u0119 o ponownej zmianie miejsca postoju poci\u0105g\u00f3w dalekobie\u017cnych w M\u0142awie. Po wakacjach pasa\u017cerowie zn\u00f3w wsi\u0105d\u0105 do nich na oddalonej od centrum stacji, a nie na&hellip; <\/p>\n<div style=\"padding-bottom:20px; padding-top:10px;\" class=\"hupso-share-buttons\"><!-- Hupso Share Buttons - https:\/\/www.hupso.com\/share\/ --><a class=\"hupso_pop\" href=\"https:\/\/www.hupso.com\/share\/\"><img data-src=\"http:\/\/static.hupso.com\/share\/buttons\/button100x23.png\" style=\"border:0px; width:100; height: 23; \" alt=\"Share Button\" src=\"data:image\/svg+xml;base64,PHN2ZyB3aWR0aD0iMSIgaGVpZ2h0PSIxIiB4bWxucz0iaHR0cDovL3d3dy53My5vcmcvMjAwMC9zdmciPjwvc3ZnPg==\" class=\"lazyload\" \/><\/a><script type=\"text\/javascript\">var hupso_services=new Array(\"Twitter\",\"Facebook\",\"Pinterest\",\"Linkedin\",\"Tumblr\",\"StumbleUpon\",\"Digg\",\"Reddit\",\"Bebo\",\"Delicious\",\"QZone\",\"Renren\",\"Email\");var hupso_icon_type = \"labels\";var hupso_background=\"#3BF8FF\";var hupso_border=\"#FF2B0A\";var hupso_image_folder_url = \"\";var hupso_url=\"\";var hupso_title=\"M%C5%82awa%3A%20Minisrerstwo%20podtrzyma%C5%82o%20decyzj%C4%99%20poci%C4%85gi%20b%C4%99d%C4%85%20zatrzymywa%C4%87%20si%C4%99%20na%20W%C3%B3lce.%20Pasa%C5%BCerowie%20wol%C4%85%20stacj%C4%99%20z%20parkingiem%20ni%C5%BC%20po%C5%82o%C5%BCon%C4%85%20bli%C5%BCej%20centrum%3F\";<\/script><script type=\"text\/javascript\" src=\"http:\/\/static.hupso.com\/share\/js\/share.js\"><\/script><!-- Hupso Share Buttons --><\/div>","protected":false},"author":1,"featured_media":8259,"comment_status":"open","ping_status":"open","sticky":false,"template":"","format":"standard","meta":{"_acf_changed":false,"wprm-recipe-roundup-name":"","wprm-recipe-roundup-description":"","footnotes":""},"categories":[19,28],"tags":[],"class_list":["post-8524","post","type-post","status-publish","format-standard","has-post-thumbnail","hentry","category-aktualnosci","category-wyd"],"acf":[],"amp_enabled":true,"_links":{"self":[{"href":"http:\/\/portalm\u0142awa.pl\/index.php?rest_route=\/wp\/v2\/posts\/8524","targetHints":{"allow":["GET"]}}],"collection":[{"href":"http:\/\/portalm\u0142awa.pl\/index.php?rest_route=\/wp\/v2\/posts"}],"about":[{"href":"http:\/\/portalm\u0142awa.pl\/index.php?rest_route=\/wp\/v2\/types\/post"}],"author":[{"embeddable":true,"href":"http:\/\/portalm\u0142awa.pl\/index.php?rest_route=\/wp\/v2\/users\/1"}],"replies":[{"embeddable":true,"href":"http:\/\/portalm\u0142awa.pl\/index.php?rest_route=%2Fwp%2Fv2%2Fcomments&post=8524"}],"version-history":[{"count":2,"href":"http:\/\/portalm\u0142awa.pl\/index.php?rest_route=\/wp\/v2\/posts\/8524\/revisions"}],"predecessor-version":[{"id":8526,"href":"http:\/\/portalm\u0142awa.pl\/index.php?rest_route=\/wp\/v2\/posts\/8524\/revisions\/8526"}],"wp:featuredmedia":[{"embeddable":true,"href":"http:\/\/portalm\u0142awa.pl\/index.php?rest_route=\/wp\/v2\/media\/8259"}],"wp:attachment":[{"href":"http:\/\/portalm\u0142awa.pl\/index.php?rest_route=%2Fwp%2Fv2%2Fmedia&parent=8524"}],"wp:term":[{"taxonomy":"category","embeddable":true,"href":"http:\/\/portalm\u0142awa.pl\/index.php?rest_route=%2Fwp%2Fv2%2Fcategories&post=8524"},{"taxonomy":"post_tag","embeddable":true,"href":"http:\/\/portalm\u0142awa.pl\/index.php?rest_route=%2Fwp%2Fv2%2Ftags&post=8524"}],"curies":[{"name":"wp","href":"https:\/\/api.w.org\/{rel}","templated":true}]}}