{"id":8578,"date":"2025-07-29T22:12:16","date_gmt":"2025-07-29T20:12:16","guid":{"rendered":"http:\/\/portalm\u0142awa.pl\/?p=8578"},"modified":"2025-07-29T22:12:16","modified_gmt":"2025-07-29T20:12:16","slug":"ponad-665-mln-zl-dla-wojewodztwa-mazowieckiego-na-ochrone-ludnosci-i-obrone-cywilna","status":"publish","type":"post","link":"http:\/\/portalm\u0142awa.pl\/?p=8578","title":{"rendered":"Ponad 665 mln z\u0142 dla wojew\u00f3dztwa mazowieckiego na ochron\u0119 ludno\u015bci i obron\u0119 cywiln\u0105"},"content":{"rendered":"<p class=\"gwpaf50a75e_MsoNormal\" style=\"color: #2c2f45; font-family: inter; margin-right: 0cm; margin-bottom: 6pt; margin-left: 0cm; text-align: justify; line-height: 24px;\"><b><span style=\"font-size: 12pt; line-height: 24px; font-family: 'Times New Roman', serif;\">Wojew\u00f3dztwo mazowieckie otrzyma\u0142o\u00a0<\/span><\/b><b><span style=\"font-size: 12pt; line-height: 24px; font-family: 'Times New Roman', serif; color: black;\">665 388\u00a0399\u00a0<\/span><\/b><b><span style=\"font-size: 12pt; line-height: 24px; font-family: 'Times New Roman', serif;\">z\u0142 na realizacj\u0119 zada\u0144 z zakresu ochrony ludno\u015bci i obrony cywilnej na 2025 rok. Finansowanie to ma na celu zwi\u0119kszenie bezpiecze\u0144stwa oraz przygotowanie m.in. mieszka\u0144c\u00f3w, samorz\u0105d\u00f3w, instytucji czy organizacji pozarz\u0105dowych na zagro\u017cenia, w tym sytuacje kryzysowe.<\/span><\/b><\/p>\n<p class=\"gwpaf50a75e_MsoNormal\" style=\"color: #2c2f45; font-family: inter; margin-right: 0cm; margin-bottom: 6pt; margin-left: 0cm; text-align: justify; line-height: 24px;\"><span style=\"font-size: 12pt; line-height: 24px; font-family: 'Times New Roman', serif;\">\u015arodki b\u0119d\u0105 dystrybuowane na poziomie wojew\u00f3dztwa, zgodnie z potrzebami i priorytetami okre\u015blonymi w Programie Ochrony Ludno\u015bci i\u00a0Obrony Cywilnej (OLiOC). Przekazywane b\u0119d\u0105 przez wojewod\u0119 jednostkom samorz\u0105du terytorialnego w formie dotacji celowej z bud\u017cetu pa\u0144stwa.<\/span><\/p>\n<p class=\"gwpaf50a75e_MsoNormal\" style=\"color: #2c2f45; font-family: inter; margin-right: 0cm; margin-bottom: 6pt; margin-left: 0cm; text-align: justify; line-height: 24px;\"><i><span style=\"font-size: 12pt; line-height: 24px; font-family: 'Times New Roman', serif;\">\u2013 Bezpiecze\u0144stwo mieszka\u0144c\u00f3w jest priorytetem rz\u0105du. Tylko na ten rok wojew\u00f3dztwo mazowieckie otrzyma rekordowe ponad 665 mln z\u0142 na realizacj\u0119 zada\u0144 wynikaj\u0105cych z ustawy o ochronie ludno\u015bci i obronie cywilnej. Zdecydowana wi\u0119kszo\u015b\u0107 \u015brodk\u00f3w, a\u017c 536,2 mln z\u0142, przeznaczona b\u0119dzie na zadania realizowane przez samorz\u0105dy. Jednym z filar\u00f3w reagowania na zagro\u017cenia jest Pa\u0144stwowa Stra\u017c Po\u017carna, do kt\u00f3rej skierowane b\u0119dzie 69,6 mln z\u0142\u00a0<\/span><\/i><span style=\"font-size: 12pt; line-height: 24px; font-family: 'Times New Roman', serif;\">\u2013 powiedzia\u0142 wojewoda mazowiecki Mariusz Frankowski. \u2013<i>\u00a0W najbli\u017cszych dniach og\u0142osimy nab\u00f3r wniosk\u00f3w o finansowanie. Dzia\u0142amy wsp\u00f3lnie, aby zwi\u0119ksza\u0107 odporno\u015b\u0107 spo\u0142eczno\u015bci lokalnych na zagro\u017cenia. \u00a0<\/i><\/span><\/p>\n<p class=\"gwpaf50a75e_MsoNormal\" style=\"color: #2c2f45; font-family: inter; margin-right: 0cm; margin-bottom: 6pt; margin-left: 0cm; text-align: justify; line-height: 24px;\"><b><span style=\"font-size: 12pt; line-height: 24px; font-family: 'Times New Roman', serif;\">Dla wojew\u00f3dztwa mazowieckiego bez Warszawy zosta\u0142y przewidziane \u015brodki w wysoko\u015bci 451\u00a0975\u00a0953 z\u0142. Natomiast na dzia\u0142ania na terenie Warszawy, jako najwi\u0119kszego i\u00a0najbardziej zaludnionego miasta \u2013 213\u00a0412\u00a0446 z\u0142.<\/span><\/b><\/p>\n<p class=\"gwpaf50a75e_MsoNormal\" style=\"color: #2c2f45; font-family: inter; margin-right: 0cm; margin-bottom: 6pt; margin-left: 0cm; text-align: justify; line-height: 24px;\"><span style=\"font-size: 12pt; line-height: 24px; font-family: 'Times New Roman', serif;\">Z puli \u015brodk\u00f3w dla wojew\u00f3dztwa mazowieckiego 69,6 mln z\u0142 trafi do Pa\u0144stwowej Stra\u017cy Po\u017carnej, kt\u00f3ra w systemie ochrony ludno\u015bci i\u00a0obrony cywilnej jest s\u0142u\u017cb\u0105 wiod\u0105c\u0105 i cieszy si\u0119 najwi\u0119kszym zaufaniem publicznym.<\/span><\/p>\n<p class=\"gwpaf50a75e_MsoNormal\" style=\"color: #2c2f45; font-family: inter; margin-right: 0cm; margin-bottom: 6pt; margin-left: 0cm; text-align: justify; line-height: 24px;\"><span style=\"font-size: 12pt; line-height: 24px; font-family: 'Times New Roman', serif;\">Poza stra\u017c\u0105 po\u017carn\u0105, w centrum realizacji zada\u0144 dotycz\u0105cych ochrony ludno\u015bci i\u00a0obrony cywilnej stoj\u0105 samorz\u0105dy, do kt\u00f3rych w tym roku trafi ok. 536 mln z\u0142otych. To 90 proc. \u015brodk\u00f3w. Natomiast 10 proc. wszystkich przyznanych \u015brodk\u00f3w (poza pul\u0105 dla PSP) pozostaje w gestii wojewody mazowieckiego, na wyznaczone w ustawie zadania. Po odj\u0119ciu tych \u015brodk\u00f3w, podzia\u0142 pieni\u0119dzy wygl\u0105da nast\u0119puj\u0105co:<\/span><\/p>\n<p class=\"gwpaf50a75e_MsoListParagraphCxSpFirst\" style=\"color: #2c2f45; font-family: inter; margin-right: 0cm; margin-bottom: 6pt; margin-left: 36pt; text-align: justify; text-indent: -18pt; line-height: 24px;\"><span style=\"font-size: 12pt; line-height: 24px; font-family: Symbol;\">\u00b7<span style=\"font-variant-numeric: normal; font-variant-east-asian: normal; font-variant-alternates: normal; font-size-adjust: none; font-kerning: auto; font-optical-sizing: auto; font-feature-settings: normal; font-variation-settings: normal; font-variant-position: normal; font-stretch: normal; font-size: 7pt; line-height: normal; font-family: 'Times New Roman';\">\u00a0\u00a0\u00a0\u00a0\u00a0\u00a0\u00a0\u00a0\u00a0<\/span><\/span><span style=\"font-size: 12pt; line-height: 24px; font-family: 'Times New Roman', serif;\">Gminy 175,5 mln z\u0142<\/span><\/p>\n<p class=\"gwpaf50a75e_MsoListParagraphCxSpMiddle\" style=\"color: #2c2f45; font-family: inter; margin-right: 0cm; margin-bottom: 6pt; margin-left: 36pt; text-align: justify; text-indent: -18pt; line-height: 24px;\"><span style=\"font-size: 12pt; line-height: 24px; font-family: Symbol;\">\u00b7<span style=\"font-variant-numeric: normal; font-variant-east-asian: normal; font-variant-alternates: normal; font-size-adjust: none; font-kerning: auto; font-optical-sizing: auto; font-feature-settings: normal; font-variation-settings: normal; font-variant-position: normal; font-stretch: normal; font-size: 7pt; line-height: normal; font-family: 'Times New Roman';\">\u00a0\u00a0\u00a0\u00a0\u00a0\u00a0\u00a0\u00a0\u00a0<\/span><\/span><span style=\"font-size: 12pt; line-height: 24px; font-family: 'Times New Roman', serif;\">Powiaty 121,5 mln z\u0142<\/span><\/p>\n<p class=\"gwpaf50a75e_MsoListParagraphCxSpMiddle\" style=\"color: #2c2f45; font-family: inter; margin-right: 0cm; margin-bottom: 6pt; margin-left: 36pt; text-align: justify; text-indent: -18pt; line-height: 24px;\"><span style=\"font-size: 12pt; line-height: 24px; font-family: Symbol;\">\u00b7<span style=\"font-variant-numeric: normal; font-variant-east-asian: normal; font-variant-alternates: normal; font-size-adjust: none; font-kerning: auto; font-optical-sizing: auto; font-feature-settings: normal; font-variation-settings: normal; font-variant-position: normal; font-stretch: normal; font-size: 7pt; line-height: normal; font-family: 'Times New Roman';\">\u00a0\u00a0\u00a0\u00a0\u00a0\u00a0\u00a0\u00a0\u00a0<\/span><\/span><span style=\"font-size: 12pt; line-height: 24px; font-family: 'Times New Roman', serif;\">Miasta na prawach powiatu 39,3 mln z\u0142<\/span><\/p>\n<p class=\"gwpaf50a75e_MsoListParagraphCxSpMiddle\" style=\"color: #2c2f45; font-family: inter; margin-right: 0cm; margin-bottom: 6pt; margin-left: 36pt; text-align: justify; text-indent: -18pt; line-height: 24px;\"><span style=\"font-size: 12pt; line-height: 24px; font-family: Symbol;\">\u00b7<span style=\"font-variant-numeric: normal; font-variant-east-asian: normal; font-variant-alternates: normal; font-size-adjust: none; font-kerning: auto; font-optical-sizing: auto; font-feature-settings: normal; font-variation-settings: normal; font-variant-position: normal; font-stretch: normal; font-size: 7pt; line-height: normal; font-family: 'Times New Roman';\">\u00a0\u00a0\u00a0\u00a0\u00a0\u00a0\u00a0\u00a0\u00a0<\/span><\/span><span style=\"font-size: 12pt; line-height: 24px; font-family: 'Times New Roman', serif;\">Miasto Sto\u0142eczne Warszawa 187,8 mln z\u0142<\/span><\/p>\n<p class=\"gwpaf50a75e_MsoListParagraphCxSpLast\" style=\"color: #2c2f45; font-family: inter; margin-right: 0cm; margin-bottom: 6pt; margin-left: 36pt; text-align: justify; text-indent: -18pt; line-height: 24px;\"><span style=\"font-size: 12pt; line-height: 24px; font-family: Symbol;\">\u00b7<span style=\"font-variant-numeric: normal; font-variant-east-asian: normal; font-variant-alternates: normal; font-size-adjust: none; font-kerning: auto; font-optical-sizing: auto; font-feature-settings: normal; font-variation-settings: normal; font-variant-position: normal; font-stretch: normal; font-size: 7pt; line-height: normal; font-family: 'Times New Roman';\">\u00a0\u00a0\u00a0\u00a0\u00a0\u00a0\u00a0\u00a0\u00a0<\/span><\/span><span style=\"font-size: 12pt; line-height: 24px; font-family: 'Times New Roman', serif;\">Marsza\u0142ek Wojew\u00f3dztwa 11,9 mln z\u0142<\/span><\/p>\n<p class=\"gwpaf50a75e_MsoNormal\" style=\"color: #2c2f45; font-family: inter; margin-right: 0cm; margin-bottom: 6pt; margin-left: 0cm; text-align: justify; line-height: 24px;\"><span style=\"font-size: 12pt; line-height: 24px; font-family: 'Times New Roman', serif;\">Kwoty, kt\u00f3re dostan\u0105 poszczeg\u00f3lne gminy i powiaty, wraz z podzia\u0142em na obszary dzia\u0142a\u0144 do realizacji, jak r\u00f3wnie\u017c wzory wniosk\u00f3w, b\u0119d\u0105 dost\u0119pne w za\u0142\u0105czniku do programu ochrony ludno\u015bci i\u00a0obrony cywilnej dla wojew\u00f3dztwa mazowieckiego, kt\u00f3ry zosta\u0142 stworzony na ten rok.<\/span><\/p>\n<p class=\"gwpaf50a75e_MsoNormal\" style=\"color: #2c2f45; font-family: inter; margin-right: 0cm; margin-bottom: 6pt; margin-left: 0cm; text-align: justify; line-height: 24px;\"><span style=\"font-size: 12pt; line-height: 24px; font-family: 'Times New Roman', serif;\">Nab\u00f3r wniosk\u00f3w rozpocznie si\u0119 w przysz\u0142ym tygodniu. Natomiast zasady naboru, w tym tak\u017ce wype\u0142niania wniosk\u00f3w b\u0119d\u0105 szczeg\u00f3\u0142owo om\u00f3wione podczas spotkania z jednostkami samorz\u0105du terytorialnego, kt\u00f3re odb\u0119dzie si\u0119 online w pi\u0105tek 1 sierpnia. To wa\u017cne wsparcie dla samorz\u0105d\u00f3w. Dzi\u0119ki temu ca\u0142y proces b\u0119dzie m\u00f3g\u0142 by\u0107 sprawnie przeprowadzony.<\/span><\/p>\n<p class=\"gwpaf50a75e_MsoNormal\" style=\"color: #2c2f45; font-family: inter; margin-right: 0cm; margin-bottom: 6pt; margin-left: 0cm; text-align: justify; line-height: 24px;\"><span style=\"font-size: 12pt; line-height: 24px; font-family: 'Times New Roman', serif;\">W tym roku, \u015brodki b\u0119d\u0105 przeznaczone na finansowanie lub dofinansowanie organ\u00f3w i\u00a0podmiot\u00f3w ochrony ludno\u015bci, w zakresie realizacji zada\u0144 ochrony ludno\u015bci i obrony cywilnej, w trzech obszarach:<\/span><\/p>\n<p class=\"gwpaf50a75e_MsoNormal\" style=\"color: #2c2f45; font-family: inter; margin-right: 0cm; margin-bottom: 6pt; margin-left: 0cm; text-align: justify; line-height: 24px;\"><span style=\"font-size: 12pt; line-height: 24px; font-family: Symbol;\"><span style=\"font-variant-numeric: normal; font-variant-east-asian: normal; font-variant-alternates: normal; font-size-adjust: none; font-kerning: auto; font-optical-sizing: auto; font-feature-settings: normal; font-variation-settings: normal; font-variant-position: normal; font-stretch: normal; font-size: 7pt; line-height: normal; font-family: 'Times New Roman';\">&#8211; <\/span><\/span><b><span style=\"font-size: 12pt; line-height: 24px; font-family: 'Times New Roman', serif;\">obiekty zbiorowej ochrony<\/span><\/b><span style=\"font-size: 12pt; line-height: 24px; font-family: 'Times New Roman', serif;\">, czyli budowle ochronne, miejsca dora\u017anego schronienia oraz centralna ewidencja takich obiekt\u00f3w<\/span><\/p>\n<p class=\"gwpaf50a75e_MsoNormal\" style=\"color: #2c2f45; font-family: inter; margin-right: 0cm; margin-bottom: 6pt; margin-left: 0cm; text-align: justify; line-height: 24px;\"><b><span style=\"font-size: 12pt; line-height: 24px; font-family: 'Times New Roman', serif;\">&#8211; zabezpieczenie logistyczne i zapewnienie ci\u0105g\u0142o\u015bci dostaw<\/span><\/b><span style=\"font-size: 12pt; line-height: 24px; font-family: 'Times New Roman', serif;\">, w tym uzupe\u0142nienie zasob\u00f3w oraz zapewnienie podstawowych us\u0142ug w sytuacjach kryzysowych,<\/span><\/p>\n<p class=\"gwpaf50a75e_MsoNormal\" style=\"color: #2c2f45; font-family: inter; margin-right: 0cm; margin-bottom: 6pt; margin-left: 0cm; text-align: justify; line-height: 24px;\"><b><span style=\"font-size: 12pt; line-height: 24px; font-family: 'Times New Roman', serif;\">&#8211; edukacja i szkolenia<\/span><\/b><span style=\"font-size: 12pt; line-height: 24px; font-family: 'Times New Roman', serif;\">\u00a0oraz zaplecze szkoleniowe, obejmuj\u0105ce dzia\u0142ania edukacyjne, organizacj\u0119 szkole\u0144 oraz badania i rozw\u00f3j w dziedzinie ochrony ludno\u015bci.<\/span><\/p>\n<p class=\"gwpaf50a75e_MsoNormal\" style=\"color: #2c2f45; font-family: inter; margin-right: 0cm; margin-bottom: 6pt; margin-left: 0cm; text-align: justify; line-height: 24px;\"><span style=\"font-size: 12pt; line-height: 24px; font-family: 'Times New Roman', serif;\">Program Ochrony Ludno\u015bci i Obrony Cywilnej ma by\u0107 kontynuowany w przysz\u0142ym roku. G\u0142\u00f3wnym celem jest zwi\u0119kszenie odporno\u015bci pa\u0144stwa i spo\u0142ecze\u0144stwa na zagro\u017cenia oraz zapewnienie skutecznej ochrony w sytuacjach nadzwyczajnych.<\/span><\/p>\n<p>Zesp\u00f3\u0142 prasowy wojewody mazowieckiego<\/p>\n<p>KOMENTARZE<\/p>\n<p><em>Wydawca portalu nie ponosi odpowiedzialno\u015bci za tre\u015b\u0107 komentarzy zamieszczanych przez u\u017cytkownik\u00f3w. Osoby zamieszczaj\u0105ce wypowiedzi naruszaj\u0105ce prawo lub prawem chronione dobra os\u00f3b trzecich mog\u0105 ponie\u015b\u0107 z tego tytu\u0142u odpowiedzialno\u015b\u0107 karn\u0105 lub cywiln\u0105.JEDNOCZE\u015aNIE UZYTKOWNICY ZAMIESZCZAJ\u0104C KOMENTARZ OSWIADCZAJ\u0104, \u017bE BIOR\u0104 PE\u0141N\u0104 ODPOWIEDZIALNO\u015a\u0106 ZA TRE\u015aCI UMIESZCZONE PRZEZ SIEBIE<\/em><\/p>\n<div style=\"padding-bottom:20px; padding-top:10px;\" class=\"hupso-share-buttons\"><!-- Hupso Share Buttons - https:\/\/www.hupso.com\/share\/ --><a class=\"hupso_pop\" href=\"https:\/\/www.hupso.com\/share\/\"><img decoding=\"async\" data-src=\"http:\/\/static.hupso.com\/share\/buttons\/button100x23.png\" style=\"border:0px; width:100; height: 23; \" alt=\"Share Button\" src=\"data:image\/svg+xml;base64,PHN2ZyB3aWR0aD0iMSIgaGVpZ2h0PSIxIiB4bWxucz0iaHR0cDovL3d3dy53My5vcmcvMjAwMC9zdmciPjwvc3ZnPg==\" class=\"lazyload\" \/><\/a><script type=\"text\/javascript\">var hupso_services=new Array(\"Twitter\",\"Facebook\",\"Pinterest\",\"Linkedin\",\"Tumblr\",\"StumbleUpon\",\"Digg\",\"Reddit\",\"Bebo\",\"Delicious\",\"QZone\",\"Renren\",\"Email\");var hupso_icon_type = \"labels\";var hupso_background=\"#3BF8FF\";var hupso_border=\"#FF2B0A\";var hupso_image_folder_url = \"\";var hupso_url=\"\";var hupso_title=\"Ponad%20665%20mln%20z%C5%82%20dla%20wojew%C3%B3dztwa%20mazowieckiego%20na%20ochron%C4%99%20ludno%C5%9Bci%20i%20obron%C4%99%20cywiln%C4%85\";<\/script><script type=\"text\/javascript\" src=\"http:\/\/static.hupso.com\/share\/js\/share.js\"><\/script><!-- Hupso Share Buttons --><\/div>","protected":false},"excerpt":{"rendered":"<p>Wojew\u00f3dztwo mazowieckie otrzyma\u0142o\u00a0665 388\u00a0399\u00a0z\u0142 na realizacj\u0119 zada\u0144 z zakresu ochrony ludno\u015bci i obrony cywilnej na 2025 rok. Finansowanie to ma na celu zwi\u0119kszenie bezpiecze\u0144stwa oraz przygotowanie m.in. mieszka\u0144c\u00f3w, samorz\u0105d\u00f3w, instytucji&hellip; <\/p>\n<div style=\"padding-bottom:20px; padding-top:10px;\" class=\"hupso-share-buttons\"><!-- Hupso Share Buttons - https:\/\/www.hupso.com\/share\/ --><a class=\"hupso_pop\" href=\"https:\/\/www.hupso.com\/share\/\"><img data-src=\"http:\/\/static.hupso.com\/share\/buttons\/button100x23.png\" style=\"border:0px; width:100; height: 23; \" alt=\"Share Button\" src=\"data:image\/svg+xml;base64,PHN2ZyB3aWR0aD0iMSIgaGVpZ2h0PSIxIiB4bWxucz0iaHR0cDovL3d3dy53My5vcmcvMjAwMC9zdmciPjwvc3ZnPg==\" class=\"lazyload\" \/><\/a><script type=\"text\/javascript\">var hupso_services=new Array(\"Twitter\",\"Facebook\",\"Pinterest\",\"Linkedin\",\"Tumblr\",\"StumbleUpon\",\"Digg\",\"Reddit\",\"Bebo\",\"Delicious\",\"QZone\",\"Renren\",\"Email\");var hupso_icon_type = \"labels\";var hupso_background=\"#3BF8FF\";var hupso_border=\"#FF2B0A\";var hupso_image_folder_url = \"\";var hupso_url=\"\";var hupso_title=\"Ponad%20665%20mln%20z%C5%82%20dla%20wojew%C3%B3dztwa%20mazowieckiego%20na%20ochron%C4%99%20ludno%C5%9Bci%20i%20obron%C4%99%20cywiln%C4%85\";<\/script><script type=\"text\/javascript\" src=\"http:\/\/static.hupso.com\/share\/js\/share.js\"><\/script><!-- Hupso Share Buttons --><\/div>","protected":false},"author":1,"featured_media":8579,"comment_status":"open","ping_status":"open","sticky":false,"template":"","format":"standard","meta":{"_acf_changed":false,"wprm-recipe-roundup-name":"","wprm-recipe-roundup-description":"","footnotes":""},"categories":[19,506,28],"tags":[],"class_list":["post-8578","post","type-post","status-publish","format-standard","has-post-thumbnail","hentry","category-aktualnosci","category-pow","category-wyd"],"acf":[],"amp_enabled":true,"_links":{"self":[{"href":"http:\/\/portalm\u0142awa.pl\/index.php?rest_route=\/wp\/v2\/posts\/8578","targetHints":{"allow":["GET"]}}],"collection":[{"href":"http:\/\/portalm\u0142awa.pl\/index.php?rest_route=\/wp\/v2\/posts"}],"about":[{"href":"http:\/\/portalm\u0142awa.pl\/index.php?rest_route=\/wp\/v2\/types\/post"}],"author":[{"embeddable":true,"href":"http:\/\/portalm\u0142awa.pl\/index.php?rest_route=\/wp\/v2\/users\/1"}],"replies":[{"embeddable":true,"href":"http:\/\/portalm\u0142awa.pl\/index.php?rest_route=%2Fwp%2Fv2%2Fcomments&post=8578"}],"version-history":[{"count":1,"href":"http:\/\/portalm\u0142awa.pl\/index.php?rest_route=\/wp\/v2\/posts\/8578\/revisions"}],"predecessor-version":[{"id":8580,"href":"http:\/\/portalm\u0142awa.pl\/index.php?rest_route=\/wp\/v2\/posts\/8578\/revisions\/8580"}],"wp:featuredmedia":[{"embeddable":true,"href":"http:\/\/portalm\u0142awa.pl\/index.php?rest_route=\/wp\/v2\/media\/8579"}],"wp:attachment":[{"href":"http:\/\/portalm\u0142awa.pl\/index.php?rest_route=%2Fwp%2Fv2%2Fmedia&parent=8578"}],"wp:term":[{"taxonomy":"category","embeddable":true,"href":"http:\/\/portalm\u0142awa.pl\/index.php?rest_route=%2Fwp%2Fv2%2Fcategories&post=8578"},{"taxonomy":"post_tag","embeddable":true,"href":"http:\/\/portalm\u0142awa.pl\/index.php?rest_route=%2Fwp%2Fv2%2Ftags&post=8578"}],"curies":[{"name":"wp","href":"https:\/\/api.w.org\/{rel}","templated":true}]}}