{"id":8729,"date":"2025-08-06T12:28:32","date_gmt":"2025-08-06T10:28:32","guid":{"rendered":"http:\/\/portalm\u0142awa.pl\/?p=8729"},"modified":"2025-08-06T12:29:24","modified_gmt":"2025-08-06T10:29:24","slug":"43-letni-mezczyzna-zostal-przygnieciony-przez-kombajn","status":"publish","type":"post","link":"http:\/\/portalm\u0142awa.pl\/?p=8729","title":{"rendered":"43-letni m\u0119\u017cczyzna przygnieciony przez kombajn."},"content":{"rendered":"<p style=\"text-align: justify;\"><strong>Do powa\u017cnego wypadku dosz\u0142o podczas \u017cniw w miejscowo\u015bci Rydzewo, gdzie 43-letni m\u0119\u017cczyzna zosta\u0142 przygnieciony do przyczepy przez kombajn. Na miejsce wezwano \u015bmig\u0142owiec LPR. Policja apeluje do rolnik\u00f3w o rozwag\u0119 i przypomina o podstawowych zasadach bezpiecze\u0144stwa w czasie prac polowych.<\/strong><\/p>\n<p style=\"text-align: justify;\">W dniu 5 sierpnia 2025 roku oko\u0142o godziny 15:40 w miejscowo\u015bci Rydzewo (gm. Ciechan\u00f3w) dosz\u0142o do powa\u017cnego wypadku podczas prac polowych. 43-letni m\u0119\u017cczyzna zosta\u0142 przygnieciony do przyczepy ci\u0105gnika rolniczego przez kombajn. W akcj\u0119 zaanga\u017cowane by\u0142y s\u0142u\u017cby ratunkowe, stra\u017c po\u017carna oraz \u015bmig\u0142owiec Lotniczego Pogotowia Ratunkowego. M\u0119\u017cczyzna z powa\u017cnymi obra\u017ceniami cia\u0142a zosta\u0142 przetransportowany do szpitala. Kieruj\u0105cy kombajnem 57-latek by\u0142 trze\u017awy. Policja prowadzi post\u0119powanie,\u00a0 kt\u00f3re ma\u00a0 na celu dok\u0142adne wyja\u015bnienie przebiegu i przyczyn wypadku.<\/p>\n<p style=\"text-align: justify;\"><strong>Policja apeluje do rolnik\u00f3w<\/strong>: Zachowujcie ostro\u017cno\u015b\u0107 podczas \u017cniw!<\/p>\n<p style=\"text-align: justify;\">Trwa okres intensywnych prac rolniczych. Ka\u017cdego roku, szczeg\u00f3lnie latem, dochodzi do wypadk\u00f3w na polach \u2013 cz\u0119sto z udzia\u0142em maszyn rolniczych. Policja przypomina, \u017ce:<\/p>\n<p style=\"text-align: justify;\">&#8211; Ci\u0105gniki, kombajny i inne maszyny rolnicze to nie zabawki \u2013 ich obs\u0142uga wymaga wiedzy, do\u015bwiadczenia i pe\u0142nego skupienia.<\/p>\n<p style=\"text-align: justify;\">&#8211; Zawsze upewnij si\u0119, \u017ce w zasi\u0119gu dzia\u0142ania maszyny nie ma innych os\u00f3b \u2013 zw\u0142aszcza dzieci i starszych cz\u0142onk\u00f3w rodziny.<\/p>\n<p style=\"text-align: justify;\">\u00a0&#8211;\u00a0Nigdy nie podejmuj pr\u00f3b naprawy, podpinania lub rozpinania sprz\u0119tu rolniczego przy w\u0142\u0105czonym silniku \u2013 nawet chwilowe odchylenie mo\u017ce zako\u0144czy\u0107 si\u0119 tragedi\u0105.<\/p>\n<p style=\"text-align: justify;\">&#8211; Sprawdzaj stan techniczny maszyn przed rozpocz\u0119ciem prac, a usterki usuwaj natychmiast.<\/p>\n<p style=\"text-align: justify;\">&#8211; Nie pracuj w po\u015bpiechu i przem\u0119czeniu \u2013 b\u0142\u0119dy pope\u0142niane z nieuwagi s\u0105 najcz\u0119stsz\u0105 przyczyn\u0105 wypadk\u00f3w.<\/p>\n<p style=\"text-align: justify;\">&#8211; Profilaktyka i edukacja \u2013 wsp\u00f3lna odpowiedzialno\u015b\u0107<\/p>\n<p style=\"text-align: justify;\">Wypadki w rolnictwie najcz\u0119\u015bciej s\u0105 efektem rutyny, zm\u0119czenia lub bagatelizowania zasad bezpiecze\u0144stwa. Rolnicy \u2013 pami\u0119tajcie: \u017cycie i zdrowie s\u0105 najwa\u017cniejsze! Policja zach\u0119ca do udzia\u0142u w szkoleniach BHP organizowanych przez KRUS, ODR i lokalne jednostki samorz\u0105du terytorialnego.<\/p>\n<p style=\"text-align: justify;\"><strong>Apelujemy tak\u017ce do rodzin rolnik\u00f3w \u2013<\/strong> nie dopuszczajcie dzieci do maszyn rolniczych! Zainteresowanie najm\u0142odszych to naturalna rzecz, ale miejsce dziecka nie jest przy ci\u0105gniku czy kombajnie.<\/p>\n<p style=\"text-align: justify;\">Autor: nadkom. Jolanta Bym\/KPP Ciechan\u00f3w<\/p>\n<p style=\"box-sizing: border-box; margin-top: 0px; margin-bottom: 15px; color: #555555; font-family: Roboto, sans-serif; font-size: 15px;\">KOMENTARZE<\/p>\n<p style=\"box-sizing: border-box; margin-top: 0px; margin-bottom: 15px; color: #555555; font-family: Roboto, sans-serif; font-size: 15px;\"><em style=\"box-sizing: border-box;\">Wydawca portalu nie ponosi odpowiedzialno\u015bci za tre\u015b\u0107 komentarzy zamieszczanych przez u\u017cytkownik\u00f3w. Osoby zamieszczaj\u0105ce wypowiedzi naruszaj\u0105ce prawo lub prawem chronione dobra os\u00f3b trzecich mog\u0105 ponie\u015b\u0107 z tego tytu\u0142u odpowiedzialno\u015b\u0107 karn\u0105 lub cywiln\u0105.JEDNOCZE\u015aNIE UZYTKOWNICY ZAMIESZCZAJ\u0104C KOMENTARZ OSWIADCZAJ\u0104, \u017bE BIOR\u0104 PE\u0141N\u0104 ODPOWIEDZIALNO\u015a\u0106 ZA TRE\u015aCI UMIESZCZONE PRZEZ SIEBIE<\/em><\/p>\n<div style=\"padding-bottom:20px; padding-top:10px;\" class=\"hupso-share-buttons\"><!-- Hupso Share Buttons - https:\/\/www.hupso.com\/share\/ --><a class=\"hupso_pop\" href=\"https:\/\/www.hupso.com\/share\/\"><img decoding=\"async\" data-src=\"http:\/\/static.hupso.com\/share\/buttons\/button100x23.png\" style=\"border:0px; width:100; height: 23; \" alt=\"Share Button\" src=\"data:image\/svg+xml;base64,PHN2ZyB3aWR0aD0iMSIgaGVpZ2h0PSIxIiB4bWxucz0iaHR0cDovL3d3dy53My5vcmcvMjAwMC9zdmciPjwvc3ZnPg==\" class=\"lazyload\" \/><\/a><script type=\"text\/javascript\">var hupso_services=new Array(\"Twitter\",\"Facebook\",\"Pinterest\",\"Linkedin\",\"Tumblr\",\"StumbleUpon\",\"Digg\",\"Reddit\",\"Bebo\",\"Delicious\",\"QZone\",\"Renren\",\"Email\");var hupso_icon_type = \"labels\";var hupso_background=\"#3BF8FF\";var hupso_border=\"#FF2B0A\";var hupso_image_folder_url = \"\";var hupso_url=\"\";var hupso_title=\"43-letni%20m%C4%99%C5%BCczyzna%20przygnieciony%20przez%20kombajn.\";<\/script><script type=\"text\/javascript\" src=\"http:\/\/static.hupso.com\/share\/js\/share.js\"><\/script><!-- Hupso Share Buttons --><\/div>","protected":false},"excerpt":{"rendered":"<p>Do powa\u017cnego wypadku dosz\u0142o podczas \u017cniw w miejscowo\u015bci Rydzewo, gdzie 43-letni m\u0119\u017cczyzna zosta\u0142 przygnieciony do przyczepy przez kombajn. Na miejsce wezwano \u015bmig\u0142owiec LPR. Policja apeluje do rolnik\u00f3w o rozwag\u0119 i&hellip; <\/p>\n<div style=\"padding-bottom:20px; padding-top:10px;\" class=\"hupso-share-buttons\"><!-- Hupso Share Buttons - https:\/\/www.hupso.com\/share\/ --><a class=\"hupso_pop\" href=\"https:\/\/www.hupso.com\/share\/\"><img data-src=\"http:\/\/static.hupso.com\/share\/buttons\/button100x23.png\" style=\"border:0px; width:100; height: 23; \" alt=\"Share Button\" src=\"data:image\/svg+xml;base64,PHN2ZyB3aWR0aD0iMSIgaGVpZ2h0PSIxIiB4bWxucz0iaHR0cDovL3d3dy53My5vcmcvMjAwMC9zdmciPjwvc3ZnPg==\" class=\"lazyload\" \/><\/a><script type=\"text\/javascript\">var hupso_services=new Array(\"Twitter\",\"Facebook\",\"Pinterest\",\"Linkedin\",\"Tumblr\",\"StumbleUpon\",\"Digg\",\"Reddit\",\"Bebo\",\"Delicious\",\"QZone\",\"Renren\",\"Email\");var hupso_icon_type = \"labels\";var hupso_background=\"#3BF8FF\";var hupso_border=\"#FF2B0A\";var hupso_image_folder_url = \"\";var hupso_url=\"\";var hupso_title=\"43-letni%20m%C4%99%C5%BCczyzna%20przygnieciony%20przez%20kombajn.\";<\/script><script type=\"text\/javascript\" src=\"http:\/\/static.hupso.com\/share\/js\/share.js\"><\/script><!-- Hupso Share Buttons --><\/div>","protected":false},"author":1,"featured_media":8730,"comment_status":"open","ping_status":"open","sticky":false,"template":"","format":"standard","meta":{"_acf_changed":false,"wprm-recipe-roundup-name":"","wprm-recipe-roundup-description":"","footnotes":""},"categories":[19,10,5,28],"tags":[],"class_list":["post-8729","post","type-post","status-publish","format-standard","has-post-thumbnail","hentry","category-aktualnosci","category-ciecha-now","category-na-sygnale","category-wyd"],"acf":[],"amp_enabled":true,"_links":{"self":[{"href":"http:\/\/portalm\u0142awa.pl\/index.php?rest_route=\/wp\/v2\/posts\/8729","targetHints":{"allow":["GET"]}}],"collection":[{"href":"http:\/\/portalm\u0142awa.pl\/index.php?rest_route=\/wp\/v2\/posts"}],"about":[{"href":"http:\/\/portalm\u0142awa.pl\/index.php?rest_route=\/wp\/v2\/types\/post"}],"author":[{"embeddable":true,"href":"http:\/\/portalm\u0142awa.pl\/index.php?rest_route=\/wp\/v2\/users\/1"}],"replies":[{"embeddable":true,"href":"http:\/\/portalm\u0142awa.pl\/index.php?rest_route=%2Fwp%2Fv2%2Fcomments&post=8729"}],"version-history":[{"count":2,"href":"http:\/\/portalm\u0142awa.pl\/index.php?rest_route=\/wp\/v2\/posts\/8729\/revisions"}],"predecessor-version":[{"id":8732,"href":"http:\/\/portalm\u0142awa.pl\/index.php?rest_route=\/wp\/v2\/posts\/8729\/revisions\/8732"}],"wp:featuredmedia":[{"embeddable":true,"href":"http:\/\/portalm\u0142awa.pl\/index.php?rest_route=\/wp\/v2\/media\/8730"}],"wp:attachment":[{"href":"http:\/\/portalm\u0142awa.pl\/index.php?rest_route=%2Fwp%2Fv2%2Fmedia&parent=8729"}],"wp:term":[{"taxonomy":"category","embeddable":true,"href":"http:\/\/portalm\u0142awa.pl\/index.php?rest_route=%2Fwp%2Fv2%2Fcategories&post=8729"},{"taxonomy":"post_tag","embeddable":true,"href":"http:\/\/portalm\u0142awa.pl\/index.php?rest_route=%2Fwp%2Fv2%2Ftags&post=8729"}],"curies":[{"name":"wp","href":"https:\/\/api.w.org\/{rel}","templated":true}]}}