{"id":8752,"date":"2025-08-06T22:23:58","date_gmt":"2025-08-06T20:23:58","guid":{"rendered":"http:\/\/portalm\u0142awa.pl\/?p=8752"},"modified":"2025-08-06T22:26:20","modified_gmt":"2025-08-06T20:26:20","slug":"8752","status":"publish","type":"post","link":"http:\/\/portalm\u0142awa.pl\/?p=8752","title":{"rendered":"Ruda wraca do \u0142ask! K\u0105pielisko zn\u00f3w zaprasza"},"content":{"rendered":"<p style=\"text-align: justify;\">Po kilku dniach niepewno\u015bci i tymczasowego zakazu k\u0105pieli, mamy dla wszystkich mi\u0142o\u015bnik\u00f3w letniego relaksu <strong>\u015bwietn\u0105 wiadomo\u015b\u0107<\/strong> \u2013 <strong>Zalew Ruda wraca do gry!<\/strong><\/p>\n<p style=\"text-align: justify;\">W pi\u0105tek, <strong>1 sierpnia 2025 r.<\/strong>, informowali\u015bmy o zamkni\u0119ciu k\u0105pieliska ze wzgl\u0119du na <strong>przekroczenie norm mikrobiologicznych<\/strong> w wodzie. Dla bezpiecze\u0144stwa mieszka\u0144c\u00f3w i turyst\u00f3w, dost\u0119p do akwenu zosta\u0142 czasowo ograniczony.<\/p>\n<p style=\"text-align: justify;\">Ale ju\u017c dzi\u015b mo\u017cemy powiedzie\u0107 \u2013 <strong>sytuacja zosta\u0142a opanowana<\/strong>!<\/p>\n<h3 style=\"text-align: justify;\">Woda pod kontrol\u0105<\/h3>\n<p style=\"text-align: justify;\">W poniedzia\u0142ek, <strong>4 sierpnia<\/strong>, specjali\u015bci z <strong>Powiatowej Stacji Sanitarno-Epidemiologicznej w Dzia\u0142dowie<\/strong> przeprowadzili <strong>ponown\u0105 analiz\u0119 pr\u00f3bek<\/strong> pobranych z k\u0105pieliska. Wyniki s\u0105 jednoznaczne:<br \/>\n<strong>Woda w zalewie Ruda spe\u0142nia wszystkie normy jako\u015bci<\/strong> i <strong>jest bezpieczna do k\u0105pieli<\/strong>!<\/p>\n<h3 style=\"text-align: justify;\">Wracamy nad wod\u0119!<\/h3>\n<p style=\"text-align: justify;\">W zwi\u0105zku z tym, <strong>od czwartku 7 sierpnia<\/strong>, ponownie <strong>zapraszamy wszystkich do korzystania z k\u0105pieliska<\/strong>! Mo\u017cna \u015bmia\u0142o planowa\u0107 rodzinne wypady, pikniki, opalanie i oczywi\u015bcie \u2013 orze\u017awiaj\u0105ce k\u0105piele w czystej wodzie.<\/p>\n<p style=\"text-align: justify;\">\u00a0Le\u017caki czekaj\u0105, r\u0119czniki mo\u017cna roz\u0142o\u017cy\u0107, a s\u0142o\u0144ce ju\u017c grzeje. Zalew zn\u00f3w t\u0119tni \u017cyciem!<\/p>\n<h3 style=\"text-align: justify;\">\u00a0Przypominamy o bezpiecze\u0144stwie:<\/h3>\n<p style=\"text-align: justify;\">Cho\u0107 woda jest ju\u017c bezpieczna, nie zapominajmy o zdrowym rozs\u0105dku:<\/p>\n<ul style=\"text-align: justify;\">\n<li>k\u0105pmy si\u0119 w wyznaczonych miejscach<\/li>\n<li>s\u0142uchajmy polece\u0144 ratownik\u00f3w<\/li>\n<li>nie wchod\u017amy do wody po alkoholu<\/li>\n<li>dzieci k\u0105pi\u0105 si\u0119 zawsze pod opiek\u0105 doros\u0142ych<\/li>\n<\/ul>\n<p style=\"text-align: justify;\"><strong>Zalew Ruda zn\u00f3w otwarty \u2013 widzimy si\u0119 nad wod\u0105!<\/strong><br \/>\nZabierz rodzin\u0119, znajomych, koc i dobry humor. Wakacje trwaj\u0105, a Ruda znowu zaprasza!<\/p>\n<p style=\"text-align: justify;\">#ZalewRuda #K\u0105pieliskoOtwarte #BezpiecznaWoda #Lato2025 #Powr\u00f3tNadWod\u0119 #PortalM\u0142awa<\/p>\n<p>T.B<\/p>\n<p style=\"box-sizing: border-box; margin-top: 0px; margin-bottom: 15px; color: #555555; font-family: Roboto, sans-serif; font-size: 15px;\">KOMENTARZE<\/p>\n<p style=\"box-sizing: border-box; margin-top: 0px; margin-bottom: 15px; color: #555555; font-family: Roboto, sans-serif; font-size: 15px;\"><em style=\"box-sizing: border-box;\">Wydawca portalu nie ponosi odpowiedzialno\u015bci za tre\u015b\u0107 komentarzy zamieszczanych przez u\u017cytkownik\u00f3w. Osoby zamieszczaj\u0105ce wypowiedzi naruszaj\u0105ce prawo lub prawem chronione dobra os\u00f3b trzecich mog\u0105 ponie\u015b\u0107 z tego tytu\u0142u odpowiedzialno\u015b\u0107 karn\u0105 lub cywiln\u0105.JEDNOCZE\u015aNIE UZYTKOWNICY ZAMIESZCZAJ\u0104C KOMENTARZ OSWIADCZAJ\u0104, \u017bE BIOR\u0104 PE\u0141N\u0104 ODPOWIEDZIALNO\u015a\u0106 ZA TRE\u015aCI UMIESZCZONE PRZEZ SIEBIE<\/em><\/p>\n<div style=\"padding-bottom:20px; padding-top:10px;\" class=\"hupso-share-buttons\"><!-- Hupso Share Buttons - https:\/\/www.hupso.com\/share\/ --><a class=\"hupso_pop\" href=\"https:\/\/www.hupso.com\/share\/\"><img decoding=\"async\" data-src=\"http:\/\/static.hupso.com\/share\/buttons\/button100x23.png\" style=\"border:0px; width:100; height: 23; \" alt=\"Share Button\" src=\"data:image\/svg+xml;base64,PHN2ZyB3aWR0aD0iMSIgaGVpZ2h0PSIxIiB4bWxucz0iaHR0cDovL3d3dy53My5vcmcvMjAwMC9zdmciPjwvc3ZnPg==\" class=\"lazyload\" \/><\/a><script type=\"text\/javascript\">var hupso_services=new Array(\"Twitter\",\"Facebook\",\"Pinterest\",\"Linkedin\",\"Tumblr\",\"StumbleUpon\",\"Digg\",\"Reddit\",\"Bebo\",\"Delicious\",\"QZone\",\"Renren\",\"Email\");var hupso_icon_type = \"labels\";var hupso_background=\"#3BF8FF\";var hupso_border=\"#FF2B0A\";var hupso_image_folder_url = \"\";var hupso_url=\"\";var hupso_title=\"Ruda%20wraca%20do%20%C5%82ask%21%20K%C4%85pielisko%20zn%C3%B3w%20zaprasza\";<\/script><script type=\"text\/javascript\" src=\"http:\/\/static.hupso.com\/share\/js\/share.js\"><\/script><!-- Hupso Share Buttons --><\/div>","protected":false},"excerpt":{"rendered":"<p>Po kilku dniach niepewno\u015bci i tymczasowego zakazu k\u0105pieli, mamy dla wszystkich mi\u0142o\u015bnik\u00f3w letniego relaksu \u015bwietn\u0105 wiadomo\u015b\u0107 \u2013 Zalew Ruda wraca do gry! W pi\u0105tek, 1 sierpnia 2025 r., informowali\u015bmy o&hellip; <\/p>\n<div style=\"padding-bottom:20px; padding-top:10px;\" class=\"hupso-share-buttons\"><!-- Hupso Share Buttons - https:\/\/www.hupso.com\/share\/ --><a class=\"hupso_pop\" href=\"https:\/\/www.hupso.com\/share\/\"><img data-src=\"http:\/\/static.hupso.com\/share\/buttons\/button100x23.png\" style=\"border:0px; width:100; height: 23; \" alt=\"Share Button\" src=\"data:image\/svg+xml;base64,PHN2ZyB3aWR0aD0iMSIgaGVpZ2h0PSIxIiB4bWxucz0iaHR0cDovL3d3dy53My5vcmcvMjAwMC9zdmciPjwvc3ZnPg==\" class=\"lazyload\" \/><\/a><script type=\"text\/javascript\">var hupso_services=new Array(\"Twitter\",\"Facebook\",\"Pinterest\",\"Linkedin\",\"Tumblr\",\"StumbleUpon\",\"Digg\",\"Reddit\",\"Bebo\",\"Delicious\",\"QZone\",\"Renren\",\"Email\");var hupso_icon_type = \"labels\";var hupso_background=\"#3BF8FF\";var hupso_border=\"#FF2B0A\";var hupso_image_folder_url = \"\";var hupso_url=\"\";var hupso_title=\"Ruda%20wraca%20do%20%C5%82ask%21%20K%C4%85pielisko%20zn%C3%B3w%20zaprasza\";<\/script><script type=\"text\/javascript\" src=\"http:\/\/static.hupso.com\/share\/js\/share.js\"><\/script><!-- Hupso Share Buttons --><\/div>","protected":false},"author":1,"featured_media":8297,"comment_status":"open","ping_status":"open","sticky":false,"template":"","format":"standard","meta":{"_acf_changed":false,"wprm-recipe-roundup-name":"","wprm-recipe-roundup-description":"","footnotes":""},"categories":[19,28],"tags":[],"class_list":["post-8752","post","type-post","status-publish","format-standard","has-post-thumbnail","hentry","category-aktualnosci","category-wyd"],"acf":[],"amp_enabled":true,"_links":{"self":[{"href":"http:\/\/portalm\u0142awa.pl\/index.php?rest_route=\/wp\/v2\/posts\/8752","targetHints":{"allow":["GET"]}}],"collection":[{"href":"http:\/\/portalm\u0142awa.pl\/index.php?rest_route=\/wp\/v2\/posts"}],"about":[{"href":"http:\/\/portalm\u0142awa.pl\/index.php?rest_route=\/wp\/v2\/types\/post"}],"author":[{"embeddable":true,"href":"http:\/\/portalm\u0142awa.pl\/index.php?rest_route=\/wp\/v2\/users\/1"}],"replies":[{"embeddable":true,"href":"http:\/\/portalm\u0142awa.pl\/index.php?rest_route=%2Fwp%2Fv2%2Fcomments&post=8752"}],"version-history":[{"count":2,"href":"http:\/\/portalm\u0142awa.pl\/index.php?rest_route=\/wp\/v2\/posts\/8752\/revisions"}],"predecessor-version":[{"id":8754,"href":"http:\/\/portalm\u0142awa.pl\/index.php?rest_route=\/wp\/v2\/posts\/8752\/revisions\/8754"}],"wp:featuredmedia":[{"embeddable":true,"href":"http:\/\/portalm\u0142awa.pl\/index.php?rest_route=\/wp\/v2\/media\/8297"}],"wp:attachment":[{"href":"http:\/\/portalm\u0142awa.pl\/index.php?rest_route=%2Fwp%2Fv2%2Fmedia&parent=8752"}],"wp:term":[{"taxonomy":"category","embeddable":true,"href":"http:\/\/portalm\u0142awa.pl\/index.php?rest_route=%2Fwp%2Fv2%2Fcategories&post=8752"},{"taxonomy":"post_tag","embeddable":true,"href":"http:\/\/portalm\u0142awa.pl\/index.php?rest_route=%2Fwp%2Fv2%2Ftags&post=8752"}],"curies":[{"name":"wp","href":"https:\/\/api.w.org\/{rel}","templated":true}]}}