{"id":8755,"date":"2025-08-07T08:18:37","date_gmt":"2025-08-07T06:18:37","guid":{"rendered":"http:\/\/portalm\u0142awa.pl\/?p=8755"},"modified":"2025-08-07T08:18:37","modified_gmt":"2025-08-07T06:18:37","slug":"zywa-lekcja-historii-rekonstrukcja-bitwy-i-rajd-rowerowy-sladami-bohaterow","status":"publish","type":"post","link":"http:\/\/portalm\u0142awa.pl\/?p=8755","title":{"rendered":"\u017bywa lekcja historii \u2013 rekonstrukcja bitwy i rajd rowerowy \u015bladami bohater\u00f3w"},"content":{"rendered":"<h2 style=\"text-align: justify;\"><strong style=\"font-size: 16px;\">W ostatni weekend sierpnia, w dniach 30\u201331 sierpnia 2025 roku, serce p\u00f3\u0142nocnego Mazowsza zn\u00f3w zabije w rytmie historii.<\/strong><span style=\"font-size: 16px;\"> Powiat M\u0142awski, Gmina Czernice Borowe, Gmina Dzierzgowo oraz Gmina Grudusk zapraszaj\u0105 na wyj\u0105tkowe wydarzenie: <\/span><strong style=\"font-size: 16px;\">III Rajd Rowerowy oraz II \u017baboklickie Spotkania z Histori\u0105<\/strong><span style=\"font-size: 16px;\">, organizowane przez <\/span><strong style=\"font-size: 16px;\">Komitet Pami\u0119ci Pozycji Rz\u0119gnowo 1939<\/strong><span style=\"font-size: 16px;\">.<\/span><\/h2>\n<h3 style=\"text-align: justify;\">Pami\u0119\u0107 w ruchu \u2013 III Rajd Rowerowy<\/h3>\n<p style=\"text-align: justify;\">W ho\u0142dzie \u017co\u0142nierzom <strong>Armii \u201eModlin\u201d<\/strong>, kt\u00f3rzy w 1939 roku bronili Polski przed niemieck\u0105 agresj\u0105, uczestnicy rajdu przemierz\u0105 tereny, gdzie toczy\u0142y si\u0119 jedne z najbardziej dramatycznych epizod\u00f3w kampanii wrze\u015bniowej. Trasa rajdu prowadzi przez miejsca pami\u0119ci i punkty obronne, umo\u017cliwiaj\u0105c refleksj\u0119 nad histori\u0105 w niecodzienny, aktywny spos\u00f3b. To nie tylko rowerowa przygoda, ale przede wszystkim <strong>\u017cywa lekcja patriotyzmu i pami\u0119ci pokole\u0144<\/strong>.<\/p>\n<p style=\"text-align: justify;\"><strong> II \u017baboklickie Spotkania z Histori\u0105 \u2013 historia, kt\u00f3ra \u017cyje<\/strong><\/p>\n<p style=\"text-align: justify;\"><strong>Sobota, 30 sierpnia, od godziny 17:00<\/strong>, to prawdziwa gratka dla pasjonat\u00f3w historii. W programie:<\/p>\n<ul style=\"text-align: justify;\">\n<li><strong>Koncert pie\u015bni patriotycznych<\/strong>, kt\u00f3ry wprowadzi uczestnik\u00f3w w atmosfer\u0119 tamtych dni,<\/li>\n<li><strong>Pokazy rekonstruktor\u00f3w i sprz\u0119tu wojskowego<\/strong> \u2013 realistyczne, wci\u0105gaj\u0105ce i edukacyjne widowisko,<\/li>\n<li><strong>Rekonstrukcja bitwy pod \u017baboklikiem \u2013 prze\u0142amanie \u201e\u017celaznej linii\u201d<\/strong> \u2013 dynamiczna inscenizacja walk z wrze\u015bnia 1939 roku, przygotowana przez profesjonalne grupy rekonstrukcyjne,<\/li>\n<li><strong>Zwiedzanie linii obrony i obozowisk historycznych<\/strong>, kt\u00f3re odtworz\u0105 realia \u017cycia \u017co\u0142nierzy w czasie wojny,<\/li>\n<li><strong>Wojskowy pocz\u0119stunek<\/strong> \u2013 groch\u00f3wka, kie\u0142baski z ogniska i ciep\u0142a, go\u015bcinna atmosfera,<\/li>\n<li><strong>Mo\u017cliwo\u015b\u0107 noclegu na miejscu \u2013 pole namiotowe dla uczestnik\u00f3w<\/strong>.<\/li>\n<\/ul>\n<h3 style=\"text-align: justify;\">Spo\u0142eczna inicjatywa z sercem<\/h3>\n<p style=\"text-align: justify;\">Wydarzenia s\u0105 <strong>owocem wsp\u00f3\u0142pracy lokalnych samorz\u0105d\u00f3w i pasjonat\u00f3w historii<\/strong>, kt\u00f3rzy wsp\u00f3lnie dbaj\u0105 o to, by pami\u0119\u0107 o obro\u0144cach Ojczyzny by\u0142a wci\u0105\u017c \u017cywa. <strong>Komitet Pami\u0119ci Pozycji Rz\u0119gnowo 1939<\/strong> od lat organizuje wydarzenia historyczne, kt\u00f3re \u0142\u0105cz\u0105 mieszka\u0144c\u00f3w regionu, edukuj\u0105 m\u0142odzie\u017c i integruj\u0105 ca\u0142e rodziny wok\u00f3\u0142 wsp\u00f3lnego dziedzictwa.<\/p>\n<p style=\"text-align: justify;\"><strong>Zarezerwuj ostatni weekend sierpnia<\/strong> i we\u017a udzia\u0142 w wydarzeniu, kt\u00f3re porusza serca, inspiruje i przypomina, \u017ce wolno\u015b\u0107 nie jest dana raz na zawsze. <strong>Przyjed\u017a z rodzin\u0105, przyjaci\u00f3\u0142mi \u2013 prze\u017cyj histori\u0119, poczuj ducha tamtych dni i oddaj ho\u0142d bohaterom wrze\u015bnia 1939 roku.<\/strong><\/p>\n<p style=\"text-align: justify;\"><strong>Szczeg\u00f3\u0142owy program znajduje si\u0119 na za\u0142\u0105czonych plakatach.<\/strong><\/p>\n<p style=\"text-align: justify;\"><em>Pami\u0119tamy. Jedziemy. Rekonstruujemy. Czcimy.<\/em><\/p>\n<p>T.B<\/p>\n<p style=\"box-sizing: border-box; margin-top: 0px; margin-bottom: 15px; color: #555555; font-family: Roboto, sans-serif; font-size: 15px;\">KOMENTARZE<\/p>\n<p style=\"box-sizing: border-box; margin-top: 0px; margin-bottom: 15px; color: #555555; font-family: Roboto, sans-serif; font-size: 15px;\"><em style=\"box-sizing: border-box;\">Wydawca portalu nie ponosi odpowiedzialno\u015bci za tre\u015b\u0107 komentarzy zamieszczanych przez u\u017cytkownik\u00f3w. Osoby zamieszczaj\u0105ce wypowiedzi naruszaj\u0105ce prawo lub prawem chronione dobra os\u00f3b trzecich mog\u0105 ponie\u015b\u0107 z tego tytu\u0142u odpowiedzialno\u015b\u0107 karn\u0105 lub cywiln\u0105.JEDNOCZE\u015aNIE UZYTKOWNICY ZAMIESZCZAJ\u0104C KOMENTARZ OSWIADCZAJ\u0104, \u017bE BIOR\u0104 PE\u0141N\u0104 ODPOWIEDZIALNO\u015a\u0106 ZA TRE\u015aCI UMIESZCZONE PRZEZ SIEBIE<\/em><\/p>\n<div style=\"padding-bottom:20px; padding-top:10px;\" class=\"hupso-share-buttons\"><!-- Hupso Share Buttons - https:\/\/www.hupso.com\/share\/ --><a class=\"hupso_pop\" href=\"https:\/\/www.hupso.com\/share\/\"><img decoding=\"async\" data-src=\"http:\/\/static.hupso.com\/share\/buttons\/button100x23.png\" style=\"border:0px; width:100; height: 23; \" alt=\"Share Button\" src=\"data:image\/svg+xml;base64,PHN2ZyB3aWR0aD0iMSIgaGVpZ2h0PSIxIiB4bWxucz0iaHR0cDovL3d3dy53My5vcmcvMjAwMC9zdmciPjwvc3ZnPg==\" class=\"lazyload\" \/><\/a><script type=\"text\/javascript\">var hupso_services=new Array(\"Twitter\",\"Facebook\",\"Pinterest\",\"Linkedin\",\"Tumblr\",\"StumbleUpon\",\"Digg\",\"Reddit\",\"Bebo\",\"Delicious\",\"QZone\",\"Renren\",\"Email\");var hupso_icon_type = \"labels\";var hupso_background=\"#3BF8FF\";var hupso_border=\"#FF2B0A\";var hupso_image_folder_url = \"\";var hupso_url=\"\";var hupso_title=\"%C5%BBywa%20lekcja%20historii%20%E2%80%93%20rekonstrukcja%20bitwy%20i%20rajd%20rowerowy%20%C5%9Bladami%20bohater%C3%B3w\";<\/script><script type=\"text\/javascript\" src=\"http:\/\/static.hupso.com\/share\/js\/share.js\"><\/script><!-- Hupso Share Buttons --><\/div>","protected":false},"excerpt":{"rendered":"<p>W ostatni weekend sierpnia, w dniach 30\u201331 sierpnia 2025 roku, serce p\u00f3\u0142nocnego Mazowsza zn\u00f3w zabije w rytmie historii. Powiat M\u0142awski, Gmina Czernice Borowe, Gmina Dzierzgowo oraz Gmina Grudusk zapraszaj\u0105 na&hellip; <\/p>\n<div style=\"padding-bottom:20px; padding-top:10px;\" class=\"hupso-share-buttons\"><!-- Hupso Share Buttons - https:\/\/www.hupso.com\/share\/ --><a class=\"hupso_pop\" href=\"https:\/\/www.hupso.com\/share\/\"><img data-src=\"http:\/\/static.hupso.com\/share\/buttons\/button100x23.png\" style=\"border:0px; width:100; height: 23; \" alt=\"Share Button\" src=\"data:image\/svg+xml;base64,PHN2ZyB3aWR0aD0iMSIgaGVpZ2h0PSIxIiB4bWxucz0iaHR0cDovL3d3dy53My5vcmcvMjAwMC9zdmciPjwvc3ZnPg==\" class=\"lazyload\" \/><\/a><script type=\"text\/javascript\">var hupso_services=new Array(\"Twitter\",\"Facebook\",\"Pinterest\",\"Linkedin\",\"Tumblr\",\"StumbleUpon\",\"Digg\",\"Reddit\",\"Bebo\",\"Delicious\",\"QZone\",\"Renren\",\"Email\");var hupso_icon_type = \"labels\";var hupso_background=\"#3BF8FF\";var hupso_border=\"#FF2B0A\";var hupso_image_folder_url = \"\";var hupso_url=\"\";var hupso_title=\"%C5%BBywa%20lekcja%20historii%20%E2%80%93%20rekonstrukcja%20bitwy%20i%20rajd%20rowerowy%20%C5%9Bladami%20bohater%C3%B3w\";<\/script><script type=\"text\/javascript\" src=\"http:\/\/static.hupso.com\/share\/js\/share.js\"><\/script><!-- Hupso Share Buttons --><\/div>","protected":false},"author":1,"featured_media":8756,"comment_status":"open","ping_status":"open","sticky":false,"template":"","format":"standard","meta":{"_acf_changed":false,"wprm-recipe-roundup-name":"","wprm-recipe-roundup-description":"","footnotes":""},"categories":[19,3,28,696,6],"tags":[],"class_list":["post-8755","post","type-post","status-publish","format-standard","has-post-thumbnail","hentry","category-aktualnosci","category-kultura","category-wyd","category-zaproszenia","category-zapro-szenia"],"acf":[],"amp_enabled":true,"_links":{"self":[{"href":"http:\/\/portalm\u0142awa.pl\/index.php?rest_route=\/wp\/v2\/posts\/8755","targetHints":{"allow":["GET"]}}],"collection":[{"href":"http:\/\/portalm\u0142awa.pl\/index.php?rest_route=\/wp\/v2\/posts"}],"about":[{"href":"http:\/\/portalm\u0142awa.pl\/index.php?rest_route=\/wp\/v2\/types\/post"}],"author":[{"embeddable":true,"href":"http:\/\/portalm\u0142awa.pl\/index.php?rest_route=\/wp\/v2\/users\/1"}],"replies":[{"embeddable":true,"href":"http:\/\/portalm\u0142awa.pl\/index.php?rest_route=%2Fwp%2Fv2%2Fcomments&post=8755"}],"version-history":[{"count":1,"href":"http:\/\/portalm\u0142awa.pl\/index.php?rest_route=\/wp\/v2\/posts\/8755\/revisions"}],"predecessor-version":[{"id":8757,"href":"http:\/\/portalm\u0142awa.pl\/index.php?rest_route=\/wp\/v2\/posts\/8755\/revisions\/8757"}],"wp:featuredmedia":[{"embeddable":true,"href":"http:\/\/portalm\u0142awa.pl\/index.php?rest_route=\/wp\/v2\/media\/8756"}],"wp:attachment":[{"href":"http:\/\/portalm\u0142awa.pl\/index.php?rest_route=%2Fwp%2Fv2%2Fmedia&parent=8755"}],"wp:term":[{"taxonomy":"category","embeddable":true,"href":"http:\/\/portalm\u0142awa.pl\/index.php?rest_route=%2Fwp%2Fv2%2Fcategories&post=8755"},{"taxonomy":"post_tag","embeddable":true,"href":"http:\/\/portalm\u0142awa.pl\/index.php?rest_route=%2Fwp%2Fv2%2Ftags&post=8755"}],"curies":[{"name":"wp","href":"https:\/\/api.w.org\/{rel}","templated":true}]}}