{"id":8827,"date":"2025-08-09T12:44:48","date_gmt":"2025-08-09T10:44:48","guid":{"rendered":"http:\/\/portalm\u0142awa.pl\/?p=8827"},"modified":"2025-08-09T12:44:48","modified_gmt":"2025-08-09T10:44:48","slug":"zawodowe-mazowsze-przyszlosci-innowacyjne-ksztalcenie-zawodowe-ktore-odmienia-region","status":"publish","type":"post","link":"http:\/\/portalm\u0142awa.pl\/?p=8827","title":{"rendered":"Zawodowe Mazowsze Przysz\u0142o\u015bci \u2013 innowacyjne kszta\u0142cenie zawodowe, kt\u00f3re odmienia region"},"content":{"rendered":"<p style=\"text-align: justify;\">Od 1 stycznia 2025 roku do 31 sierpnia 2029 roku Wojew\u00f3dztwo Mazowieckie wraz z Urz\u0119dem Marsza\u0142kowskim Wojew\u00f3dztwa Mazowieckiego w Warszawie, a konkretnie Departamentem Edukacji Publicznej i Sportu, realizuje wyj\u0105tkowy, niekonkurencyjny projekt pod nazw\u0105 <strong>\u201eZawodowe Mazowsze Przysz\u0142o\u015bci \u2013 innowacyjne kszta\u0142cenie zawodowe\u201d<\/strong>. Dofinansowany ze \u015brodk\u00f3w Unii Europejskiej w ramach programu Fundusze Europejskie dla Mazowsza 2021-2027, priorytetu VII \u201eFundusze Europejskie dla nowoczesnej i dost\u0119pnej edukacji na Mazowszu\u201d oraz dzia\u0142ania 7.2 \u201eWzmocnienie kompetencji uczni\u00f3w\u201d, projekt ma na celu fundamentaln\u0105 popraw\u0119 jako\u015bci kszta\u0142cenia zawodowego na terenie Regionu Mazowieckiego Regionalnego (RMR).<\/p>\n<h3 style=\"text-align: justify;\">Prze\u0142om w edukacji zawodowej<\/h3>\n<p style=\"text-align: justify;\">Projekt skupia si\u0119 na wprowadzeniu innowacji pedagogicznych, kt\u00f3re realnie podnosz\u0105 poziom wiedzy i umiej\u0119tno\u015bci uczni\u00f3w oraz kompetencje dydaktyczne nauczycieli. Kluczowym elementem jest wyposa\u017cenie 80 szk\u00f3\u0142 i plac\u00f3wek kszta\u0142cenia zawodowego w nowoczesny sprz\u0119t dydaktyczny, kt\u00f3ry umo\u017cliwi realizacj\u0119 innowacyjnych program\u00f3w nauczania dostosowanych do potrzeb wsp\u00f3\u0142czesnego rynku pracy. Dodatkowo, projekt przewiduje organizacj\u0119 7 200 sta\u017cy zawodowych \u2013 praktycznych do\u015bwiadcze\u0144, kt\u00f3re pozwol\u0105 m\u0142odym ludziom zdobywa\u0107 niezb\u0119dne kwalifikacje i pewno\u015b\u0107 siebie w zawodzie.<\/p>\n<h3 style=\"text-align: justify;\">Szerokie partnerstwo i ogromny zasi\u0119g<\/h3>\n<p style=\"text-align: justify;\">Projekt realizowany jest we wsp\u00f3\u0142pracy z 33 partnerami, w tym 32 jednostkami samorz\u0105du terytorialnego. Wsparcie obejmie \u0142\u0105cznie 80 szk\u00f3\u0142 oraz plac\u00f3wek kszta\u0142cenia zawodowego na terenie 28 powiat\u00f3w \u2013 mi\u0119dzy innymi bia\u0142obrzeskiego, ciechanowskiego, m\u0142awskiego, p\u0142ockiego, radomskiego, siedleckiego oraz czterech miast na prawach powiatu: Radom, P\u0142ock, Ostro\u0142\u0119ka i Siedlce. To ogromna skala przedsi\u0119wzi\u0119cia, kt\u00f3ra pozwoli obj\u0105\u0107 wsparciem tysi\u0105ce uczni\u00f3w i nauczycieli.<\/p>\n<h3 style=\"text-align: justify;\">Konkretne efekty \u2013 liczby, kt\u00f3re robi\u0105 wra\u017cenie<\/h3>\n<p style=\"text-align: justify;\">Projekt zak\u0142ada podniesienie kompetencji zawodowych u 6 980 uczni\u00f3w oraz zwi\u0119kszenie kompetencji dydaktycznych u 144 nauczycieli. Dla ka\u017cdej z 80 szk\u00f3\u0142 opracowanych zostanie dedykowanych 80 program\u00f3w innowacji pedagogicznych. W praktyce oznacza to wielowymiarowe wsparcie \u2013 od nowoczesnych pracowni szkolnych po praktyczne sta\u017ce i szkolenia, kt\u00f3re przygotuj\u0105 m\u0142odych ludzi do dynamicznie zmieniaj\u0105cego si\u0119 rynku pracy.<\/p>\n<h3 style=\"text-align: justify;\">Finansowanie na miar\u0119 wyzwa\u0144<\/h3>\n<p style=\"text-align: justify;\">Ca\u0142kowita warto\u015b\u0107 projektu to imponuj\u0105ce <strong>74 029 577,60 z\u0142<\/strong>, z czego <strong>62 925 140,96 z\u0142<\/strong> pochodzi z funduszy Unii Europejskiej. To konkretne wsparcie finansowe przek\u0142ada si\u0119 na realne dzia\u0142ania i wymierne korzy\u015bci dla uczni\u00f3w, nauczycieli i ca\u0142ego regionu.<\/p>\n<h3 style=\"text-align: justify;\">Podsumowanie \u2013 inwestycja w przysz\u0142o\u015b\u0107 Mazowsza<\/h3>\n<p style=\"text-align: justify;\">\u201eZawodowe Mazowsze Przysz\u0142o\u015bci\u201d to projekt, kt\u00f3ry stawia na rozw\u00f3j kompetencji m\u0142odych ludzi i nauczycieli, innowacje oraz praktyk\u0119. To fundament nowoczesnej, dost\u0119pnej edukacji zawodowej, kt\u00f3ra odpowiada na potrzeby rynku pracy i stanowi solidn\u0105 podstaw\u0119 dla przysz\u0142o\u015bci ca\u0142ego regionu Mazowsza.<\/p>\n<p style=\"text-align: justify;\"><em>Autor: Biuro Wspierania Szkolnictwa Zawodowego, Departament Edukacji Publicznej i Sportu, Urz\u0105d Marsza\u0142kowski Wojew\u00f3dztwa Mazowieckiego<\/em><\/p>\n<p style=\"text-align: justify;\">#FunduszeUE #FunduszeEuropejskie #Mazowsze #EdukacjaZawodowa #Innowacje<\/p>\n<p style=\"box-sizing: border-box; margin-top: 0px; margin-bottom: 15px; color: #555555; font-family: Roboto, sans-serif; font-size: 15px; text-align: justify;\"><span style=\"box-sizing: border-box; text-align: justify;\">KOMENTARZE<\/span><\/p>\n<p style=\"box-sizing: border-box; margin-top: 0px; margin-bottom: 15px; color: #555555; font-family: Roboto, sans-serif; font-size: 15px; text-align: justify;\"><span style=\"box-sizing: border-box; text-align: justify;\">Wydawca portalu nie ponosi odpowiedzialno\u015bci za tre\u015b\u0107 komentarzy zamieszczanych przez u\u017cytkownik\u00f3w. Osoby zamieszczaj\u0105ce wypowiedzi naruszaj\u0105ce prawo lub prawem chronione dobra os\u00f3b trzecich mog\u0105 ponie\u015b\u0107 z tego tytu\u0142u odpowiedzialno\u015b\u0107 karn\u0105 lub cywiln\u0105.JEDNOCZE\u015aNIE UZYTKOWNICY ZAMIESZCZAJ\u0104C KOMENTARZ OSWIADCZAJ\u0104, \u017bE BIOR\u0104 PE\u0141N\u0104 ODPOWIEDZIALNO\u015a\u0106 ZA TRE\u015aCI UMIESZCZONE PRZEZ SIEBIE<\/span><\/p>\n<div style=\"padding-bottom:20px; padding-top:10px;\" class=\"hupso-share-buttons\"><!-- Hupso Share Buttons - https:\/\/www.hupso.com\/share\/ --><a class=\"hupso_pop\" href=\"https:\/\/www.hupso.com\/share\/\"><img decoding=\"async\" data-src=\"http:\/\/static.hupso.com\/share\/buttons\/button100x23.png\" style=\"border:0px; width:100; height: 23; \" alt=\"Share Button\" src=\"data:image\/svg+xml;base64,PHN2ZyB3aWR0aD0iMSIgaGVpZ2h0PSIxIiB4bWxucz0iaHR0cDovL3d3dy53My5vcmcvMjAwMC9zdmciPjwvc3ZnPg==\" class=\"lazyload\" \/><\/a><script type=\"text\/javascript\">var hupso_services=new Array(\"Twitter\",\"Facebook\",\"Pinterest\",\"Linkedin\",\"Tumblr\",\"StumbleUpon\",\"Digg\",\"Reddit\",\"Bebo\",\"Delicious\",\"QZone\",\"Renren\",\"Email\");var hupso_icon_type = \"labels\";var hupso_background=\"#3BF8FF\";var hupso_border=\"#FF2B0A\";var hupso_image_folder_url = \"\";var hupso_url=\"\";var hupso_title=\"Zawodowe%20Mazowsze%20Przysz%C5%82o%C5%9Bci%20%E2%80%93%20innowacyjne%20kszta%C5%82cenie%20zawodowe%2C%20kt%C3%B3re%20odmienia%20region\";<\/script><script type=\"text\/javascript\" src=\"http:\/\/static.hupso.com\/share\/js\/share.js\"><\/script><!-- Hupso Share Buttons --><\/div>","protected":false},"excerpt":{"rendered":"<p>Od 1 stycznia 2025 roku do 31 sierpnia 2029 roku Wojew\u00f3dztwo Mazowieckie wraz z Urz\u0119dem Marsza\u0142kowskim Wojew\u00f3dztwa Mazowieckiego w Warszawie, a konkretnie Departamentem Edukacji Publicznej i Sportu, realizuje wyj\u0105tkowy, niekonkurencyjny&hellip; <\/p>\n<div style=\"padding-bottom:20px; padding-top:10px;\" class=\"hupso-share-buttons\"><!-- Hupso Share Buttons - https:\/\/www.hupso.com\/share\/ --><a class=\"hupso_pop\" href=\"https:\/\/www.hupso.com\/share\/\"><img data-src=\"http:\/\/static.hupso.com\/share\/buttons\/button100x23.png\" style=\"border:0px; width:100; height: 23; \" alt=\"Share Button\" src=\"data:image\/svg+xml;base64,PHN2ZyB3aWR0aD0iMSIgaGVpZ2h0PSIxIiB4bWxucz0iaHR0cDovL3d3dy53My5vcmcvMjAwMC9zdmciPjwvc3ZnPg==\" class=\"lazyload\" \/><\/a><script type=\"text\/javascript\">var hupso_services=new Array(\"Twitter\",\"Facebook\",\"Pinterest\",\"Linkedin\",\"Tumblr\",\"StumbleUpon\",\"Digg\",\"Reddit\",\"Bebo\",\"Delicious\",\"QZone\",\"Renren\",\"Email\");var hupso_icon_type = \"labels\";var hupso_background=\"#3BF8FF\";var hupso_border=\"#FF2B0A\";var hupso_image_folder_url = \"\";var hupso_url=\"\";var hupso_title=\"Zawodowe%20Mazowsze%20Przysz%C5%82o%C5%9Bci%20%E2%80%93%20innowacyjne%20kszta%C5%82cenie%20zawodowe%2C%20kt%C3%B3re%20odmienia%20region\";<\/script><script type=\"text\/javascript\" src=\"http:\/\/static.hupso.com\/share\/js\/share.js\"><\/script><!-- Hupso Share Buttons --><\/div>","protected":false},"author":1,"featured_media":8828,"comment_status":"open","ping_status":"open","sticky":false,"template":"","format":"standard","meta":{"_acf_changed":false,"wprm-recipe-roundup-name":"","wprm-recipe-roundup-description":"","footnotes":""},"categories":[19,28],"tags":[],"class_list":["post-8827","post","type-post","status-publish","format-standard","has-post-thumbnail","hentry","category-aktualnosci","category-wyd"],"acf":[],"amp_enabled":true,"_links":{"self":[{"href":"http:\/\/portalm\u0142awa.pl\/index.php?rest_route=\/wp\/v2\/posts\/8827","targetHints":{"allow":["GET"]}}],"collection":[{"href":"http:\/\/portalm\u0142awa.pl\/index.php?rest_route=\/wp\/v2\/posts"}],"about":[{"href":"http:\/\/portalm\u0142awa.pl\/index.php?rest_route=\/wp\/v2\/types\/post"}],"author":[{"embeddable":true,"href":"http:\/\/portalm\u0142awa.pl\/index.php?rest_route=\/wp\/v2\/users\/1"}],"replies":[{"embeddable":true,"href":"http:\/\/portalm\u0142awa.pl\/index.php?rest_route=%2Fwp%2Fv2%2Fcomments&post=8827"}],"version-history":[{"count":1,"href":"http:\/\/portalm\u0142awa.pl\/index.php?rest_route=\/wp\/v2\/posts\/8827\/revisions"}],"predecessor-version":[{"id":8829,"href":"http:\/\/portalm\u0142awa.pl\/index.php?rest_route=\/wp\/v2\/posts\/8827\/revisions\/8829"}],"wp:featuredmedia":[{"embeddable":true,"href":"http:\/\/portalm\u0142awa.pl\/index.php?rest_route=\/wp\/v2\/media\/8828"}],"wp:attachment":[{"href":"http:\/\/portalm\u0142awa.pl\/index.php?rest_route=%2Fwp%2Fv2%2Fmedia&parent=8827"}],"wp:term":[{"taxonomy":"category","embeddable":true,"href":"http:\/\/portalm\u0142awa.pl\/index.php?rest_route=%2Fwp%2Fv2%2Fcategories&post=8827"},{"taxonomy":"post_tag","embeddable":true,"href":"http:\/\/portalm\u0142awa.pl\/index.php?rest_route=%2Fwp%2Fv2%2Ftags&post=8827"}],"curies":[{"name":"wp","href":"https:\/\/api.w.org\/{rel}","templated":true}]}}