{"id":8851,"date":"2025-08-11T11:19:07","date_gmt":"2025-08-11T09:19:07","guid":{"rendered":"http:\/\/portalm\u0142awa.pl\/?p=8851"},"modified":"2025-08-11T11:19:07","modified_gmt":"2025-08-11T09:19:07","slug":"mlawa-zaprasza-na-swieto-wojska-polskiego-uczcijmy-razem-pamiec-bohaterow","status":"publish","type":"post","link":"http:\/\/portalm\u0142awa.pl\/?p=8851","title":{"rendered":"M\u0142awa zaprasza na \u015awi\u0119to Wojska Polskiego \u2013 uczcijmy razem pami\u0119\u0107 bohater\u00f3w!"},"content":{"rendered":"<p style=\"text-align: justify;\"><strong>W pi\u0105tek, 15 sierpnia 2025 roku, M\u0142awa stanie si\u0119 miejscem wyj\u0105tkowych obchod\u00f3w \u015awi\u0119ta Wojska Polskiego. To czas, by wsp\u00f3lnie odda\u0107 ho\u0142d obro\u0144com Ojczyzny i uczci\u0107 pami\u0119\u0107 o zwyci\u0119stwie w Bitwie Warszawskiej 1920 roku, kt\u00f3ra na zawsze zapisa\u0142a si\u0119 w historii Polski.\u00a0 Burmistrz Miasta M\u0142awa Piotr Jankowski zaprasza wszystkich mieszka\u0144c\u00f3w do aktywnego udzia\u0142u w wydarzeniach pe\u0142nych patriotyzmu, muzyki i refleksji.<\/strong><\/p>\n<p style=\"text-align: justify;\"><strong>Harmonogram uroczysto\u015bci \u2013 dzie\u0144 pe\u0142en patriotyzmu<\/strong><\/p>\n<p style=\"text-align: justify;\"><strong>10:00 \u2013 Uroczysta msza \u015bwi\u0119ta w ko\u015bciele pw. \u015awi\u0119tej Tr\u00f3jcy<\/strong><\/p>\n<p style=\"text-align: justify;\">Obchody rozpoczn\u0105 si\u0119 msz\u0105 \u015bwi\u0119t\u0105 w intencji Ojczyzny, odprawion\u0105 w ko\u015bciele pw. \u015awi\u0119tej Tr\u00f3jcy. To chwila modlitwy i zadumy, podczas kt\u00f3rej wsp\u00f3lnie podzi\u0119kujemy za wolno\u015b\u0107 oraz pomy\u015blimy o tych, kt\u00f3rzy j\u0105 wywalczyli.<\/p>\n<p style=\"text-align: justify;\"><strong>11:00 \u2013 Koncert pie\u015bni patriotycznych w parku miejskim<\/strong><\/p>\n<p style=\"text-align: justify;\">Po mszy \u015bwi\u0119tej wszyscy przejd\u0105 do parku im. Marsza\u0142ka J\u00f3zefa Pi\u0142sudskiego, gdzie o godzinie 11:00 zabrzmi\u0105 d\u017awi\u0119ki patriotycznych pie\u015bni w wykonaniu Zespo\u0142u Artystycznego Senior\u00f3w \u201eCantare\u201d. To wyj\u0105tkowa okazja, by poczu\u0107 ducha polskiej historii poprzez muzyk\u0119 i wsp\u00f3lne \u015bpiewanie.<\/p>\n<p style=\"text-align: justify;\"><strong>11:15 \u2013 Oficjalny apel pod pomnikiem Marsza\u0142ka Pi\u0142sudskiego<\/strong><\/p>\n<p style=\"text-align: justify;\">Nied\u0142ugo po koncercie rozpocznie si\u0119 oficjalny apel, podczas kt\u00f3rego zostan\u0105 od\u015bpiewane hymny i przypomniana zostanie historia \u015awi\u0119ta Wojska Polskiego. Delegacje z\u0142o\u017c\u0105 kwiaty pod pomnikiem Marsza\u0142ka J\u00f3zefa Pi\u0142sudskiego, oddaj\u0105c cze\u015b\u0107 bohaterom Polski.<\/p>\n<p style=\"text-align: justify;\"><strong>Dlaczego warto by\u0107 tego dnia razem?<\/strong><\/p>\n<p style=\"text-align: justify;\">\u015awi\u0119to Wojska Polskiego to nie tylko uroczysto\u015b\u0107, ale przede wszystkim wyraz wdzi\u0119czno\u015bci dla tych, kt\u00f3rzy bronili naszej ojczyzny. To tak\u017ce doskona\u0142a okazja, by mieszka\u0144cy M\u0142awy spotkali si\u0119, zjednoczyli i wsp\u00f3lnie celebrowali warto\u015bci, kt\u00f3re \u0142\u0105cz\u0105 nas jako spo\u0142eczno\u015b\u0107.<\/p>\n<p style=\"text-align: justify;\">Nie przegap tego wa\u017cnego dnia! Do\u0142\u0105cz do nas 15 sierpnia, by razem tworzy\u0107 histori\u0119 i piel\u0119gnowa\u0107 pami\u0119\u0107 o bohaterach.<\/p>\n<p style=\"text-align: justify;\"><strong>Miejsce i czas:<\/strong><\/p>\n<p style=\"text-align: justify;\"><strong>Ko\u015bci\u00f3\u0142 pw. \u015awi\u0119tej Tr\u00f3jcy \u2013 godz. 10:00<\/strong><\/p>\n<p style=\"text-align: justify;\"><strong>Park im. Marsza\u0142ka<\/strong> <strong>J\u00f3zefa Pi\u0142sudskiego \u2013 godz. 11:00<\/strong><\/p>\n<p style=\"text-align: justify;\">B\u0105d\u017amy razem, by uczci\u0107 przesz\u0142o\u015b\u0107 i patrze\u0107 z nadziej\u0105 w przysz\u0142o\u015b\u0107!<\/p>\n<p>\u0179r\u00f3d\u0142o MM\u00a0 Oprac T.B<\/p>\n<p style=\"box-sizing: border-box; margin-top: 0px; margin-bottom: 15px; color: #555555; font-family: Roboto, sans-serif; font-size: 15px; text-align: justify;\"><span style=\"box-sizing: border-box;\">KOMENTARZE<\/span><\/p>\n<p style=\"box-sizing: border-box; margin-top: 0px; margin-bottom: 15px; color: #555555; font-family: Roboto, sans-serif; font-size: 15px; text-align: justify;\"><span style=\"box-sizing: border-box;\">Wydawca portalu nie ponosi odpowiedzialno\u015bci za tre\u015b\u0107 komentarzy zamieszczanych przez u\u017cytkownik\u00f3w. Osoby zamieszczaj\u0105ce wypowiedzi naruszaj\u0105ce prawo lub prawem chronione dobra os\u00f3b trzecich mog\u0105 ponie\u015b\u0107 z tego tytu\u0142u odpowiedzialno\u015b\u0107 karn\u0105 lub cywiln\u0105.JEDNOCZE\u015aNIE UZYTKOWNICY ZAMIESZCZAJ\u0104C KOMENTARZ OSWIADCZAJ\u0104, \u017bE BIOR\u0104 PE\u0141N\u0104 ODPOWIEDZIALNO\u015a\u0106 ZA TRE\u015aCI UMIESZCZONE PRZEZ SIEBIE<\/span><\/p>\n<div style=\"padding-bottom:20px; padding-top:10px;\" class=\"hupso-share-buttons\"><!-- Hupso Share Buttons - https:\/\/www.hupso.com\/share\/ --><a class=\"hupso_pop\" href=\"https:\/\/www.hupso.com\/share\/\"><img decoding=\"async\" data-src=\"http:\/\/static.hupso.com\/share\/buttons\/button100x23.png\" style=\"border:0px; width:100; height: 23; \" alt=\"Share Button\" src=\"data:image\/svg+xml;base64,PHN2ZyB3aWR0aD0iMSIgaGVpZ2h0PSIxIiB4bWxucz0iaHR0cDovL3d3dy53My5vcmcvMjAwMC9zdmciPjwvc3ZnPg==\" class=\"lazyload\" \/><\/a><script type=\"text\/javascript\">var hupso_services=new Array(\"Twitter\",\"Facebook\",\"Pinterest\",\"Linkedin\",\"Tumblr\",\"StumbleUpon\",\"Digg\",\"Reddit\",\"Bebo\",\"Delicious\",\"QZone\",\"Renren\",\"Email\");var hupso_icon_type = \"labels\";var hupso_background=\"#3BF8FF\";var hupso_border=\"#FF2B0A\";var hupso_image_folder_url = \"\";var hupso_url=\"\";var hupso_title=\"M%C5%82awa%20zaprasza%20na%20%C5%9Awi%C4%99to%20Wojska%20Polskiego%20%E2%80%93%20uczcijmy%20razem%20pami%C4%99%C4%87%20bohater%C3%B3w%21\";<\/script><script type=\"text\/javascript\" src=\"http:\/\/static.hupso.com\/share\/js\/share.js\"><\/script><!-- Hupso Share Buttons --><\/div>","protected":false},"excerpt":{"rendered":"<p>W pi\u0105tek, 15 sierpnia 2025 roku, M\u0142awa stanie si\u0119 miejscem wyj\u0105tkowych obchod\u00f3w \u015awi\u0119ta Wojska Polskiego. To czas, by wsp\u00f3lnie odda\u0107 ho\u0142d obro\u0144com Ojczyzny i uczci\u0107 pami\u0119\u0107 o zwyci\u0119stwie w Bitwie&hellip; <\/p>\n<div style=\"padding-bottom:20px; padding-top:10px;\" class=\"hupso-share-buttons\"><!-- Hupso Share Buttons - https:\/\/www.hupso.com\/share\/ --><a class=\"hupso_pop\" href=\"https:\/\/www.hupso.com\/share\/\"><img data-src=\"http:\/\/static.hupso.com\/share\/buttons\/button100x23.png\" style=\"border:0px; width:100; height: 23; \" alt=\"Share Button\" src=\"data:image\/svg+xml;base64,PHN2ZyB3aWR0aD0iMSIgaGVpZ2h0PSIxIiB4bWxucz0iaHR0cDovL3d3dy53My5vcmcvMjAwMC9zdmciPjwvc3ZnPg==\" class=\"lazyload\" \/><\/a><script type=\"text\/javascript\">var hupso_services=new Array(\"Twitter\",\"Facebook\",\"Pinterest\",\"Linkedin\",\"Tumblr\",\"StumbleUpon\",\"Digg\",\"Reddit\",\"Bebo\",\"Delicious\",\"QZone\",\"Renren\",\"Email\");var hupso_icon_type = \"labels\";var hupso_background=\"#3BF8FF\";var hupso_border=\"#FF2B0A\";var hupso_image_folder_url = \"\";var hupso_url=\"\";var hupso_title=\"M%C5%82awa%20zaprasza%20na%20%C5%9Awi%C4%99to%20Wojska%20Polskiego%20%E2%80%93%20uczcijmy%20razem%20pami%C4%99%C4%87%20bohater%C3%B3w%21\";<\/script><script type=\"text\/javascript\" src=\"http:\/\/static.hupso.com\/share\/js\/share.js\"><\/script><!-- Hupso Share Buttons --><\/div>","protected":false},"author":1,"featured_media":8853,"comment_status":"open","ping_status":"open","sticky":false,"template":"","format":"standard","meta":{"_acf_changed":false,"wprm-recipe-roundup-name":"","wprm-recipe-roundup-description":"","footnotes":""},"categories":[19,3,28,6,696],"tags":[],"class_list":["post-8851","post","type-post","status-publish","format-standard","has-post-thumbnail","hentry","category-aktualnosci","category-kultura","category-wyd","category-zapro-szenia","category-zaproszenia"],"acf":[],"amp_enabled":true,"_links":{"self":[{"href":"http:\/\/portalm\u0142awa.pl\/index.php?rest_route=\/wp\/v2\/posts\/8851","targetHints":{"allow":["GET"]}}],"collection":[{"href":"http:\/\/portalm\u0142awa.pl\/index.php?rest_route=\/wp\/v2\/posts"}],"about":[{"href":"http:\/\/portalm\u0142awa.pl\/index.php?rest_route=\/wp\/v2\/types\/post"}],"author":[{"embeddable":true,"href":"http:\/\/portalm\u0142awa.pl\/index.php?rest_route=\/wp\/v2\/users\/1"}],"replies":[{"embeddable":true,"href":"http:\/\/portalm\u0142awa.pl\/index.php?rest_route=%2Fwp%2Fv2%2Fcomments&post=8851"}],"version-history":[{"count":1,"href":"http:\/\/portalm\u0142awa.pl\/index.php?rest_route=\/wp\/v2\/posts\/8851\/revisions"}],"predecessor-version":[{"id":8854,"href":"http:\/\/portalm\u0142awa.pl\/index.php?rest_route=\/wp\/v2\/posts\/8851\/revisions\/8854"}],"wp:featuredmedia":[{"embeddable":true,"href":"http:\/\/portalm\u0142awa.pl\/index.php?rest_route=\/wp\/v2\/media\/8853"}],"wp:attachment":[{"href":"http:\/\/portalm\u0142awa.pl\/index.php?rest_route=%2Fwp%2Fv2%2Fmedia&parent=8851"}],"wp:term":[{"taxonomy":"category","embeddable":true,"href":"http:\/\/portalm\u0142awa.pl\/index.php?rest_route=%2Fwp%2Fv2%2Fcategories&post=8851"},{"taxonomy":"post_tag","embeddable":true,"href":"http:\/\/portalm\u0142awa.pl\/index.php?rest_route=%2Fwp%2Fv2%2Ftags&post=8851"}],"curies":[{"name":"wp","href":"https:\/\/api.w.org\/{rel}","templated":true}]}}