{"id":8883,"date":"2025-08-12T12:00:12","date_gmt":"2025-08-12T10:00:12","guid":{"rendered":"http:\/\/portalm\u0142awa.pl\/?p=8883"},"modified":"2025-08-12T12:13:58","modified_gmt":"2025-08-12T10:13:58","slug":"pocztowki-jak-zamkniete-listy-czasu-przasnysz-otwiera-drzwi-do-duszy-polnocnego-mazowsza","status":"publish","type":"post","link":"http:\/\/portalm\u0142awa.pl\/?p=8883","title":{"rendered":"Poczt\u00f3wki jak zamkni\u0119te listy czasu \u2013 Przasnysz otwiera drzwi do duszy P\u00f3\u0142nocnego Mazowsza"},"content":{"rendered":"<p style=\"text-align: justify;\" data-start=\"98\" data-end=\"435\">Przasnysz, niedziela 10 sierpnia \u2013 dzie\u0144, w kt\u00f3rym zwyk\u0142a przestrze\u0144 muzealna przemieni\u0142a si\u0119 w magiczne przej\u015bcie do przesz\u0142o\u015bci. Wernisa\u017c wystawy <strong data-start=\"246\" data-end=\"281\">\u201ePoczt\u00f3wki P\u00f3\u0142nocnego Mazowsza\u201d<\/strong>, przygotowanej z pasj\u0105 i pieczo\u0142owito\u015bci\u0105 przez Muzeum Historyczne w Przasnyszu oraz Galeri\u0119 \u201e13\u201d z M\u0142awy, okaza\u0142 si\u0119 prawdziw\u0105 uczt\u0105 dla ducha i oczu.<\/p>\n<p style=\"text-align: justify;\" data-start=\"98\" data-end=\"435\"><strong>Magiczne podr\u00f3\u017ce zamkni\u0119te w ma\u0142ych obrazkach<\/strong><\/p>\n<p style=\"text-align: justify;\" data-start=\"437\" data-end=\"774\">Na male\u0144kich prostok\u0105tach papieru spoczywa\u0142y ca\u0142e \u015bwiaty \u2013 miasta, miasteczka i wsie powiat\u00f3w przasnyskiego, m\u0142awskiego, ciechanowskiego, sierpeckiego, makowskiego, pu\u0142tuskiego i p\u0142o\u0144skiego. Ka\u017cda poczt\u00f3wka to jakby oddech dawnych czas\u00f3w, gdzie ulice t\u0119tni\u0142y \u017cyciem, a ludzie pisali listy pe\u0142ne nadziei, t\u0119sknoty i codziennych rado\u015bci.<\/p>\n<p style=\"text-align: justify;\" data-start=\"776\" data-end=\"1054\"><strong>Te niepozorne skrawki papieru<\/strong>, jak male\u0144kie okna do duszy regionu, ukazywa\u0142y <strong>urok minionych dni<\/strong> \u2013 rynek, gdzie gwar rozm\u00f3w miesza\u0142 si\u0119 z dzwonem ko\u015bcielnym; brukowane uliczki, kt\u00f3re pami\u0119ta\u0142y kroki wielu pokole\u0144; krajobrazy, kt\u00f3re dzi\u015b ju\u017c przemin\u0119\u0142y lub zmieni\u0142y swe oblicze.<\/p>\n<p style=\"text-align: justify;\" data-start=\"776\" data-end=\"1054\"><strong>Janusz D\u0119bski \u2013 stra\u017cnik pami\u0119ci i pasjonat historii<\/strong><\/p>\n<p style=\"text-align: justify;\" data-start=\"1056\" data-end=\"1381\">Na szczeg\u00f3ln\u0105 uwag\u0119 zas\u0142uguje niezwyk\u0142y dar serca i ducha \u2013 kolekcja <strong data-start=\"1125\" data-end=\"1146\">Janusza D\u0119bskiego<\/strong>, regionalisty, fotografa, animatora kultury i kolekcjonera z M\u0142awy. To w\u0142a\u015bnie jego pasja i oddanie o\u017cywi\u0142y t\u0119 wystaw\u0119, pozwalaj\u0105c przenie\u015b\u0107 si\u0119 w czasie i zatrzyma\u0107 ulotne chwile, kt\u00f3re bez tych poczt\u00f3wek mog\u0142yby znikn\u0105\u0107 na zawsze.<\/p>\n<p style=\"text-align: justify;\" data-start=\"1056\" data-end=\"1381\"><strong>Muzyka, kt\u00f3ra przemawia do serca<\/strong><\/p>\n<p style=\"text-align: justify;\" data-start=\"1383\" data-end=\"1626\">A gdy s\u0142owa historii ju\u017c opad\u0142y, nasta\u0142a chwila d\u017awi\u0119k\u00f3w \u2013 nastrojowy koncert <strong data-start=\"1461\" data-end=\"1483\">Jacka Mianowskiego<\/strong> i <strong data-start=\"1486\" data-end=\"1506\">Jaros\u0142awa Aftyki<\/strong> otuli\u0142 go\u015bci mi\u0119kk\u0105 mg\u0142\u0105 liryzmu i refleksji, jak pie\u015b\u0144 wys\u0142ana przez wiatr, kt\u00f3ra dotkn\u0119\u0142a najczulszych strun serca.<\/p>\n<p style=\"text-align: justify;\" data-start=\"1383\" data-end=\"1626\"><strong>Zaproszenie do odkrywania przesz\u0142o\u015bci<\/strong><\/p>\n<p style=\"text-align: justify;\" data-start=\"1628\" data-end=\"1848\">Ta niezwyk\u0142a podr\u00f3\u017c przez czas i przestrze\u0144 trwa jeszcze do <strong data-start=\"1688\" data-end=\"1703\">31 sierpnia<\/strong> w Muzeum Historycznym w Przasnyszu. Zapraszamy do odkrywania historii, kt\u00f3ra \u017cyje na papierze, oddychaj\u0105c przesz\u0142o\u015bci\u0105 i szepcz\u0105c przysz\u0142o\u015bci.<\/p>\n<h3 style=\"text-align: justify;\" data-start=\"129\" data-end=\"194\">Najwa\u017cniejsze fakty wystawy \u201ePoczt\u00f3wki P\u00f3\u0142nocnego Mazowsza\u201d<\/h3>\n<ul style=\"text-align: justify;\" data-start=\"196\" data-end=\"1234\">\n<li data-start=\"196\" data-end=\"287\">\n<p data-start=\"198\" data-end=\"287\"><strong data-start=\"198\" data-end=\"219\">Termin i miejsce:<\/strong> niedziela, 10 sierpnia 2025 roku, Muzeum Historyczne w Przasnyszu <strong>do 31 sierpnia<\/strong><\/p>\n<\/li>\n<li data-start=\"288\" data-end=\"342\">\n<p data-start=\"290\" data-end=\"342\"><strong data-start=\"290\" data-end=\"308\">Tytu\u0142 wystawy:<\/strong> \u201ePoczt\u00f3wki P\u00f3\u0142nocnego Mazowsza\u201d<\/p>\n<\/li>\n<li data-start=\"343\" data-end=\"435\">\n<p data-start=\"345\" data-end=\"435\"><strong data-start=\"345\" data-end=\"363\">Organizatorzy:<\/strong> Muzeum Historyczne w Przasnyszu we wsp\u00f3\u0142pracy z Galeri\u0105 \u201e13\u201d w M\u0142awie<\/p>\n<\/li>\n<li data-start=\"436\" data-end=\"592\">\n<p data-start=\"438\" data-end=\"592\"><strong data-start=\"438\" data-end=\"458\">\u0179r\u00f3d\u0142a kolekcji:<\/strong> zbiory Janusza D\u0119bskiego \u2013 regionalisty, fotografa, animatora kultury i kolekcjonera z M\u0142awy oraz Muzeum Historycznego w Przasnyszu<\/p>\n<\/li>\n<li data-start=\"593\" data-end=\"738\">\n<p data-start=\"595\" data-end=\"738\"><strong data-start=\"595\" data-end=\"619\">Zakres geograficzny:<\/strong> poczt\u00f3wki z powiat\u00f3w przasnyskiego, m\u0142awskiego, ciechanowskiego, sierpeckiego, makowskiego, pu\u0142tuskiego i p\u0142o\u0144skiego<\/p>\n<\/li>\n<\/ul>\n<div><\/div>\n<p style=\"text-align: justify;\">Oprac. T.B<\/p>\n<p style=\"text-align: justify;\">KOMENTARZE<\/p>\n<p style=\"text-align: justify;\">Wydawca portalu nie ponosi odpowiedzialno\u015bci za tre\u015b\u0107 komentarzy zamieszczanych przez u\u017cytkownik\u00f3w. Osoby zamieszczaj\u0105ce wypowiedzi naruszaj\u0105ce prawo lub prawem chronione dobra os\u00f3b trzecich mog\u0105 ponie\u015b\u0107 z tego tytu\u0142u odpowiedzialno\u015b\u0107 karn\u0105 lub cywiln\u0105.JEDNOCZE\u015aNIE UZYTKOWNICY ZAMIESZCZAJ\u0104C KOMENTARZ OSWIADCZAJ\u0104, \u017bE BIOR\u0104 PE\u0141N\u0104 ODPOWIEDZIALNO\u015a\u0106 ZA TRE\u015aCI UMIESZCZONE PRZEZ SIEBIE<\/p>\n<p style=\"text-align: justify;\">\n<div style=\"padding-bottom:20px; padding-top:10px;\" class=\"hupso-share-buttons\"><!-- Hupso Share Buttons - https:\/\/www.hupso.com\/share\/ --><a class=\"hupso_pop\" href=\"https:\/\/www.hupso.com\/share\/\"><img decoding=\"async\" data-src=\"http:\/\/static.hupso.com\/share\/buttons\/button100x23.png\" style=\"border:0px; width:100; height: 23; \" alt=\"Share Button\" src=\"data:image\/svg+xml;base64,PHN2ZyB3aWR0aD0iMSIgaGVpZ2h0PSIxIiB4bWxucz0iaHR0cDovL3d3dy53My5vcmcvMjAwMC9zdmciPjwvc3ZnPg==\" class=\"lazyload\" \/><\/a><script type=\"text\/javascript\">var hupso_services=new Array(\"Twitter\",\"Facebook\",\"Pinterest\",\"Linkedin\",\"Tumblr\",\"StumbleUpon\",\"Digg\",\"Reddit\",\"Bebo\",\"Delicious\",\"QZone\",\"Renren\",\"Email\");var hupso_icon_type = \"labels\";var hupso_background=\"#3BF8FF\";var hupso_border=\"#FF2B0A\";var hupso_image_folder_url = \"\";var hupso_url=\"\";var hupso_title=\"Poczt%C3%B3wki%20jak%20zamkni%C4%99te%20listy%20czasu%20%E2%80%93%20Przasnysz%20otwiera%20drzwi%20do%20duszy%20P%C3%B3%C5%82nocnego%20Mazowsza\";<\/script><script type=\"text\/javascript\" src=\"http:\/\/static.hupso.com\/share\/js\/share.js\"><\/script><!-- Hupso Share Buttons --><\/div>","protected":false},"excerpt":{"rendered":"<p>Przasnysz, niedziela 10 sierpnia \u2013 dzie\u0144, w kt\u00f3rym zwyk\u0142a przestrze\u0144 muzealna przemieni\u0142a si\u0119 w magiczne przej\u015bcie do przesz\u0142o\u015bci. Wernisa\u017c wystawy \u201ePoczt\u00f3wki P\u00f3\u0142nocnego Mazowsza\u201d, przygotowanej z pasj\u0105 i pieczo\u0142owito\u015bci\u0105 przez Muzeum&hellip; <\/p>\n<div style=\"padding-bottom:20px; padding-top:10px;\" class=\"hupso-share-buttons\"><!-- Hupso Share Buttons - https:\/\/www.hupso.com\/share\/ --><a class=\"hupso_pop\" href=\"https:\/\/www.hupso.com\/share\/\"><img data-src=\"http:\/\/static.hupso.com\/share\/buttons\/button100x23.png\" style=\"border:0px; width:100; height: 23; \" alt=\"Share Button\" src=\"data:image\/svg+xml;base64,PHN2ZyB3aWR0aD0iMSIgaGVpZ2h0PSIxIiB4bWxucz0iaHR0cDovL3d3dy53My5vcmcvMjAwMC9zdmciPjwvc3ZnPg==\" class=\"lazyload\" \/><\/a><script type=\"text\/javascript\">var hupso_services=new Array(\"Twitter\",\"Facebook\",\"Pinterest\",\"Linkedin\",\"Tumblr\",\"StumbleUpon\",\"Digg\",\"Reddit\",\"Bebo\",\"Delicious\",\"QZone\",\"Renren\",\"Email\");var hupso_icon_type = \"labels\";var hupso_background=\"#3BF8FF\";var hupso_border=\"#FF2B0A\";var hupso_image_folder_url = \"\";var hupso_url=\"\";var hupso_title=\"Poczt%C3%B3wki%20jak%20zamkni%C4%99te%20listy%20czasu%20%E2%80%93%20Przasnysz%20otwiera%20drzwi%20do%20duszy%20P%C3%B3%C5%82nocnego%20Mazowsza\";<\/script><script type=\"text\/javascript\" src=\"http:\/\/static.hupso.com\/share\/js\/share.js\"><\/script><!-- Hupso Share Buttons --><\/div>","protected":false},"author":1,"featured_media":8884,"comment_status":"open","ping_status":"open","sticky":false,"template":"","format":"standard","meta":{"_acf_changed":false,"wprm-recipe-roundup-name":"","wprm-recipe-roundup-description":"","footnotes":""},"categories":[19,3,15,28],"tags":[],"class_list":["post-8883","post","type-post","status-publish","format-standard","has-post-thumbnail","hentry","category-aktualnosci","category-kultura","category-przas-ysz","category-wyd"],"acf":[],"amp_enabled":true,"_links":{"self":[{"href":"http:\/\/portalm\u0142awa.pl\/index.php?rest_route=\/wp\/v2\/posts\/8883","targetHints":{"allow":["GET"]}}],"collection":[{"href":"http:\/\/portalm\u0142awa.pl\/index.php?rest_route=\/wp\/v2\/posts"}],"about":[{"href":"http:\/\/portalm\u0142awa.pl\/index.php?rest_route=\/wp\/v2\/types\/post"}],"author":[{"embeddable":true,"href":"http:\/\/portalm\u0142awa.pl\/index.php?rest_route=\/wp\/v2\/users\/1"}],"replies":[{"embeddable":true,"href":"http:\/\/portalm\u0142awa.pl\/index.php?rest_route=%2Fwp%2Fv2%2Fcomments&post=8883"}],"version-history":[{"count":1,"href":"http:\/\/portalm\u0142awa.pl\/index.php?rest_route=\/wp\/v2\/posts\/8883\/revisions"}],"predecessor-version":[{"id":8895,"href":"http:\/\/portalm\u0142awa.pl\/index.php?rest_route=\/wp\/v2\/posts\/8883\/revisions\/8895"}],"wp:featuredmedia":[{"embeddable":true,"href":"http:\/\/portalm\u0142awa.pl\/index.php?rest_route=\/wp\/v2\/media\/8884"}],"wp:attachment":[{"href":"http:\/\/portalm\u0142awa.pl\/index.php?rest_route=%2Fwp%2Fv2%2Fmedia&parent=8883"}],"wp:term":[{"taxonomy":"category","embeddable":true,"href":"http:\/\/portalm\u0142awa.pl\/index.php?rest_route=%2Fwp%2Fv2%2Fcategories&post=8883"},{"taxonomy":"post_tag","embeddable":true,"href":"http:\/\/portalm\u0142awa.pl\/index.php?rest_route=%2Fwp%2Fv2%2Ftags&post=8883"}],"curies":[{"name":"wp","href":"https:\/\/api.w.org\/{rel}","templated":true}]}}