{"id":8931,"date":"2025-08-13T09:38:14","date_gmt":"2025-08-13T07:38:14","guid":{"rendered":"http:\/\/portalm\u0142awa.pl\/?p=8931"},"modified":"2025-08-13T09:39:20","modified_gmt":"2025-08-13T07:39:20","slug":"ciechanow-chwila-nieuwagi-i-czolowe-zderzenie-z-policyjnym-radiowozem","status":"publish","type":"post","link":"http:\/\/portalm\u0142awa.pl\/?p=8931","title":{"rendered":"Chwila nieuwagi i czo\u0142owe zderzenie z policyjnym radiowozem"},"content":{"rendered":"<p style=\"text-align: justify;\" data-start=\"146\" data-end=\"422\"><strong data-start=\"146\" data-end=\"196\">Ciechan\u00f3w, 11 sierpnia 2025 roku, godz. 16:50. <\/strong><br data-start=\"196\" data-end=\"199\" \/>\u015arodek letniego popo\u0142udnia, ruchliwa ulica 17 Stycznia. Nagle \u2013 huk, pisk opon i d\u017awi\u0119k t\u0142uczonego szk\u0142a. W jednej chwili spokojny rytm miasta przerywa czo\u0142owe zderzenie osobowego audi z oznakowanym policyjnym radiowozem.<\/p>\n<h3 style=\"text-align: justify;\" data-start=\"429\" data-end=\"477\"><strong data-start=\"433\" data-end=\"475\">Sekundy, kt\u00f3re zdecydowa\u0142y o wszystkim<\/strong><\/h3>\n<p style=\"text-align: justify;\" data-start=\"479\" data-end=\"714\">Z ustale\u0144 funkcjonariuszy wynika, \u017ce <strong data-start=\"516\" data-end=\"579\">36-letni kierowca audi, mieszkaniec powiatu ciechanowskiego<\/strong>, straci\u0142 panowanie nad pojazdem. Auto zjecha\u0142o na przeciwleg\u0142y pas ruchu i wprost uderzy\u0142o w jad\u0105cego z naprzeciwka policyjnego ki\u0119.<\/p>\n<p style=\"text-align: justify;\" data-start=\"716\" data-end=\"974\">Za kierownic\u0105 radiowozu siedzia\u0142 <strong data-start=\"749\" data-end=\"796\">29-letni policjant z ciechanowskiej komendy<\/strong>, a obok niego \u2013 jego 27-letni kolega z patrolu. W audi opr\u00f3cz kierowcy podr\u00f3\u017cowa\u0142a <strong data-start=\"880\" data-end=\"916\">38-letnia kobieta i dwoje dzieci<\/strong> \u2013 najm\u0142odsze mia\u0142o zaledwie dwa lata, starsze dziesi\u0119\u0107.<\/p>\n<h3 style=\"text-align: justify;\" data-start=\"981\" data-end=\"1015\"><strong data-start=\"985\" data-end=\"1013\">Szcz\u0119\u015bcie w nieszcz\u0119\u015bciu<\/strong><\/h3>\n<p style=\"text-align: justify;\" data-start=\"1017\" data-end=\"1267\">Cho\u0107 si\u0142a uderzenia by\u0142a znaczna, tym razem oby\u0142o si\u0119 bez tragedii. Nikt nie odni\u00f3s\u0142 powa\u017cniejszych obra\u017ce\u0144, a uczestnicy zdarzenia byli trze\u017awi. Policjanci zabezpieczyli miejsce kolizji, a ruch w tym rejonie na kilkadziesi\u0105t minut by\u0142 spowolniony.<\/p>\n<h3 style=\"text-align: justify;\" data-start=\"1274\" data-end=\"1297\"><strong data-start=\"1278\" data-end=\"1295\">Cena nieuwagi<\/strong><\/h3>\n<p style=\"text-align: justify;\" data-start=\"1299\" data-end=\"1561\">Kierowca audi zosta\u0142 ukarany mandatem w wysoko\u015bci <strong data-start=\"1349\" data-end=\"1360\">1100 z\u0142<\/strong> oraz <strong data-start=\"1366\" data-end=\"1389\">10 punktami karnymi<\/strong>. \u2013 <em data-start=\"1393\" data-end=\"1534\">\u201eTo kolejny przyk\u0142ad na to, \u017ce chwila nieuwagi mo\u017ce sko\u0144czy\u0107 si\u0119 powa\u017cnym zagro\u017ceniem dla \u017cycia i zdrowia. Zw\u0142aszcza gdy w aucie s\u0105 dzieci\u201d<\/em> \u2013 podkre\u015blaj\u0105 mundurowi<\/p>\n<p style=\"text-align: justify;\" data-start=\"1864\" data-end=\"2090\">\ud83d\udccc <strong data-start=\"1867\" data-end=\"1889\">Miejsce zdarzenia:<\/strong> ul. 17 Stycznia, Ciechan\u00f3w<br data-start=\"1916\" data-end=\"1919\" \/>\ud83d\udcc5 <strong data-start=\"1922\" data-end=\"1931\">Data:<\/strong> 11 sierpnia 2025, godz. 16:50<br data-start=\"1961\" data-end=\"1964\" \/>\ud83d\ude94 <strong data-start=\"1967\" data-end=\"1982\">Uczestnicy:<\/strong> Audi \u2013 36-latek, kobieta (38 l.), dwoje dzieci (2 i 10 lat); Radiow\u00f3z Kia \u2013 29-letni i 27-letni policjant<\/p>\n<div>Poasp. Magda Sakowska<\/div>\n<p data-start=\"1864\" data-end=\"2090\"><span style=\"font-family: Verdana,Arial,Helvetica,sans-serif; font-size: small;\">Oficer Prasowy Komendanta Powiatowego Policji w Ciechanowie<\/span><\/p>\n<p data-start=\"1864\" data-end=\"2090\">Oprac.T.B<\/p>\n<p style=\"text-align: justify;\">KOMENTARZE<\/p>\n<p style=\"text-align: justify;\">Wydawca portalu nie ponosi odpowiedzialno\u015bci za tre\u015b\u0107 komentarzy zamieszczanych przez u\u017cytkownik\u00f3w. Osoby zamieszczaj\u0105ce wypowiedzi naruszaj\u0105ce prawo lub prawem chronione dobra os\u00f3b trzecich mog\u0105 ponie\u015b\u0107 z tego tytu\u0142u odpowiedzialno\u015b\u0107 karn\u0105 lub cywiln\u0105.JEDNOCZE\u015aNIE UZYTKOWNICY ZAMIESZCZAJ\u0104C KOMENTARZ OSWIADCZAJ\u0104, \u017bE BIOR\u0104 PE\u0141N\u0104 ODPOWIEDZIALNO\u015a\u0106 ZA TRE\u015aCI UMIESZCZONE PRZEZ SIEBIE<\/p>\n<div style=\"padding-bottom:20px; padding-top:10px;\" class=\"hupso-share-buttons\"><!-- Hupso Share Buttons - https:\/\/www.hupso.com\/share\/ --><a class=\"hupso_pop\" href=\"https:\/\/www.hupso.com\/share\/\"><img decoding=\"async\" data-src=\"http:\/\/static.hupso.com\/share\/buttons\/button100x23.png\" style=\"border:0px; width:100; height: 23; \" alt=\"Share Button\" src=\"data:image\/svg+xml;base64,PHN2ZyB3aWR0aD0iMSIgaGVpZ2h0PSIxIiB4bWxucz0iaHR0cDovL3d3dy53My5vcmcvMjAwMC9zdmciPjwvc3ZnPg==\" class=\"lazyload\" \/><\/a><script type=\"text\/javascript\">var hupso_services=new Array(\"Twitter\",\"Facebook\",\"Pinterest\",\"Linkedin\",\"Tumblr\",\"StumbleUpon\",\"Digg\",\"Reddit\",\"Bebo\",\"Delicious\",\"QZone\",\"Renren\",\"Email\");var hupso_icon_type = \"labels\";var hupso_background=\"#3BF8FF\";var hupso_border=\"#FF2B0A\";var hupso_image_folder_url = \"\";var hupso_url=\"\";var hupso_title=\"Chwila%20nieuwagi%20i%20czo%C5%82owe%20zderzenie%20z%20policyjnym%20radiowozem\";<\/script><script type=\"text\/javascript\" src=\"http:\/\/static.hupso.com\/share\/js\/share.js\"><\/script><!-- Hupso Share Buttons --><\/div>","protected":false},"excerpt":{"rendered":"<p>Ciechan\u00f3w, 11 sierpnia 2025 roku, godz. 16:50. \u015arodek letniego popo\u0142udnia, ruchliwa ulica 17 Stycznia. Nagle \u2013 huk, pisk opon i d\u017awi\u0119k t\u0142uczonego szk\u0142a. W jednej chwili spokojny rytm miasta przerywa&hellip; <\/p>\n<div style=\"padding-bottom:20px; padding-top:10px;\" class=\"hupso-share-buttons\"><!-- Hupso Share Buttons - https:\/\/www.hupso.com\/share\/ --><a class=\"hupso_pop\" href=\"https:\/\/www.hupso.com\/share\/\"><img data-src=\"http:\/\/static.hupso.com\/share\/buttons\/button100x23.png\" style=\"border:0px; width:100; height: 23; \" alt=\"Share Button\" src=\"data:image\/svg+xml;base64,PHN2ZyB3aWR0aD0iMSIgaGVpZ2h0PSIxIiB4bWxucz0iaHR0cDovL3d3dy53My5vcmcvMjAwMC9zdmciPjwvc3ZnPg==\" class=\"lazyload\" \/><\/a><script type=\"text\/javascript\">var hupso_services=new Array(\"Twitter\",\"Facebook\",\"Pinterest\",\"Linkedin\",\"Tumblr\",\"StumbleUpon\",\"Digg\",\"Reddit\",\"Bebo\",\"Delicious\",\"QZone\",\"Renren\",\"Email\");var hupso_icon_type = \"labels\";var hupso_background=\"#3BF8FF\";var hupso_border=\"#FF2B0A\";var hupso_image_folder_url = \"\";var hupso_url=\"\";var hupso_title=\"Chwila%20nieuwagi%20i%20czo%C5%82owe%20zderzenie%20z%20policyjnym%20radiowozem\";<\/script><script type=\"text\/javascript\" src=\"http:\/\/static.hupso.com\/share\/js\/share.js\"><\/script><!-- Hupso Share Buttons --><\/div>","protected":false},"author":1,"featured_media":5280,"comment_status":"open","ping_status":"open","sticky":false,"template":"","format":"standard","meta":{"_acf_changed":false,"wprm-recipe-roundup-name":"","wprm-recipe-roundup-description":"","footnotes":""},"categories":[19,10,5,28],"tags":[],"class_list":["post-8931","post","type-post","status-publish","format-standard","has-post-thumbnail","hentry","category-aktualnosci","category-ciecha-now","category-na-sygnale","category-wyd"],"acf":[],"amp_enabled":true,"_links":{"self":[{"href":"http:\/\/portalm\u0142awa.pl\/index.php?rest_route=\/wp\/v2\/posts\/8931","targetHints":{"allow":["GET"]}}],"collection":[{"href":"http:\/\/portalm\u0142awa.pl\/index.php?rest_route=\/wp\/v2\/posts"}],"about":[{"href":"http:\/\/portalm\u0142awa.pl\/index.php?rest_route=\/wp\/v2\/types\/post"}],"author":[{"embeddable":true,"href":"http:\/\/portalm\u0142awa.pl\/index.php?rest_route=\/wp\/v2\/users\/1"}],"replies":[{"embeddable":true,"href":"http:\/\/portalm\u0142awa.pl\/index.php?rest_route=%2Fwp%2Fv2%2Fcomments&post=8931"}],"version-history":[{"count":2,"href":"http:\/\/portalm\u0142awa.pl\/index.php?rest_route=\/wp\/v2\/posts\/8931\/revisions"}],"predecessor-version":[{"id":8933,"href":"http:\/\/portalm\u0142awa.pl\/index.php?rest_route=\/wp\/v2\/posts\/8931\/revisions\/8933"}],"wp:featuredmedia":[{"embeddable":true,"href":"http:\/\/portalm\u0142awa.pl\/index.php?rest_route=\/wp\/v2\/media\/5280"}],"wp:attachment":[{"href":"http:\/\/portalm\u0142awa.pl\/index.php?rest_route=%2Fwp%2Fv2%2Fmedia&parent=8931"}],"wp:term":[{"taxonomy":"category","embeddable":true,"href":"http:\/\/portalm\u0142awa.pl\/index.php?rest_route=%2Fwp%2Fv2%2Fcategories&post=8931"},{"taxonomy":"post_tag","embeddable":true,"href":"http:\/\/portalm\u0142awa.pl\/index.php?rest_route=%2Fwp%2Fv2%2Ftags&post=8931"}],"curies":[{"name":"wp","href":"https:\/\/api.w.org\/{rel}","templated":true}]}}