{"id":9061,"date":"2025-08-18T10:44:45","date_gmt":"2025-08-18T08:44:45","guid":{"rendered":"http:\/\/portalm\u0142awa.pl\/?p=9061"},"modified":"2025-08-18T10:44:45","modified_gmt":"2025-08-18T08:44:45","slug":"padnie-rekord-niewyplacalnosci-firm-niepokojace-dane","status":"publish","type":"post","link":"http:\/\/portalm\u0142awa.pl\/?p=9061","title":{"rendered":"Padnie rekord niewyp\u0142acalno\u015bci firm? . Niepokoj\u0105ce dane"},"content":{"rendered":"<p style=\"text-align: justify;\"><strong>W pierwszej po\u0142owie 2025 roku ponad 3,7 tysi\u0105ca firm w Polsce og\u0142osi\u0142o niewyp\u0142acalno\u015b\u0107, co stanowi wzrost o 17,7 procent w por\u00f3wnaniu z analogicznym okresem ubieg\u0142ego roku &#8211; wynika z danych firmy Coface. Liczba ta przekracza \u0142\u0105czny wynik za ca\u0142y 2022 rok.<\/strong><\/p>\n<p style=\"text-align: justify;\">Autorzy raportu zauwa\u017cyli, \u017ce sytuacja polskich przedsi\u0119biorstw nadal jest trudna pomimo poprawiaj\u0105cych si\u0119 wska\u017anik\u00f3w makroekonomicznych, np. wzrostu PKB i obni\u017conej inflacji. &#8220;Zjawisko rosn\u0105cej niewyp\u0142acalno\u015bci i restrukturyzacji to naturalny proces gospodarczy. W\u0142a\u015bnie dzi\u0119ki niemu zasoby trafiaj\u0105 do firm, kt\u00f3re s\u0105 lepiej zarz\u0105dzane&#8221; &#8211; zaznaczyli.<\/p>\n<p style=\"text-align: justify;\">&#8220;Rekordowo niska rentowno\u015b\u0107&#8221;<\/p>\n<p style=\"text-align: justify;\">Cytowany w raporcie g\u0142\u00f3wny ekonomista Coface w Polsce i Europie \u015arodkowo-Wschodniej dr Mateusz Dadej oceni\u0142, \u017ce rosn\u0105ce koszty, w tym wysoki udzia\u0142 p\u0142ac w wydatkach w po\u0142\u0105czeniu z trudno\u015bciami w przenoszeniu tych koszt\u00f3w na ceny produkt\u00f3w i us\u0142ug skutkuj\u0105 &#8220;rekordowo nisk\u0105 rentowno\u015bci\u0105&#8221;. &#8220;Wysokie stopy procentowe oraz zmienno\u015b\u0107 cen surowc\u00f3w energetycznych, nap\u0119dzana m.in. konfliktem na Bliskim Wschodzie i wzrostem detalicznych cen paliw o oko\u0142o 8 proc., dodatkowo pogarszaj\u0105 nastroje w\u015br\u00f3d firm prywatnych oraz zwi\u0119kszaj\u0105 koszty operacyjne&#8221; &#8211; doda\u0142 ekspert.<\/p>\n<p style=\"text-align: justify;\">Coface poda\u0142o, \u017ce najwi\u0119cej niewyp\u0142acalno\u015bci w pierwszym p\u00f3\u0142roczu mia\u0142 sektor us\u0142ug &#8211; og\u0142osi\u0142o je 1065 firm, czyli 28 proc. og\u00f3\u0142u. Kolejny jest handel &#8211; 744 firm, czyli 20 proc., oraz sektor budowlany &#8211; 643 firmy, 17 proc. og\u00f3\u0142u. Firma oceni\u0142a, \u017ce bran\u017ca ta jest &#8220;zduszona niskim popytem&#8221; i nie pomaga jej wolny nap\u0142yw unijnych pieni\u0119dzy. Jedynie w rolnictwie niewyp\u0142acalno\u015b\u0107 firm spad\u0142a, tak samo jak w roku ubieg\u0142ym.<\/p>\n<p style=\"text-align: justify;\">Wiceprezes Coface Pawe\u0142 Tobis zwr\u00f3ci\u0142 uwag\u0119, \u017ce co sz\u00f3ste odnotowane post\u0119powanie dotyczy bran\u017cy budowlanej, co oznacza prawie 30-proc. wzrost liczby post\u0119powa\u0144 w rok. &#8211; Ta wysoka dynamika wskazuje, \u017ce sytuacj\u0119 w tym obszarze \u2013 mimo raportowanego w czerwcu odbicia po s\u0142abszych miesi\u0105cach \u2013 nadal nale\u017cy uzna\u0107 za z\u0142o\u017con\u0105 &#8211; stwierdzi\u0142 Tobis.<\/p>\n<p style=\"text-align: justify;\">Doda\u0142, \u017ce bran\u017ca nadal oczekuje na o\u017cywienie, w tym w inwestycjach publicznych, takich jak budownictwo drogowe, kolejowe, energetyka czy sektor obronny.<\/p>\n<p style=\"text-align: justify;\"><strong>Padnie rekord niewyp\u0142acalno\u015bci<\/strong><\/p>\n<p style=\"text-align: justify;\">Eksperci prognozuj\u0105, \u017ce pod koniec tego roku prawdopodobnie padnie kolejny rekord liczby niewyp\u0142acalnych firm, a trend wzrostowy utrzyma si\u0119 w 2026 r. i zbli\u017cy si\u0119 do 6 tys. takich przypadk\u00f3w rocznie.<\/p>\n<p style=\"text-align: justify;\">Dadej wskaza\u0142, \u017ce perspektywy na drug\u0105 po\u0142ow\u0119 tego roku wskazuj\u0105 jednocze\u015bnie na stopniow\u0105 popraw\u0119 kondycji przedsi\u0119biorstw. &#8211; Coraz mniej firm planuje podwy\u017cki wynagrodze\u0144, a porozumienie handlowe mi\u0119dzy Uni\u0105 Europejsk\u0105 a Stanami Zjednoczonymi mo\u017ce zwi\u0119kszy\u0107 przewidywalno\u015b\u0107 globalnej polityki handlowej, cho\u0107 jej efekty mog\u0105 by\u0107 widoczne z op\u00f3\u017anieniem. Dotychczasowe oraz oczekiwane obni\u017cki st\u00f3p procentowych powinny r\u00f3wnie\u017c u\u0142atwi\u0107 przedsi\u0119biorcom dost\u0119p do finansowania oraz zwi\u0119kszy\u0107 atrakcyjno\u015b\u0107 inwestycji &#8211; uwa\u017ca ekspert Coface.<\/p>\n<p style=\"text-align: justify;\">Doda\u0142, \u017ce cho\u0107 wysoki poziom niewyp\u0142acalno\u015bci mo\u017ce budzi\u0107 niepok\u00f3j, to z punktu widzenia efektywno\u015bci gospodarki jest to &#8220;zjawisko po\u017c\u0105dane&#8221;. &#8211; Szczeg\u00f3lnie je\u015bli nie wynika z waha\u0144 koniunkturalnych. Sprawne wchodzenie firm na rynek jest r\u00f3wnie istotne, co ich wychodzenie lub restrukturyzacja w momencie, gdy nie s\u0105 w stanie sprosta\u0107 zmieniaj\u0105cym si\u0119 warunkom gospodarczym &#8211; wskaza\u0142 Dadej.<\/p>\n<p style=\"text-align: justify;\">Coface to firma dzia\u0142aj\u0105ca w sektorze ubezpiecze\u0144 nale\u017cno\u015bci; dzia\u0142a w 160 krajach.<\/p>\n<p style=\"text-align: justify;\">\u0179r\u00f3d\u0142o PAP \/tvn24<\/p>\n<p style=\"text-align: justify;\">KOMENTARZE<\/p>\n<p style=\"text-align: justify;\">Wydawca portalu nie ponosi odpowiedzialno\u015bci za tre\u015b\u0107 komentarzy zamieszczanych przez u\u017cytkownik\u00f3w. Osoby zamieszczaj\u0105ce wypowiedzi naruszaj\u0105ce prawo lub prawem chronione dobra os\u00f3b trzecich mog\u0105 ponie\u015b\u0107 z tego tytu\u0142u odpowiedzialno\u015b\u0107 karn\u0105 lub cywiln\u0105.JEDNOCZE\u015aNIE U\u017bYTKOWNICY ZAMIESZCZAJ\u0104C KOMENTARZ O\u015aWIADCZAJ\u0104, \u017bE BIOR\u0104 PE\u0141N\u0104 ODPOWIEDZIALNO\u015a\u0106 ZA TRE\u015aCI UMIESZCZONE PRZEZ SIEBIE<\/p>\n<div style=\"padding-bottom:20px; padding-top:10px;\" class=\"hupso-share-buttons\"><!-- Hupso Share Buttons - https:\/\/www.hupso.com\/share\/ --><a class=\"hupso_pop\" href=\"https:\/\/www.hupso.com\/share\/\"><img decoding=\"async\" data-src=\"http:\/\/static.hupso.com\/share\/buttons\/button100x23.png\" style=\"border:0px; width:100; height: 23; \" alt=\"Share Button\" src=\"data:image\/svg+xml;base64,PHN2ZyB3aWR0aD0iMSIgaGVpZ2h0PSIxIiB4bWxucz0iaHR0cDovL3d3dy53My5vcmcvMjAwMC9zdmciPjwvc3ZnPg==\" class=\"lazyload\" \/><\/a><script type=\"text\/javascript\">var hupso_services=new Array(\"Twitter\",\"Facebook\",\"Pinterest\",\"Linkedin\",\"Tumblr\",\"StumbleUpon\",\"Digg\",\"Reddit\",\"Bebo\",\"Delicious\",\"QZone\",\"Renren\",\"Email\");var hupso_icon_type = \"labels\";var hupso_background=\"#3BF8FF\";var hupso_border=\"#FF2B0A\";var hupso_image_folder_url = \"\";var hupso_url=\"\";var hupso_title=\"Padnie%20rekord%20niewyp%C5%82acalno%C5%9Bci%20firm%3F%20.%20Niepokoj%C4%85ce%20dane\";<\/script><script type=\"text\/javascript\" src=\"http:\/\/static.hupso.com\/share\/js\/share.js\"><\/script><!-- Hupso Share Buttons --><\/div>","protected":false},"excerpt":{"rendered":"<p>W pierwszej po\u0142owie 2025 roku ponad 3,7 tysi\u0105ca firm w Polsce og\u0142osi\u0142o niewyp\u0142acalno\u015b\u0107, co stanowi wzrost o 17,7 procent w por\u00f3wnaniu z analogicznym okresem ubieg\u0142ego roku &#8211; wynika z danych&hellip; <\/p>\n<div style=\"padding-bottom:20px; padding-top:10px;\" class=\"hupso-share-buttons\"><!-- Hupso Share Buttons - https:\/\/www.hupso.com\/share\/ --><a class=\"hupso_pop\" href=\"https:\/\/www.hupso.com\/share\/\"><img data-src=\"http:\/\/static.hupso.com\/share\/buttons\/button100x23.png\" style=\"border:0px; width:100; height: 23; \" alt=\"Share Button\" src=\"data:image\/svg+xml;base64,PHN2ZyB3aWR0aD0iMSIgaGVpZ2h0PSIxIiB4bWxucz0iaHR0cDovL3d3dy53My5vcmcvMjAwMC9zdmciPjwvc3ZnPg==\" class=\"lazyload\" \/><\/a><script type=\"text\/javascript\">var hupso_services=new Array(\"Twitter\",\"Facebook\",\"Pinterest\",\"Linkedin\",\"Tumblr\",\"StumbleUpon\",\"Digg\",\"Reddit\",\"Bebo\",\"Delicious\",\"QZone\",\"Renren\",\"Email\");var hupso_icon_type = \"labels\";var hupso_background=\"#3BF8FF\";var hupso_border=\"#FF2B0A\";var hupso_image_folder_url = \"\";var hupso_url=\"\";var hupso_title=\"Padnie%20rekord%20niewyp%C5%82acalno%C5%9Bci%20firm%3F%20.%20Niepokoj%C4%85ce%20dane\";<\/script><script type=\"text\/javascript\" src=\"http:\/\/static.hupso.com\/share\/js\/share.js\"><\/script><!-- Hupso Share Buttons --><\/div>","protected":false},"author":1,"featured_media":9062,"comment_status":"open","ping_status":"open","sticky":false,"template":"","format":"standard","meta":{"_acf_changed":false,"wprm-recipe-roundup-name":"","wprm-recipe-roundup-description":"","footnotes":""},"categories":[19,28],"tags":[],"class_list":["post-9061","post","type-post","status-publish","format-standard","has-post-thumbnail","hentry","category-aktualnosci","category-wyd"],"acf":[],"amp_enabled":true,"_links":{"self":[{"href":"http:\/\/portalm\u0142awa.pl\/index.php?rest_route=\/wp\/v2\/posts\/9061","targetHints":{"allow":["GET"]}}],"collection":[{"href":"http:\/\/portalm\u0142awa.pl\/index.php?rest_route=\/wp\/v2\/posts"}],"about":[{"href":"http:\/\/portalm\u0142awa.pl\/index.php?rest_route=\/wp\/v2\/types\/post"}],"author":[{"embeddable":true,"href":"http:\/\/portalm\u0142awa.pl\/index.php?rest_route=\/wp\/v2\/users\/1"}],"replies":[{"embeddable":true,"href":"http:\/\/portalm\u0142awa.pl\/index.php?rest_route=%2Fwp%2Fv2%2Fcomments&post=9061"}],"version-history":[{"count":1,"href":"http:\/\/portalm\u0142awa.pl\/index.php?rest_route=\/wp\/v2\/posts\/9061\/revisions"}],"predecessor-version":[{"id":9063,"href":"http:\/\/portalm\u0142awa.pl\/index.php?rest_route=\/wp\/v2\/posts\/9061\/revisions\/9063"}],"wp:featuredmedia":[{"embeddable":true,"href":"http:\/\/portalm\u0142awa.pl\/index.php?rest_route=\/wp\/v2\/media\/9062"}],"wp:attachment":[{"href":"http:\/\/portalm\u0142awa.pl\/index.php?rest_route=%2Fwp%2Fv2%2Fmedia&parent=9061"}],"wp:term":[{"taxonomy":"category","embeddable":true,"href":"http:\/\/portalm\u0142awa.pl\/index.php?rest_route=%2Fwp%2Fv2%2Fcategories&post=9061"},{"taxonomy":"post_tag","embeddable":true,"href":"http:\/\/portalm\u0142awa.pl\/index.php?rest_route=%2Fwp%2Fv2%2Ftags&post=9061"}],"curies":[{"name":"wp","href":"https:\/\/api.w.org\/{rel}","templated":true}]}}