{"id":9064,"date":"2025-08-18T11:09:57","date_gmt":"2025-08-18T09:09:57","guid":{"rendered":"http:\/\/portalm\u0142awa.pl\/?p=9064"},"modified":"2025-08-18T12:18:12","modified_gmt":"2025-08-18T10:18:12","slug":"swieto-plonow-w-ilowie-osadzie-muzyka-tradycja-i-lokalna-energia-juz-24-sierpnia","status":"publish","type":"post","link":"http:\/\/portalm\u0142awa.pl\/?p=9064","title":{"rendered":"\u015awi\u0119to Plon\u00f3w w I\u0142owie-Osadzie \u2013 muzyka, tradycja i lokalna energia ju\u017c 24 sierpnia!"},"content":{"rendered":"<p style=\"text-align: justify;\"><strong>Ju\u017c w niedziel\u0119, 24 sierpnia 2025 r., Gmina I\u0142owo-Osada zaprasza mieszka\u0144c\u00f3w i go\u015bci na \u015awi\u0119to Plon\u00f3w \u2013 jedno z najbarwniejszych wydarze\u0144 w regionie. Impreza odb\u0119dzie si\u0119 na Gminnym Stadionie Sportowym w I\u0142owie-Osadzie, a program jest tak r\u00f3\u017cnorodny, \u017ce ka\u017cdy znajdzie co\u015b dla siebie.<\/strong><\/p>\n<p style=\"text-align: justify;\"><strong>Muzyka i lokalne zespo\u0142y<\/strong><\/p>\n<p style=\"text-align: justify;\">Festiwal rozpoczn\u0105 uroczysto\u015bci religijne o godzinie 11:00 w parafii pw. Matki Bo\u017cej Kr\u00f3lowej R\u00f3\u017ca\u0144ca \u015awi\u0119tego. O 12:00 wyruszy barwny korow\u00f3d na stadion, kt\u00f3ry wprowadzi wszystkich w festiwalowy klimat.<\/p>\n<p style=\"text-align: justify;\">Scena wype\u0142ni si\u0119 tradycyjnymi d\u017awi\u0119kami i wsp\u00f3\u0142czesnymi rytmami \u2013 wyst\u0105pi\u0105 m.in.:<\/p>\n<p style=\"text-align: justify;\"><strong>Wrzos<\/strong> (15:15) \u2013 lokalny zesp\u00f3\u0142 ludowy, kt\u00f3ry przypomni pi\u0119kno regionalnych melodii,<\/p>\n<p style=\"text-align: justify;\"><strong>Zawkrzanie<\/strong> (13:20) \u2013 ch\u00f3r i zesp\u00f3\u0142 ludowy w barwnych strojach,<\/p>\n<p style=\"text-align: justify;\"><strong>Czarne Chmury<\/strong> (16:00), <strong>Kwestia<\/strong> 07 (17:00), <strong>Spike<\/strong> (18:30), <strong>Joker<\/strong> (19:30), <strong>Focus<\/strong> (21:00) oraz <strong>Justyna Lubas<\/strong> (22:00).<\/p>\n<p style=\"text-align: justify;\">\u00a0<strong>Tradycja i konkursy<\/strong><\/p>\n<p style=\"text-align: justify;\">W programie przewidziano tak\u017ce Konkurs na Najpi\u0119kniejszy Wianek (14:30) oraz pocz\u0119stunek przygotowany przez so\u0142ectwa i Ko\u0142a Gospody\u0144 Wiejskich. Organizatorzy zapewniaj\u0105, \u017ce ka\u017cdy uczestnik poczuje prawdziw\u0105 atmosfer\u0119 do\u017cynek i doceni prac\u0119 lokalnych rolnik\u00f3w.<\/p>\n<p style=\"text-align: justify;\"><strong>Dlaczego warto przyj\u015b\u0107?<\/strong><\/p>\n<p style=\"text-align: justify;\">To nie tylko muzyka i zabawa \u2013 \u015awi\u0119to Plon\u00f3w to spotkanie ca\u0142ej spo\u0142eczno\u015bci, okazja do wsparcia lokalnych tw\u00f3rc\u00f3w i artyst\u00f3w oraz celebracja tradycji rolniczych. Warto przyj\u015b\u0107 z rodzin\u0105, przyjaci\u00f3\u0142mi, a nawet aparatem fotograficznym \u2013 widowiskowy korow\u00f3d i koncerty zapewni\u0105 wiele niezapomnianych moment\u00f3w.<\/p>\n<p style=\"text-align: justify;\"><strong>Szczeg\u00f3\u0142y organizacyjne<\/strong>:<\/p>\n<p style=\"text-align: justify;\"><strong>Data<\/strong>: 24.08.2025<\/p>\n<p style=\"text-align: justify;\"><strong>Miejsce<\/strong>: Gminny Stadion Sportowy w I\u0142owie-Osadzie<\/p>\n<p style=\"text-align: justify;\"><strong>Start: 11:00<\/strong> (Msza \u015bw.), program na stadionie od 12:00<\/p>\n<p style=\"text-align: justify;\"><strong>Organizatorzy:<\/strong> GOKiS I\u0142owo-Osada, Parafia pw. Matki Bo\u017cej Kr\u00f3lowej R\u00f3\u017ca\u0144ca \u015awi\u0119tego, Krajowy O\u015brodek Wsparcia Rolnictwa<\/p>\n<p style=\"text-align: justify;\">Nie przegap jednej z najwa\u017cniejszych imprez plenerowych regionu \u2013 \u015awi\u0119to Plon\u00f3w w I\u0142owie-Osadzie \u0142\u0105czy tradycj\u0119, muzyk\u0119 i lokaln\u0105 wsp\u00f3lnot\u0119 w wyj\u0105tkowy spos\u00f3b.<\/p>\n<p style=\"text-align: justify;\">T.B<\/p>\n<p style=\"text-align: justify;\">KOMENTARZE<\/p>\n<p style=\"text-align: justify;\">Wydawca portalu nie ponosi odpowiedzialno\u015bci za tre\u015b\u0107 komentarzy zamieszczanych przez u\u017cytkownik\u00f3w. Osoby zamieszczaj\u0105ce wypowiedzi naruszaj\u0105ce prawo lub prawem chronione dobra os\u00f3b trzecich mog\u0105 ponie\u015b\u0107 z tego tytu\u0142u odpowiedzialno\u015b\u0107 karn\u0105 lub cywiln\u0105.JEDNOCZE\u015aNIE U\u017bYTKOWNICY ZAMIESZCZAJ\u0104C KOMENTARZ O\u015aWIADCZAJ\u0104, \u017bE BIOR\u0104 PE\u0141N\u0104 ODPOWIEDZIALNO\u015a\u0106 ZA TRE\u015aCI UMIESZCZONE PRZEZ SIEBIE<\/p>\n<div style=\"padding-bottom:20px; padding-top:10px;\" class=\"hupso-share-buttons\"><!-- Hupso Share Buttons - https:\/\/www.hupso.com\/share\/ --><a class=\"hupso_pop\" href=\"https:\/\/www.hupso.com\/share\/\"><img decoding=\"async\" data-src=\"http:\/\/static.hupso.com\/share\/buttons\/button100x23.png\" style=\"border:0px; width:100; height: 23; \" alt=\"Share Button\" src=\"data:image\/svg+xml;base64,PHN2ZyB3aWR0aD0iMSIgaGVpZ2h0PSIxIiB4bWxucz0iaHR0cDovL3d3dy53My5vcmcvMjAwMC9zdmciPjwvc3ZnPg==\" class=\"lazyload\" \/><\/a><script type=\"text\/javascript\">var hupso_services=new Array(\"Twitter\",\"Facebook\",\"Pinterest\",\"Linkedin\",\"Tumblr\",\"StumbleUpon\",\"Digg\",\"Reddit\",\"Bebo\",\"Delicious\",\"QZone\",\"Renren\",\"Email\");var hupso_icon_type = \"labels\";var hupso_background=\"#3BF8FF\";var hupso_border=\"#FF2B0A\";var hupso_image_folder_url = \"\";var hupso_url=\"\";var hupso_title=\"%C5%9Awi%C4%99to%20Plon%C3%B3w%20w%20I%C5%82owie-Osadzie%20%E2%80%93%20muzyka%2C%20tradycja%20i%20lokalna%20energia%20ju%C5%BC%2024%20sierpnia%21\";<\/script><script type=\"text\/javascript\" src=\"http:\/\/static.hupso.com\/share\/js\/share.js\"><\/script><!-- Hupso Share Buttons --><\/div>","protected":false},"excerpt":{"rendered":"<p>Ju\u017c w niedziel\u0119, 24 sierpnia 2025 r., Gmina I\u0142owo-Osada zaprasza mieszka\u0144c\u00f3w i go\u015bci na \u015awi\u0119to Plon\u00f3w \u2013 jedno z najbarwniejszych wydarze\u0144 w regionie. Impreza odb\u0119dzie si\u0119 na Gminnym Stadionie Sportowym&hellip; <\/p>\n<div style=\"padding-bottom:20px; padding-top:10px;\" class=\"hupso-share-buttons\"><!-- Hupso Share Buttons - https:\/\/www.hupso.com\/share\/ --><a class=\"hupso_pop\" href=\"https:\/\/www.hupso.com\/share\/\"><img data-src=\"http:\/\/static.hupso.com\/share\/buttons\/button100x23.png\" style=\"border:0px; width:100; height: 23; \" alt=\"Share Button\" src=\"data:image\/svg+xml;base64,PHN2ZyB3aWR0aD0iMSIgaGVpZ2h0PSIxIiB4bWxucz0iaHR0cDovL3d3dy53My5vcmcvMjAwMC9zdmciPjwvc3ZnPg==\" class=\"lazyload\" \/><\/a><script type=\"text\/javascript\">var hupso_services=new Array(\"Twitter\",\"Facebook\",\"Pinterest\",\"Linkedin\",\"Tumblr\",\"StumbleUpon\",\"Digg\",\"Reddit\",\"Bebo\",\"Delicious\",\"QZone\",\"Renren\",\"Email\");var hupso_icon_type = \"labels\";var hupso_background=\"#3BF8FF\";var hupso_border=\"#FF2B0A\";var hupso_image_folder_url = \"\";var hupso_url=\"\";var hupso_title=\"%C5%9Awi%C4%99to%20Plon%C3%B3w%20w%20I%C5%82owie-Osadzie%20%E2%80%93%20muzyka%2C%20tradycja%20i%20lokalna%20energia%20ju%C5%BC%2024%20sierpnia%21\";<\/script><script type=\"text\/javascript\" src=\"http:\/\/static.hupso.com\/share\/js\/share.js\"><\/script><!-- Hupso Share Buttons --><\/div>","protected":false},"author":1,"featured_media":9065,"comment_status":"open","ping_status":"open","sticky":false,"template":"","format":"standard","meta":{"_acf_changed":false,"wprm-recipe-roundup-name":"","wprm-recipe-roundup-description":"","footnotes":""},"categories":[19,28],"tags":[],"class_list":["post-9064","post","type-post","status-publish","format-standard","has-post-thumbnail","hentry","category-aktualnosci","category-wyd"],"acf":[],"amp_enabled":true,"_links":{"self":[{"href":"http:\/\/portalm\u0142awa.pl\/index.php?rest_route=\/wp\/v2\/posts\/9064","targetHints":{"allow":["GET"]}}],"collection":[{"href":"http:\/\/portalm\u0142awa.pl\/index.php?rest_route=\/wp\/v2\/posts"}],"about":[{"href":"http:\/\/portalm\u0142awa.pl\/index.php?rest_route=\/wp\/v2\/types\/post"}],"author":[{"embeddable":true,"href":"http:\/\/portalm\u0142awa.pl\/index.php?rest_route=\/wp\/v2\/users\/1"}],"replies":[{"embeddable":true,"href":"http:\/\/portalm\u0142awa.pl\/index.php?rest_route=%2Fwp%2Fv2%2Fcomments&post=9064"}],"version-history":[{"count":1,"href":"http:\/\/portalm\u0142awa.pl\/index.php?rest_route=\/wp\/v2\/posts\/9064\/revisions"}],"predecessor-version":[{"id":9066,"href":"http:\/\/portalm\u0142awa.pl\/index.php?rest_route=\/wp\/v2\/posts\/9064\/revisions\/9066"}],"wp:featuredmedia":[{"embeddable":true,"href":"http:\/\/portalm\u0142awa.pl\/index.php?rest_route=\/wp\/v2\/media\/9065"}],"wp:attachment":[{"href":"http:\/\/portalm\u0142awa.pl\/index.php?rest_route=%2Fwp%2Fv2%2Fmedia&parent=9064"}],"wp:term":[{"taxonomy":"category","embeddable":true,"href":"http:\/\/portalm\u0142awa.pl\/index.php?rest_route=%2Fwp%2Fv2%2Fcategories&post=9064"},{"taxonomy":"post_tag","embeddable":true,"href":"http:\/\/portalm\u0142awa.pl\/index.php?rest_route=%2Fwp%2Fv2%2Ftags&post=9064"}],"curies":[{"name":"wp","href":"https:\/\/api.w.org\/{rel}","templated":true}]}}