{"id":9069,"date":"2025-08-18T12:33:16","date_gmt":"2025-08-18T10:33:16","guid":{"rendered":"http:\/\/portalm\u0142awa.pl\/?p=9069"},"modified":"2025-08-18T12:34:14","modified_gmt":"2025-08-18T10:34:14","slug":"bezpieczny-dlugi-weekend-na-drogach-powiatu-mlawskiego-policja-podsumowuje-dzialania","status":"publish","type":"post","link":"http:\/\/portalm\u0142awa.pl\/?p=9069","title":{"rendered":"Bezpieczny d\u0142ugi weekend na drogach powiatu m\u0142awskiego \u2013 policja podsumowuje dzia\u0142ania"},"content":{"rendered":"<div style=\"color: #2c2f45; font-family: Verdana, Arial, Helvetica, sans-serif; font-size: small; text-align: justify;\"><strong style=\"font-family: Arial, Helvetica, sans-serif; font-size: 13.2px; word-spacing: 1.92px;\">Podczas d\u0142ugiego sierpniowego weekendu, m\u0142awscy policjanci prowadzili wzmo\u017cone dzia\u0142ania prewencyjne, ukierunkowane na popraw\u0119 bezpiecze\u0144stwa uczestnik\u00f3w ruchu drogowego. Jak podkre\u015blaj\u0105 funkcjonariusze, dzi\u0119ki odpowiedzialnym postawom kierowc\u00f3w oraz skutecznym kontrolom, na terenie powiatu m\u0142awskiego nie dosz\u0142o do \u017cadnego powa\u017cnego wypadku drogowego.<\/strong><\/div>\n<div style=\"color: #2c2f45; font-family: Verdana, Arial, Helvetica, sans-serif; font-size: small;\">\n<article class=\"gwp725ca0c3_txt\" style=\"font-size: 12px; line-height: 18px; word-spacing: 0.16em; padding: 0px; margin: 0px; position: relative; font-family: Arial, Helvetica, sans-serif;\">\n<p style=\"text-align: justify;\">Nie oby\u0142o si\u0119 jednak bez interwencji wobec kieruj\u0105cych, kt\u00f3rzy zdecydowali si\u0119 prowadzi\u0107 pojazdy pod wp\u0142ywem alkoholu. W trakcie d\u0142ugiego weekendu, policjanci zatrzymali dw\u00f3ch nietrze\u017awych kierowc\u00f3w. Jeden z nich mia\u0142 w organizmie ponad 3 promile alkoholu! Obaj m\u0119\u017cczy\u017ani us\u0142yszeli ju\u017c zarzuty \u2013 za swoje zachowanie odpowiedz\u0105 przed s\u0105dem. Grozi im wysoka grzywna, zakaz prowadzenia pojazd\u00f3w oraz kara do 3 lat pozbawienia wolno\u015bci.<\/p>\n<p style=\"text-align: justify;\">W ramach dzia\u0142a\u0144 kontrolnych, funkcjonariusze ruchu drogowego skontrolowali stan trze\u017awo\u015bci ponad 400 kierowc\u00f3w.<\/p>\n<p style=\"text-align: justify;\">W ci\u0105gu trzech ostatnich dni, najcz\u0119\u015bciej ujawnianym wykroczeniem by\u0142o przekraczanie dozwolonej pr\u0119dko\u015bci \u2013 niestety r\u00f3wnie\u017c w rejonie przej\u015b\u0107 dla pieszych. Policjanci zatrzymali dw\u00f3ch kieruj\u0105cych, kt\u00f3rzy jechali w terenie zabudowanym z pr\u0119dko\u015bci\u0105 ponad 100 km\/h. Takie zachowania stwarzaj\u0105 szczeg\u00f3lne zagro\u017cenie dla innych uczestnik\u00f3w ruchu i spotka\u0142y si\u0119 ze stanowcz\u0105 reakcj\u0105 mundurowych.<\/p>\n<p style=\"text-align: justify;\">Okres wakacyjny trwa, a ruch na drogach powiatu nie maleje. Policjanci zapowiadaj\u0105 dalsze, wzmo\u017cone kontrole \u2013 obejm\u0105 one nie tylko kierowc\u00f3w samochod\u00f3w i motocykli, ale r\u00f3wnie\u017c u\u017cytkownik\u00f3w hulajn\u00f3g elektrycznych. M\u0142awscy policjanci apeluj\u0105 do wszystkich uczestnik\u00f3w ruchu drogowego o rozwag\u0119, przestrzeganie przepis\u00f3w oraz wzajemny szacunek na drodze. Dzi\u0119ki odpowiedzialnym postawom ka\u017cdy mo\u017ce przyczyni\u0107 si\u0119 do zwi\u0119kszenia bezpiecze\u0144stwa podczas wakacyjnych podr\u00f3\u017cy.<\/p>\n<p style=\"text-align: justify;\">asp.szt. Anna Paw\u0142owska<\/p>\n<p style=\"box-sizing: border-box; margin-top: 0px; margin-bottom: 15px; color: #555555; font-family: Roboto, sans-serif; font-size: 15px; word-spacing: 0px; text-align: justify;\">KOMENTARZE<\/p>\n<p style=\"box-sizing: border-box; margin-top: 0px; margin-bottom: 15px; color: #555555; font-family: Roboto, sans-serif; font-size: 15px; word-spacing: 0px; text-align: justify;\">Wydawca portalu nie ponosi odpowiedzialno\u015bci za tre\u015b\u0107 komentarzy zamieszczanych przez u\u017cytkownik\u00f3w. Osoby zamieszczaj\u0105ce wypowiedzi naruszaj\u0105ce prawo lub prawem chronione dobra os\u00f3b trzecich mog\u0105 ponie\u015b\u0107 z tego tytu\u0142u odpowiedzialno\u015b\u0107 karn\u0105 lub cywiln\u0105.JEDNOCZE\u015aNIE U\u017bYTKOWNICY ZAMIESZCZAJ\u0104C KOMENTARZ O\u015aWIADCZAJ\u0104, \u017bE BIOR\u0104 PE\u0141N\u0104 ODPOWIEDZIALNO\u015a\u0106 ZA TRE\u015aCI UMIESZCZONE PRZEZ SIEBIE<\/p>\n<\/article>\n<\/div>\n<div style=\"padding-bottom:20px; padding-top:10px;\" class=\"hupso-share-buttons\"><!-- Hupso Share Buttons - https:\/\/www.hupso.com\/share\/ --><a class=\"hupso_pop\" href=\"https:\/\/www.hupso.com\/share\/\"><img decoding=\"async\" data-src=\"http:\/\/static.hupso.com\/share\/buttons\/button100x23.png\" style=\"border:0px; width:100; height: 23; \" alt=\"Share Button\" src=\"data:image\/svg+xml;base64,PHN2ZyB3aWR0aD0iMSIgaGVpZ2h0PSIxIiB4bWxucz0iaHR0cDovL3d3dy53My5vcmcvMjAwMC9zdmciPjwvc3ZnPg==\" class=\"lazyload\" \/><\/a><script type=\"text\/javascript\">var hupso_services=new Array(\"Twitter\",\"Facebook\",\"Pinterest\",\"Linkedin\",\"Tumblr\",\"StumbleUpon\",\"Digg\",\"Reddit\",\"Bebo\",\"Delicious\",\"QZone\",\"Renren\",\"Email\");var hupso_icon_type = \"labels\";var hupso_background=\"#3BF8FF\";var hupso_border=\"#FF2B0A\";var hupso_image_folder_url = \"\";var hupso_url=\"\";var hupso_title=\"Bezpieczny%20d%C5%82ugi%20weekend%20na%20drogach%20powiatu%20m%C5%82awskiego%20%E2%80%93%20policja%20podsumowuje%20dzia%C5%82ania\";<\/script><script type=\"text\/javascript\" src=\"http:\/\/static.hupso.com\/share\/js\/share.js\"><\/script><!-- Hupso Share Buttons --><\/div>","protected":false},"excerpt":{"rendered":"<p>Podczas d\u0142ugiego sierpniowego weekendu, m\u0142awscy policjanci prowadzili wzmo\u017cone dzia\u0142ania prewencyjne, ukierunkowane na popraw\u0119 bezpiecze\u0144stwa uczestnik\u00f3w ruchu drogowego. Jak podkre\u015blaj\u0105 funkcjonariusze, dzi\u0119ki odpowiedzialnym postawom kierowc\u00f3w oraz skutecznym kontrolom, na terenie powiatu&hellip; <\/p>\n<div style=\"padding-bottom:20px; padding-top:10px;\" class=\"hupso-share-buttons\"><!-- Hupso Share Buttons - https:\/\/www.hupso.com\/share\/ --><a class=\"hupso_pop\" href=\"https:\/\/www.hupso.com\/share\/\"><img data-src=\"http:\/\/static.hupso.com\/share\/buttons\/button100x23.png\" style=\"border:0px; width:100; height: 23; \" alt=\"Share Button\" src=\"data:image\/svg+xml;base64,PHN2ZyB3aWR0aD0iMSIgaGVpZ2h0PSIxIiB4bWxucz0iaHR0cDovL3d3dy53My5vcmcvMjAwMC9zdmciPjwvc3ZnPg==\" class=\"lazyload\" \/><\/a><script type=\"text\/javascript\">var hupso_services=new Array(\"Twitter\",\"Facebook\",\"Pinterest\",\"Linkedin\",\"Tumblr\",\"StumbleUpon\",\"Digg\",\"Reddit\",\"Bebo\",\"Delicious\",\"QZone\",\"Renren\",\"Email\");var hupso_icon_type = \"labels\";var hupso_background=\"#3BF8FF\";var hupso_border=\"#FF2B0A\";var hupso_image_folder_url = \"\";var hupso_url=\"\";var hupso_title=\"Bezpieczny%20d%C5%82ugi%20weekend%20na%20drogach%20powiatu%20m%C5%82awskiego%20%E2%80%93%20policja%20podsumowuje%20dzia%C5%82ania\";<\/script><script type=\"text\/javascript\" src=\"http:\/\/static.hupso.com\/share\/js\/share.js\"><\/script><!-- Hupso Share Buttons --><\/div>","protected":false},"author":1,"featured_media":173,"comment_status":"open","ping_status":"open","sticky":false,"template":"","format":"standard","meta":{"_acf_changed":false,"wprm-recipe-roundup-name":"","wprm-recipe-roundup-description":"","footnotes":""},"categories":[19,5,28],"tags":[],"class_list":["post-9069","post","type-post","status-publish","format-standard","has-post-thumbnail","hentry","category-aktualnosci","category-na-sygnale","category-wyd"],"acf":[],"amp_enabled":true,"_links":{"self":[{"href":"http:\/\/portalm\u0142awa.pl\/index.php?rest_route=\/wp\/v2\/posts\/9069","targetHints":{"allow":["GET"]}}],"collection":[{"href":"http:\/\/portalm\u0142awa.pl\/index.php?rest_route=\/wp\/v2\/posts"}],"about":[{"href":"http:\/\/portalm\u0142awa.pl\/index.php?rest_route=\/wp\/v2\/types\/post"}],"author":[{"embeddable":true,"href":"http:\/\/portalm\u0142awa.pl\/index.php?rest_route=\/wp\/v2\/users\/1"}],"replies":[{"embeddable":true,"href":"http:\/\/portalm\u0142awa.pl\/index.php?rest_route=%2Fwp%2Fv2%2Fcomments&post=9069"}],"version-history":[{"count":1,"href":"http:\/\/portalm\u0142awa.pl\/index.php?rest_route=\/wp\/v2\/posts\/9069\/revisions"}],"predecessor-version":[{"id":9070,"href":"http:\/\/portalm\u0142awa.pl\/index.php?rest_route=\/wp\/v2\/posts\/9069\/revisions\/9070"}],"wp:featuredmedia":[{"embeddable":true,"href":"http:\/\/portalm\u0142awa.pl\/index.php?rest_route=\/wp\/v2\/media\/173"}],"wp:attachment":[{"href":"http:\/\/portalm\u0142awa.pl\/index.php?rest_route=%2Fwp%2Fv2%2Fmedia&parent=9069"}],"wp:term":[{"taxonomy":"category","embeddable":true,"href":"http:\/\/portalm\u0142awa.pl\/index.php?rest_route=%2Fwp%2Fv2%2Fcategories&post=9069"},{"taxonomy":"post_tag","embeddable":true,"href":"http:\/\/portalm\u0142awa.pl\/index.php?rest_route=%2Fwp%2Fv2%2Ftags&post=9069"}],"curies":[{"name":"wp","href":"https:\/\/api.w.org\/{rel}","templated":true}]}}