{"id":9119,"date":"2025-08-19T10:00:01","date_gmt":"2025-08-19T08:00:01","guid":{"rendered":"http:\/\/portalm\u0142awa.pl\/?p=9119"},"modified":"2025-08-19T10:02:40","modified_gmt":"2025-08-19T08:02:40","slug":"ukrainiec-podejrzany-o-zabicie-brata-zostal-zatrzymany","status":"publish","type":"post","link":"http:\/\/portalm\u0142awa.pl\/?p=9119","title":{"rendered":"Ukrainiec podejrzany o zabicie brata zosta\u0142 zatrzymany"},"content":{"rendered":"<p style=\"text-align: justify;\"><strong>31-letni obywatel Ukrainy zatrzymany przez paj\u0119cza\u0144skich policjant\u00f3w sp\u0119dzi w areszcie najbli\u017csze miesi\u0105ce. Jest podejrzanym o zab\u00f3jstwo swojego brata. Zebrany przez policjant\u00f3w obszerny materia\u0142 dowodowy da\u0142 podstaw\u0119 do przedstawienia m\u0119\u017cczy\u017anie zarzutu, a s\u0105d podj\u0105\u0142 decyzj\u0119 o jego tymczasowym aresztowaniu. Teraz mo\u017ce mu grozi\u0107 nawet do\u017cywocie.<\/strong><\/p>\n<p style=\"text-align: justify;\">15 sierpnia 2025 roku oko\u0142o godziny 22.30 do dy\u017curnego paj\u0119cza\u0144skiej komendy wp\u0142yn\u0119\u0142o zg\u0142oszenie o m\u0119\u017cczy\u017anie, kt\u00f3ry zosta\u0142 znaleziony pod jednym z blok\u00f3w mieszkalnych w Paj\u0119cznie. Na miejsce skierowani zostali policjanci. Przyby\u0142y na miejsce lekarz stwierdzi\u0142 zgon m\u0119\u017cczyzny. Wst\u0119pnie ustalono, \u017ce 24-latek najprawdopodobniej wypad\u0142 z okna mieszkania znajduj\u0105cego si\u0119 na 4 pi\u0119trze budynku. Do wyja\u015bnienia zatrzymano 31-letniego obywatela Ukrainy przebywaj\u0105cego w tym samym mieszkaniu. W chwili zatrzymania by\u0142 nietrze\u017awy. Pracuj\u0105cy na miejscu policjanci wykonali szereg czynno\u015bci oraz szczeg\u00f3\u0142owe ogl\u0119dziny z udzia\u0142em prokuratora. Ustalili \u015bwiadk\u00f3w, wykonali szereg dzia\u0142a\u0144 maj\u0105cych przyczyni\u0107 si\u0119 do odtworzenia przebiegu tego zdarzenia i zabezpieczyli obszerny materia\u0142 dowodowy. Wyt\u0119\u017cona praca i analiza zebranego materia\u0142u oraz wsp\u00f3\u0142praca z funkcjonariuszami z Komendy Wojew\u00f3dzkiej Policji w \u0141odzi doprowadzi\u0142y do przedstawienia zatrzymanemu m\u0119\u017cczy\u017anie zarzutu zab\u00f3jstwa swojego 24\u2013letniego brata. Na wniosek prokuratury decyzj\u0105 s\u0105du zosta\u0142 tymczasowo aresztowany na 3 miesi\u0105ce. Mo\u017ce mu grozi\u0107 kara nawet do\u017cywotniego pozbawienia wolno\u015bci.<\/p>\n<p style=\"text-align: justify;\">nadkomisarz Artur Stachera fot. Policja<\/p>\n<p>KOMENTARZE<\/p>\n<p>&nbsp;<\/p>\n<p>Wydawca portalu nie ponosi odpowiedzialno\u015bci za tre\u015b\u0107 komentarzy zamieszczanych przez u\u017cytkownik\u00f3w. Osoby zamieszczaj\u0105ce wypowiedzi naruszaj\u0105ce prawo lub prawem chronione dobra os\u00f3b trzecich mog\u0105 ponie\u015b\u0107 z tego tytu\u0142u odpowiedzialno\u015b\u0107 karn\u0105 lub cywiln\u0105.JEDNOCZE\u015aNIE U\u017bYTKOWNICY ZAMIESZCZAJ\u0104C KOMENTARZ O\u015aWIADCZAJ\u0104, \u017bE BIOR\u0104 PE\u0141N\u0104 ODPOWIEDZIALNO\u015a\u0106 ZA TRE\u015aCI UMIESZCZONE PRZEZ SIEBIE<\/p>\n<div style=\"padding-bottom:20px; padding-top:10px;\" class=\"hupso-share-buttons\"><!-- Hupso Share Buttons - https:\/\/www.hupso.com\/share\/ --><a class=\"hupso_pop\" href=\"https:\/\/www.hupso.com\/share\/\"><img decoding=\"async\" data-src=\"http:\/\/static.hupso.com\/share\/buttons\/button100x23.png\" style=\"border:0px; width:100; height: 23; \" alt=\"Share Button\" src=\"data:image\/svg+xml;base64,PHN2ZyB3aWR0aD0iMSIgaGVpZ2h0PSIxIiB4bWxucz0iaHR0cDovL3d3dy53My5vcmcvMjAwMC9zdmciPjwvc3ZnPg==\" class=\"lazyload\" \/><\/a><script type=\"text\/javascript\">var hupso_services=new Array(\"Twitter\",\"Facebook\",\"Pinterest\",\"Linkedin\",\"Tumblr\",\"StumbleUpon\",\"Digg\",\"Reddit\",\"Bebo\",\"Delicious\",\"QZone\",\"Renren\",\"Email\");var hupso_icon_type = \"labels\";var hupso_background=\"#3BF8FF\";var hupso_border=\"#FF2B0A\";var hupso_image_folder_url = \"\";var hupso_url=\"\";var hupso_title=\"Ukrainiec%20podejrzany%20o%20zabicie%20brata%20zosta%C5%82%20zatrzymany\";<\/script><script type=\"text\/javascript\" src=\"http:\/\/static.hupso.com\/share\/js\/share.js\"><\/script><!-- Hupso Share Buttons --><\/div>","protected":false},"excerpt":{"rendered":"<p>31-letni obywatel Ukrainy zatrzymany przez paj\u0119cza\u0144skich policjant\u00f3w sp\u0119dzi w areszcie najbli\u017csze miesi\u0105ce. Jest podejrzanym o zab\u00f3jstwo swojego brata. Zebrany przez policjant\u00f3w obszerny materia\u0142 dowodowy da\u0142 podstaw\u0119 do przedstawienia m\u0119\u017cczy\u017anie zarzutu,&hellip; <\/p>\n<div style=\"padding-bottom:20px; padding-top:10px;\" class=\"hupso-share-buttons\"><!-- Hupso Share Buttons - https:\/\/www.hupso.com\/share\/ --><a class=\"hupso_pop\" href=\"https:\/\/www.hupso.com\/share\/\"><img data-src=\"http:\/\/static.hupso.com\/share\/buttons\/button100x23.png\" style=\"border:0px; width:100; height: 23; \" alt=\"Share Button\" src=\"data:image\/svg+xml;base64,PHN2ZyB3aWR0aD0iMSIgaGVpZ2h0PSIxIiB4bWxucz0iaHR0cDovL3d3dy53My5vcmcvMjAwMC9zdmciPjwvc3ZnPg==\" class=\"lazyload\" \/><\/a><script type=\"text\/javascript\">var hupso_services=new Array(\"Twitter\",\"Facebook\",\"Pinterest\",\"Linkedin\",\"Tumblr\",\"StumbleUpon\",\"Digg\",\"Reddit\",\"Bebo\",\"Delicious\",\"QZone\",\"Renren\",\"Email\");var hupso_icon_type = \"labels\";var hupso_background=\"#3BF8FF\";var hupso_border=\"#FF2B0A\";var hupso_image_folder_url = \"\";var hupso_url=\"\";var hupso_title=\"Ukrainiec%20podejrzany%20o%20zabicie%20brata%20zosta%C5%82%20zatrzymany\";<\/script><script type=\"text\/javascript\" src=\"http:\/\/static.hupso.com\/share\/js\/share.js\"><\/script><!-- Hupso Share Buttons --><\/div>","protected":false},"author":1,"featured_media":9120,"comment_status":"open","ping_status":"open","sticky":false,"template":"","format":"standard","meta":{"_acf_changed":false,"wprm-recipe-roundup-name":"","wprm-recipe-roundup-description":"","footnotes":""},"categories":[19,5,28],"tags":[],"class_list":["post-9119","post","type-post","status-publish","format-standard","has-post-thumbnail","hentry","category-aktualnosci","category-na-sygnale","category-wyd"],"acf":[],"amp_enabled":true,"_links":{"self":[{"href":"http:\/\/portalm\u0142awa.pl\/index.php?rest_route=\/wp\/v2\/posts\/9119","targetHints":{"allow":["GET"]}}],"collection":[{"href":"http:\/\/portalm\u0142awa.pl\/index.php?rest_route=\/wp\/v2\/posts"}],"about":[{"href":"http:\/\/portalm\u0142awa.pl\/index.php?rest_route=\/wp\/v2\/types\/post"}],"author":[{"embeddable":true,"href":"http:\/\/portalm\u0142awa.pl\/index.php?rest_route=\/wp\/v2\/users\/1"}],"replies":[{"embeddable":true,"href":"http:\/\/portalm\u0142awa.pl\/index.php?rest_route=%2Fwp%2Fv2%2Fcomments&post=9119"}],"version-history":[{"count":1,"href":"http:\/\/portalm\u0142awa.pl\/index.php?rest_route=\/wp\/v2\/posts\/9119\/revisions"}],"predecessor-version":[{"id":9121,"href":"http:\/\/portalm\u0142awa.pl\/index.php?rest_route=\/wp\/v2\/posts\/9119\/revisions\/9121"}],"wp:featuredmedia":[{"embeddable":true,"href":"http:\/\/portalm\u0142awa.pl\/index.php?rest_route=\/wp\/v2\/media\/9120"}],"wp:attachment":[{"href":"http:\/\/portalm\u0142awa.pl\/index.php?rest_route=%2Fwp%2Fv2%2Fmedia&parent=9119"}],"wp:term":[{"taxonomy":"category","embeddable":true,"href":"http:\/\/portalm\u0142awa.pl\/index.php?rest_route=%2Fwp%2Fv2%2Fcategories&post=9119"},{"taxonomy":"post_tag","embeddable":true,"href":"http:\/\/portalm\u0142awa.pl\/index.php?rest_route=%2Fwp%2Fv2%2Ftags&post=9119"}],"curies":[{"name":"wp","href":"https:\/\/api.w.org\/{rel}","templated":true}]}}