{"id":9148,"date":"2025-08-20T09:28:06","date_gmt":"2025-08-20T07:28:06","guid":{"rendered":"http:\/\/portalm\u0142awa.pl\/?p=9148"},"modified":"2025-08-20T09:32:41","modified_gmt":"2025-08-20T07:32:41","slug":"z-mlawy-do-krajowej-elity-nadia-florczakk-w-kadrze-juniorow-mlodszych","status":"publish","type":"post","link":"http:\/\/portalm\u0142awa.pl\/?p=9148","title":{"rendered":"Z M\u0142awy do krajowej elity. Nadia Florczak w kadrze junior\u00f3w m\u0142odszych"},"content":{"rendered":"<p style=\"text-align: justify;\"><strong>To wiadomo\u015b\u0107, kt\u00f3ra elektryzuje lokalny sport:<\/strong> Nadia Florczak zosta\u0142a powo\u0142ana do <strong>Kadry Krajowej Junior\u00f3w M\u0142odszych<\/strong>. Dla p\u0142ywackiego <strong>Marlina M\u0142awa<\/strong> to moment historyczny \u2014 dopiero <strong>druga zawodniczka<\/strong> w dziejach klubu, po <strong>Amelii Butryn<\/strong>, wchodzi na og\u00f3lnopolski poziom szkolenia. Dla miasta i powiatu m\u0142awskiego to dow\u00f3d, \u017ce cierpliwa praca u podstaw potrafi zaprowadzi\u0107 m\u0142ody talent naprawd\u0119 daleko.<\/p>\n<h2 style=\"text-align: justify;\">Powo\u0142anie, kt\u00f3re zmienia perspektyw\u0119<\/h2>\n<p style=\"text-align: justify;\">Dla nastolatki z M\u0142awy to nie tylko presti\u017cowy wpis w sportowym CV. Wej\u015bcie do kadry to <strong>dost\u0119p do najlepszej infrastruktury, konsultacji szkoleniowych i start\u00f3w z najmocniejszymi r\u00f3wie\u015bnikami w kraju<\/strong>. Ka\u017cdy taki mikro-progres \u2014 od techniki, przez wydolno\u015b\u0107, po odporno\u015b\u0107 psychiczn\u0105 \u2014 przek\u0142ada si\u0119 na wyniki i przyspiesza rozw\u00f3j.<\/p>\n<h2 style=\"text-align: justify;\">Marlin M\u0142awa: ma\u0142y klub, wielka konsekwencja<\/h2>\n<p style=\"text-align: justify;\">Sukces Nadii nie wzi\u0105\u0142 si\u0119 znik\u0105d. To efekt <strong>d\u0142ugofalowego szkolenia<\/strong>, codziennej dyscypliny i m\u0105drego zarz\u0105dzania potencja\u0142em m\u0142odych sportowc\u00f3w. Skoro najpierw szlak przetar\u0142a Amelia Butryn, a teraz do\u0142\u0105cza do niej Nadia, mo\u017cemy m\u00f3wi\u0107 o <strong>systemie, nie przypadkach<\/strong>. Marlin buduje mark\u0119 bez fajerwerk\u00f3w \u2014 jednostk\u0105 treningow\u0105 po jednostce, sezon po sezonie.<\/p>\n<h2 style=\"text-align: justify;\">Co to oznacza dla M\u0142awy i powiatu?<\/h2>\n<p style=\"text-align: justify;\">Ka\u017cde powo\u0142anie do kadry narodowej to <strong>wymierna promocja regionu<\/strong>. Nazwa \u201eM\u0142awa\u201d pojawia si\u0119 w komunikatach centralnych, a m\u0142odsi adepci z lokalnych szk\u00f3\u0142ek widz\u0105 realny wzorzec: <strong>tu da si\u0119 urosn\u0105\u0107 do poziomu kadry<\/strong>. To tak\u017ce sygna\u0142 dla samorz\u0105d\u00f3w i partner\u00f3w, \u017ce <strong>inwestycje w baz\u0119 i szkolenie<\/strong> maj\u0105 konkretny, mierzalny zwrot \u2014 sportowy i wizerunkowy.<\/p>\n<h2 style=\"text-align: justify;\">Teraz najwa\u017cniejsze: m\u0105drze wykorzysta\u0107 szans\u0119<\/h2>\n<p style=\"text-align: justify;\">Powo\u0142anie to <strong>start, nie meta<\/strong>. Przed Nadi\u0105 czas intensywnych konsultacji, test\u00f3w i start\u00f3w kontrolnych. Kluczowe b\u0119d\u0105: <strong>zdrowie, systematyczno\u015b\u0107 i regeneracja<\/strong>. Je\u015bli ta uk\u0142adanka zagra, M\u0142awa mo\u017ce zyska\u0107 <strong>reprezentantk\u0119, o kt\u00f3rej us\u0142yszy ca\u0142a sportowa Polska<\/strong>.<\/p>\n<h3 style=\"text-align: justify;\">Najwa\u017cniejsze fakty<\/h3>\n<ul>\n<li style=\"text-align: justify;\"><strong>Bohaterka:<\/strong> <strong>Nadia Florczak<\/strong>\u00a0(Marlin M\u0142awa).<\/li>\n<li style=\"text-align: justify;\"><strong>Wyr\u00f3\u017cnienie:<\/strong> powo\u0142anie do <strong>Kadry Krajowej Junior\u00f3w M\u0142odszych<\/strong>.<\/li>\n<li style=\"text-align: justify;\"><strong>Historyczny kontekst:<\/strong> <strong>druga<\/strong> zawodniczka Marlina po <strong>Amelii Butryn<\/strong> z takim osi\u0105gni\u0119ciem.<\/li>\n<li style=\"text-align: justify;\"><strong>Znaczenie:<\/strong> skok rozwojowy dla zawodniczki i silny impuls dla **M\u0142awy oraz pow<\/li>\n<\/ul>\n<p>T.B fot. Klub P\u0142ywacki Merlin M\u0142awa<\/p>\n<p style=\"box-sizing: border-box; margin-top: 0px; margin-bottom: 15px; color: #555555; font-family: Roboto, sans-serif; font-size: 15px; text-align: justify;\">KOMENTARZE<\/p>\n<p style=\"box-sizing: border-box; margin-top: 0px; margin-bottom: 15px; color: #555555; font-family: Roboto, sans-serif; font-size: 15px; text-align: justify;\">Wydawca portalu nie ponosi odpowiedzialno\u015bci za tre\u015b\u0107 komentarzy zamieszczanych przez u\u017cytkownik\u00f3w. Osoby zamieszczaj\u0105ce wypowiedzi naruszaj\u0105ce prawo lub prawem chronione dobra os\u00f3b trzecich mog\u0105 ponie\u015b\u0107 z tego tytu\u0142u odpowiedzialno\u015b\u0107 karn\u0105 lub cywiln\u0105.JEDNOCZE\u015aNIE U\u017bYTKOWNICY ZAMIESZCZAJ\u0104C KOMENTARZ O\u015aWIADCZAJ\u0104, \u017bE BIOR\u0104 PE\u0141N\u0104 ODPOWIEDZIALNO\u015a\u0106 ZA TRE\u015aCI UMIESZCZONE PRZEZ SIEBIE<\/p>\n<div style=\"padding-bottom:20px; padding-top:10px;\" class=\"hupso-share-buttons\"><!-- Hupso Share Buttons - https:\/\/www.hupso.com\/share\/ --><a class=\"hupso_pop\" href=\"https:\/\/www.hupso.com\/share\/\"><img decoding=\"async\" data-src=\"http:\/\/static.hupso.com\/share\/buttons\/button100x23.png\" style=\"border:0px; width:100; height: 23; \" alt=\"Share Button\" src=\"data:image\/svg+xml;base64,PHN2ZyB3aWR0aD0iMSIgaGVpZ2h0PSIxIiB4bWxucz0iaHR0cDovL3d3dy53My5vcmcvMjAwMC9zdmciPjwvc3ZnPg==\" class=\"lazyload\" \/><\/a><script type=\"text\/javascript\">var hupso_services=new Array(\"Twitter\",\"Facebook\",\"Pinterest\",\"Linkedin\",\"Tumblr\",\"StumbleUpon\",\"Digg\",\"Reddit\",\"Bebo\",\"Delicious\",\"QZone\",\"Renren\",\"Email\");var hupso_icon_type = \"labels\";var hupso_background=\"#3BF8FF\";var hupso_border=\"#FF2B0A\";var hupso_image_folder_url = \"\";var hupso_url=\"\";var hupso_title=\"Z%20M%C5%82awy%20do%20krajowej%20elity.%20Nadia%20Florczak%20w%20kadrze%20junior%C3%B3w%20m%C5%82odszych\";<\/script><script type=\"text\/javascript\" src=\"http:\/\/static.hupso.com\/share\/js\/share.js\"><\/script><!-- Hupso Share Buttons --><\/div>","protected":false},"excerpt":{"rendered":"<p>To wiadomo\u015b\u0107, kt\u00f3ra elektryzuje lokalny sport: Nadia Florczak zosta\u0142a powo\u0142ana do Kadry Krajowej Junior\u00f3w M\u0142odszych. Dla p\u0142ywackiego Marlina M\u0142awa to moment historyczny \u2014 dopiero druga zawodniczka w dziejach klubu, po&hellip; <\/p>\n<div style=\"padding-bottom:20px; padding-top:10px;\" class=\"hupso-share-buttons\"><!-- Hupso Share Buttons - https:\/\/www.hupso.com\/share\/ --><a class=\"hupso_pop\" href=\"https:\/\/www.hupso.com\/share\/\"><img data-src=\"http:\/\/static.hupso.com\/share\/buttons\/button100x23.png\" style=\"border:0px; width:100; height: 23; \" alt=\"Share Button\" src=\"data:image\/svg+xml;base64,PHN2ZyB3aWR0aD0iMSIgaGVpZ2h0PSIxIiB4bWxucz0iaHR0cDovL3d3dy53My5vcmcvMjAwMC9zdmciPjwvc3ZnPg==\" class=\"lazyload\" \/><\/a><script type=\"text\/javascript\">var hupso_services=new Array(\"Twitter\",\"Facebook\",\"Pinterest\",\"Linkedin\",\"Tumblr\",\"StumbleUpon\",\"Digg\",\"Reddit\",\"Bebo\",\"Delicious\",\"QZone\",\"Renren\",\"Email\");var hupso_icon_type = \"labels\";var hupso_background=\"#3BF8FF\";var hupso_border=\"#FF2B0A\";var hupso_image_folder_url = \"\";var hupso_url=\"\";var hupso_title=\"Z%20M%C5%82awy%20do%20krajowej%20elity.%20Nadia%20Florczak%20w%20kadrze%20junior%C3%B3w%20m%C5%82odszych\";<\/script><script type=\"text\/javascript\" src=\"http:\/\/static.hupso.com\/share\/js\/share.js\"><\/script><!-- Hupso Share Buttons --><\/div>","protected":false},"author":1,"featured_media":9149,"comment_status":"open","ping_status":"open","sticky":false,"template":"","format":"standard","meta":{"_acf_changed":false,"wprm-recipe-roundup-name":"","wprm-recipe-roundup-description":"","footnotes":""},"categories":[19,4,28],"tags":[],"class_list":["post-9148","post","type-post","status-publish","format-standard","has-post-thumbnail","hentry","category-aktualnosci","category-spo","category-wyd"],"acf":[],"amp_enabled":true,"_links":{"self":[{"href":"http:\/\/portalm\u0142awa.pl\/index.php?rest_route=\/wp\/v2\/posts\/9148","targetHints":{"allow":["GET"]}}],"collection":[{"href":"http:\/\/portalm\u0142awa.pl\/index.php?rest_route=\/wp\/v2\/posts"}],"about":[{"href":"http:\/\/portalm\u0142awa.pl\/index.php?rest_route=\/wp\/v2\/types\/post"}],"author":[{"embeddable":true,"href":"http:\/\/portalm\u0142awa.pl\/index.php?rest_route=\/wp\/v2\/users\/1"}],"replies":[{"embeddable":true,"href":"http:\/\/portalm\u0142awa.pl\/index.php?rest_route=%2Fwp%2Fv2%2Fcomments&post=9148"}],"version-history":[{"count":3,"href":"http:\/\/portalm\u0142awa.pl\/index.php?rest_route=\/wp\/v2\/posts\/9148\/revisions"}],"predecessor-version":[{"id":9152,"href":"http:\/\/portalm\u0142awa.pl\/index.php?rest_route=\/wp\/v2\/posts\/9148\/revisions\/9152"}],"wp:featuredmedia":[{"embeddable":true,"href":"http:\/\/portalm\u0142awa.pl\/index.php?rest_route=\/wp\/v2\/media\/9149"}],"wp:attachment":[{"href":"http:\/\/portalm\u0142awa.pl\/index.php?rest_route=%2Fwp%2Fv2%2Fmedia&parent=9148"}],"wp:term":[{"taxonomy":"category","embeddable":true,"href":"http:\/\/portalm\u0142awa.pl\/index.php?rest_route=%2Fwp%2Fv2%2Fcategories&post=9148"},{"taxonomy":"post_tag","embeddable":true,"href":"http:\/\/portalm\u0142awa.pl\/index.php?rest_route=%2Fwp%2Fv2%2Ftags&post=9148"}],"curies":[{"name":"wp","href":"https:\/\/api.w.org\/{rel}","templated":true}]}}