{"id":9311,"date":"2025-08-26T08:19:43","date_gmt":"2025-08-26T06:19:43","guid":{"rendered":"http:\/\/portalm\u0142awa.pl\/?p=9311"},"modified":"2025-08-26T08:22:17","modified_gmt":"2025-08-26T06:22:17","slug":"grzebsk-30-sierpnia-2025-przyjdz-zobacz-poczuj-historie-na-wlasnej-skorze","status":"publish","type":"post","link":"http:\/\/portalm\u0142awa.pl\/?p=9311","title":{"rendered":"Grzebsk, piknik historyczny  30 sierpnia 2025 \u2014 Przyjd\u017a, zobacz, poczuj histori\u0119 na w\u0142asnej sk\u00f3rze."},"content":{"rendered":"<p style=\"text-align: justify;\">W t\u0119 sobot\u0119, 30 sierpnia 2025 r., Grzebsk zaprasza na spektakl pami\u0119ci i dumy \u2014 piknik historyczny po\u015bwi\u0119cony Tysi\u0105cleciu Korony Polskiej. To nie b\u0119dzie zwyk\u0142e spotkanie na \u0142onie natury: to dzie\u0144, w kt\u00f3rym miejscowa spo\u0142eczno\u015b\u0107 i go\u015bcie wsp\u00f3lnie odtworz\u0105 fragmenty przesz\u0142o\u015bci, oddadz\u0105 ho\u0142d bohaterom i przypomn\u0105 warto\u015bci, kt\u00f3re buduj\u0105 dzi\u015b nasz\u0105 to\u017csamo\u015b\u0107.<\/p>\n<p style=\"text-align: justify;\">Dzie\u0144 zacznie si\u0119 w ciszy i skupieniu \u2014 o 11:00 w ko\u015bciele pw. \u015bw. Leonarda odprawiona zostanie Msza \u015awi\u0119ta. Po nabo\u017ce\u0144stwie, o 12:00, delegacje i mieszka\u0144cy z\u0142o\u017c\u0105 kwiaty przy obelisku prof. Stanis\u0142awa Grzebskiego oraz na grobie Nieznanego \u017bo\u0142nierza \u2014 gest prosty, a r\u00f3wnocze\u015bnie g\u0142\u0119boki w znaczeniu.<\/p>\n<p style=\"text-align: justify;\">O 12:30 barwny przemarsz poprowadzi uczestnik\u00f3w do miejsca g\u0142\u00f3wnego pikniku przy budynku by\u0142ej Szko\u0142y Podstawowej \u2014 to moment, kiedy ceremonia przejdzie w \u015bwi\u0119to i wsp\u00f3lne spotkanie. Po powitaniu (13:00) publiczno\u015b\u0107 we\u017amie udzia\u0142 w odta\u0144czeniu poloneza (13:30) \u2014 ta tradycja b\u0119dzie sercem uroczysto\u015bci, symbolicznym ta\u0144cem \u0142\u0105cz\u0105cym pokolenia.<\/p>\n<p style=\"text-align: justify;\">Po polonezie zapadn\u0105 s\u0142owa i historie: o 14:00 ksi\u0105dz Jaros\u0142aw Kami\u0144ski poprowadzi seminarium o dziejach Grzebska, a o 14:30 Szczepan Leszczy\u0144ski przedstawi \u017cyciorys prof. Stanis\u0142awa Grzebskiego \u2014 lokalnego bohatera, kt\u00f3rego pami\u0119\u0107 jest dzi\u015b jednym z filar\u00f3w tej inicjatywy.<\/p>\n<p style=\"text-align: justify;\">Po godzinie 15:00 scen\u0119 przejm\u0105 arty\u015bci i rekonstruktorzy. Zesp\u00f3\u0142 Ta\u0144c\u00f3w Historycznych Szlacheckich MDK z Przasnysza przeniesie widz\u00f3w do salon\u00f3w i dwor\u00f3w, by o 15:30 przekaza\u0107 pa\u0142eczk\u0119 Stajni TARPAN i Chor\u0105gwi Rycerstwa Ziemi Ciechanowskiej \u2014 spektakularna inscenizacja i bliski kontakt z dawnym rzemios\u0142em wojennym obiecuj\u0105 niezapomniane wra\u017cenia.<\/p>\n<p style=\"text-align: justify;\">Organizatorzy pami\u0119tali te\u017c o rodzinach: wsp\u00f3lny grill i dmucha\u0144ce dla dzieci zapewni\u0105 swobod\u0119 i zabaw\u0119, a uroczyste zako\u0144czenie zaplanowano na 17:00.<\/p>\n<p style=\"text-align: justify;\">To wydarzenie ma wymiar lokalny i narodowy \u2014 przypomina, \u017ce historia jest bliska, \u017cywa i \u017ce ka\u017cdy z nas mo\u017ce by\u0107 jej wsp\u00f3\u0142tw\u00f3rc\u0105. Przyjd\u017a z rodzin\u0105, we\u017a flag\u0119, pos\u0142uchaj opowie\u015bci i zobacz, jak przesz\u0142o\u015b\u0107 spotyka si\u0119 z tera\u017aniejszo\u015bci\u0105 \u2014 w Grzebsku, w najbli\u017csz\u0105 sobot\u0119.<\/p>\n<hr \/>\n<h3 style=\"text-align: justify;\">Program (skr\u00f3t)<\/h3>\n<ul style=\"text-align: justify;\">\n<li>11:00 Msza \u015awi\u0119ta \u2014 ko\u015bci\u00f3\u0142 pw. \u015bw. Leonarda<\/li>\n<li>12:00 Z\u0142o\u017cenie kwiat\u00f3w: obelisk prof. Stanis\u0142awa Grzebskiego, gr\u00f3b Nieznanego \u017bo\u0142nierza<\/li>\n<li>12:30 Przemarsz na miejsce pikniku (przy by\u0142ej SP w Grzebsku)<\/li>\n<li>13:00 Przywitanie go\u015bci<\/li>\n<li>13:30 Polonez<\/li>\n<li>14:00 Seminarium historyczne \u2014 ks. Jaros\u0142aw Kami\u0144ski<\/li>\n<li>14:30 Prezentacja \u017cyciorysu prof. Stanis\u0142awa Grzebskiego \u2014 Szczepan Leszczy\u0144ski<\/li>\n<li>15:00 Pokaz ta\u0144c\u00f3w \u2014 Zesp\u00f3\u0142 MDK Przasnysz<\/li>\n<li>15:30 Rekonstrukcje \u2014 Stajnia TARPAN i Chor\u0105giew Rycerstwa Ziemi Ciechanowskiej<\/li>\n<li>17:00 Zako\u0144czenie<\/li>\n<\/ul>\n<p style=\"text-align: justify;\">T.B<\/p>\n<p style=\"box-sizing: border-box; margin-top: 0px; margin-bottom: 15px; color: #555555; font-family: Roboto, sans-serif; font-size: 15px; text-align: justify;\">Komentarze<\/p>\n<p style=\"box-sizing: border-box; margin-top: 0px; margin-bottom: 15px; color: #555555; font-family: Roboto, sans-serif; font-size: 15px; text-align: justify;\"><span style=\"box-sizing: border-box;\">Wydawca portalu nie ponosi odpowiedzialno\u015bci za tre\u015b\u0107 komentarzy zamieszczanych przez u\u017cytkownik\u00f3w. Osoby zamieszczaj\u0105ce wypowiedzi naruszaj\u0105ce prawo lub prawem chronione dobra os\u00f3b trzecich mog\u0105 ponie\u015b\u0107 z tego tytu\u0142u odpowiedzialno\u015b\u0107 karn\u0105 lub cywiln\u0105.JEDNOCZE\u015aNIE U\u017bYTKOWNICY ZAMIESZCZAJ\u0104C KOMENTARZ O\u015aWIADCZAJ\u0104, \u017bE BIOR\u0104 PE\u0141N\u0104 ODPOWIEDZIALNO\u015a\u0106 ZA TRE\u015aCI UMIESZCZONE PRZEZ SIEBIE<\/span><\/p>\n<p>&nbsp;<\/p>\n<div style=\"padding-bottom:20px; padding-top:10px;\" class=\"hupso-share-buttons\"><!-- Hupso Share Buttons - https:\/\/www.hupso.com\/share\/ --><a class=\"hupso_pop\" href=\"https:\/\/www.hupso.com\/share\/\"><img decoding=\"async\" data-src=\"http:\/\/static.hupso.com\/share\/buttons\/button100x23.png\" style=\"border:0px; width:100; height: 23; \" alt=\"Share Button\" src=\"data:image\/svg+xml;base64,PHN2ZyB3aWR0aD0iMSIgaGVpZ2h0PSIxIiB4bWxucz0iaHR0cDovL3d3dy53My5vcmcvMjAwMC9zdmciPjwvc3ZnPg==\" class=\"lazyload\" \/><\/a><script type=\"text\/javascript\">var hupso_services=new Array(\"Twitter\",\"Facebook\",\"Pinterest\",\"Linkedin\",\"Tumblr\",\"StumbleUpon\",\"Digg\",\"Reddit\",\"Bebo\",\"Delicious\",\"QZone\",\"Renren\",\"Email\");var hupso_icon_type = \"labels\";var hupso_background=\"#3BF8FF\";var hupso_border=\"#FF2B0A\";var hupso_image_folder_url = \"\";var hupso_url=\"\";var hupso_title=\"Grzebsk%2C%20piknik%20historyczny%20%2030%20sierpnia%202025%20%E2%80%94%20Przyjd%C5%BA%2C%20zobacz%2C%20poczuj%20histori%C4%99%20na%20w%C5%82asnej%20sk%C3%B3rze.\";<\/script><script type=\"text\/javascript\" src=\"http:\/\/static.hupso.com\/share\/js\/share.js\"><\/script><!-- Hupso Share Buttons --><\/div>","protected":false},"excerpt":{"rendered":"<p>W t\u0119 sobot\u0119, 30 sierpnia 2025 r., Grzebsk zaprasza na spektakl pami\u0119ci i dumy \u2014 piknik historyczny po\u015bwi\u0119cony Tysi\u0105cleciu Korony Polskiej. To nie b\u0119dzie zwyk\u0142e spotkanie na \u0142onie natury: to&hellip; <\/p>\n<div style=\"padding-bottom:20px; padding-top:10px;\" class=\"hupso-share-buttons\"><!-- Hupso Share Buttons - https:\/\/www.hupso.com\/share\/ --><a class=\"hupso_pop\" href=\"https:\/\/www.hupso.com\/share\/\"><img data-src=\"http:\/\/static.hupso.com\/share\/buttons\/button100x23.png\" style=\"border:0px; width:100; height: 23; \" alt=\"Share Button\" src=\"data:image\/svg+xml;base64,PHN2ZyB3aWR0aD0iMSIgaGVpZ2h0PSIxIiB4bWxucz0iaHR0cDovL3d3dy53My5vcmcvMjAwMC9zdmciPjwvc3ZnPg==\" class=\"lazyload\" \/><\/a><script type=\"text\/javascript\">var hupso_services=new Array(\"Twitter\",\"Facebook\",\"Pinterest\",\"Linkedin\",\"Tumblr\",\"StumbleUpon\",\"Digg\",\"Reddit\",\"Bebo\",\"Delicious\",\"QZone\",\"Renren\",\"Email\");var hupso_icon_type = \"labels\";var hupso_background=\"#3BF8FF\";var hupso_border=\"#FF2B0A\";var hupso_image_folder_url = \"\";var hupso_url=\"\";var hupso_title=\"Grzebsk%2C%20piknik%20historyczny%20%2030%20sierpnia%202025%20%E2%80%94%20Przyjd%C5%BA%2C%20zobacz%2C%20poczuj%20histori%C4%99%20na%20w%C5%82asnej%20sk%C3%B3rze.\";<\/script><script type=\"text\/javascript\" src=\"http:\/\/static.hupso.com\/share\/js\/share.js\"><\/script><!-- Hupso Share Buttons --><\/div>","protected":false},"author":1,"featured_media":9312,"comment_status":"open","ping_status":"open","sticky":false,"template":"","format":"standard","meta":{"_acf_changed":false,"wprm-recipe-roundup-name":"","wprm-recipe-roundup-description":"","footnotes":""},"categories":[19,3,28,696,6],"tags":[],"class_list":["post-9311","post","type-post","status-publish","format-standard","has-post-thumbnail","hentry","category-aktualnosci","category-kultura","category-wyd","category-zaproszenia","category-zapro-szenia"],"acf":[],"amp_enabled":true,"_links":{"self":[{"href":"http:\/\/portalm\u0142awa.pl\/index.php?rest_route=\/wp\/v2\/posts\/9311","targetHints":{"allow":["GET"]}}],"collection":[{"href":"http:\/\/portalm\u0142awa.pl\/index.php?rest_route=\/wp\/v2\/posts"}],"about":[{"href":"http:\/\/portalm\u0142awa.pl\/index.php?rest_route=\/wp\/v2\/types\/post"}],"author":[{"embeddable":true,"href":"http:\/\/portalm\u0142awa.pl\/index.php?rest_route=\/wp\/v2\/users\/1"}],"replies":[{"embeddable":true,"href":"http:\/\/portalm\u0142awa.pl\/index.php?rest_route=%2Fwp%2Fv2%2Fcomments&post=9311"}],"version-history":[{"count":3,"href":"http:\/\/portalm\u0142awa.pl\/index.php?rest_route=\/wp\/v2\/posts\/9311\/revisions"}],"predecessor-version":[{"id":9315,"href":"http:\/\/portalm\u0142awa.pl\/index.php?rest_route=\/wp\/v2\/posts\/9311\/revisions\/9315"}],"wp:featuredmedia":[{"embeddable":true,"href":"http:\/\/portalm\u0142awa.pl\/index.php?rest_route=\/wp\/v2\/media\/9312"}],"wp:attachment":[{"href":"http:\/\/portalm\u0142awa.pl\/index.php?rest_route=%2Fwp%2Fv2%2Fmedia&parent=9311"}],"wp:term":[{"taxonomy":"category","embeddable":true,"href":"http:\/\/portalm\u0142awa.pl\/index.php?rest_route=%2Fwp%2Fv2%2Fcategories&post=9311"},{"taxonomy":"post_tag","embeddable":true,"href":"http:\/\/portalm\u0142awa.pl\/index.php?rest_route=%2Fwp%2Fv2%2Ftags&post=9311"}],"curies":[{"name":"wp","href":"https:\/\/api.w.org\/{rel}","templated":true}]}}