{"id":9582,"date":"2025-09-03T07:57:09","date_gmt":"2025-09-03T05:57:09","guid":{"rendered":"http:\/\/portalm\u0142awa.pl\/?p=9582"},"modified":"2025-09-03T08:10:41","modified_gmt":"2025-09-03T06:10:41","slug":"tradycje-powiatu-mlawskiego-na-podium-mazowsza-triumf-kgw-podczas-wojewodzkich-dozynek-w-plonsku","status":"publish","type":"post","link":"http:\/\/portalm\u0142awa.pl\/?p=9582","title":{"rendered":"Tradycje Powiatu M\u0142awskiego na podium Mazowsza \u2013 triumf KGW podczas wojew\u00f3dzkich do\u017cynek w P\u0142o\u0144sku"},"content":{"rendered":"<div><\/div>\n<p style=\"text-align: justify;\">W niedziel\u0119, 31 sierpnia 2025 roku, w P\u0142o\u0144sku odby\u0142o si\u0119 jedno z najwa\u017cniejszych wydarze\u0144 rolniczych regionu \u2013 Do\u017cynki Wojew\u00f3dztwa Mazowieckiego i Diecezji P\u0142ockiej. W barwnym \u015bwi\u0119cie plon\u00f3w siln\u0105 i widoczn\u0105 reprezentacj\u0119 mia\u0142 Powiat M\u0142awski, kt\u00f3rego delegacja przyci\u0105ga\u0142a uwag\u0119 nie tylko liczebno\u015bci\u0105, ale przede wszystkim osi\u0105gni\u0119ciami.<\/p>\n<p style=\"text-align: justify;\"><strong>Powiat M\u0142awski w sercu uroczysto\u015bci<\/strong><\/p>\n<p style=\"text-align: justify;\">Delegacji przewodniczy\u0142 Starosta M\u0142awski Witold Okumski wraz z Wicestarost\u0105 Tomaszem Chodubskim. W\u015br\u00f3d obecnych znale\u017ali si\u0119 r\u00f3wnie\u017c w\u00f3jtowie, radni, dyrektorzy wydzia\u0142\u00f3w starostwa oraz mieszka\u0144cy. Nie zabrak\u0142o najwa\u017cniejszych bohater\u00f3w dnia \u2013 cz\u0142onki\u0144 K\u00f3\u0142 Gospody\u0144 Wiejskich, kt\u00f3re wnios\u0142y w obchody do\u017cynek barwy, smak i ducha lokalnych tradycji.<\/p>\n<p style=\"text-align: justify;\">Rol\u0119 Powiatowych Starost\u00f3w Do\u017cynkowych pe\u0142nili Justyna i Dawid Gutkowscy, a symboliczny chleb do\u017cynkowy przygotowa\u0142a Piekarnia-Cukiernia Szczepkowscy. Wieniec reprezentuj\u0105cy powiat, wykonany przez KGW \u201eNiedzborzanie\u201d z Niedzborza, wzbudzi\u0142 podziw jury i publiczno\u015bci.<\/p>\n<p style=\"text-align: justify;\">\u00a0<strong>Wyst\u0119py i lokalne smaki<\/strong><br \/>\nWydarzeniu towarzyszy\u0142y konkursy, pokazy i bogata strefa gastronomiczna. Swoje stoiska wystawi\u0142y ko\u0142a gospody\u0144 wiejskich, tw\u00f3rcy ludowi i lokalni producenci. Dla najm\u0142odszych przygotowano stref\u0119 zabaw z dmucha\u0144cami, karuzelami i animacjami.<\/p>\n<p style=\"text-align: justify;\">Na scenie pojawi\u0142y si\u0119 m.in.:<\/p>\n<p style=\"text-align: justify;\">Zesp\u00f3\u0142 Ludowy Gminy P\u0142o\u0144sk \u201eSWADA\u201d,<br \/>\n\u201eKrajkowiacy\u201d,<br \/>\nZesp\u00f3\u0142 Pie\u015bni i Ta\u0144ca \u201eBandoska\u201d,<br \/>\nch\u00f3r \u201eMagnolia\u201d,<br \/>\nzesp\u00f3\u0142 \u201eEcho Kobiet\u201d,<br \/>\noraz gwiazdy wieczoru: Mazowsze i Micha\u0142 Szczygie\u0142.<\/p>\n<p style=\"text-align: justify;\"><strong>Konkursowe sukcesy KGW Powiatu M\u0142awskiego\u00a0<\/strong><\/p>\n<p style=\"text-align: justify;\">W konkursach towarzysz\u0105cych uroczysto\u015bciom gospodynie z powiatu m\u0142awskiego udowodni\u0142y, \u017ce ich kreatywno\u015b\u0107 i przywi\u0105zanie do tradycji id\u0105 w parze z wysokim poziomem artystycznym.<\/p>\n<p style=\"text-align: justify;\"><strong>KGW \u201eNiedzborzanie\u201d z Niedzborza \u2013 wyr\u00f3\u017cnienie<\/strong> i nagroda pieni\u0119\u017cna w wysoko\u015bci 2 000 z\u0142 za wieniec do\u017cynkowy w presti\u017cowym Mazowieckim Konkursie na Naj\u0142adniejszy Wieniec Do\u017cynkowy.<\/p>\n<p style=\"text-align: justify;\">&#8211; <strong>KGW \u201eNiez\u0142e Zi\u00f3\u0142ka\u201d z Szyd\u0142owa<\/strong> \u2013 <strong>II miejsce<\/strong> i 5 000 z\u0142 w konkursie \u201eKo\u0142o Gospody\u0144 Wiejskich \u2013 wyj\u0105tkowe miejsce, wyj\u0105tkowi ludzie\u201d.<\/p>\n<p style=\"text-align: justify;\"><strong>&#8211; KGW \u201eNa Obcasach\u201d z Lipowca Ko\u015bcielnego<\/strong> \u2013 <strong>V miejsce<\/strong> i 3 000 z\u0142 w tym samym konkursie.<\/p>\n<p style=\"text-align: justify;\">Te nagrody pokazuj\u0105, \u017ce powiat m\u0142awski nie tylko aktywnie uczestniczy w wydarzeniach wojew\u00f3dzkich, ale r\u00f3wnie\u017c potrafi rywalizowa\u0107 na najwy\u017cszym poziomie.<\/p>\n<p style=\"text-align: justify;\"><strong>S\u0142owa uznania i wdzi\u0119czno\u015bci<\/strong><\/p>\n<p style=\"text-align: justify;\">Starosta Witold Okumski w swoim wyst\u0105pieniu podkre\u015bli\u0142, \u017ce sukces K\u00f3\u0142 Gospody\u0144 Wiejskich to nie tylko pow\u00f3d do dumy, ale r\u00f3wnie\u017c \u015bwiadectwo piel\u0119gnowania dziedzictwa kulturowego. \u2013 \u201eWasza dzia\u0142alno\u015b\u0107 to nieoceniony wk\u0142ad w rozw\u00f3j lokalnych tradycji, budowanie wsp\u00f3lnoty i promocj\u0119 Powiatu M\u0142awskiego. Gratuluj\u0119 sukces\u00f3w i \u017cycz\u0119 kolejnych zwyci\u0119stw\u201d \u2013 m\u00f3wi\u0142.<\/p>\n<p style=\"text-align: justify;\"><strong>Mazowsze \u015bwi\u0119tuje plony<\/strong><\/p>\n<p style=\"text-align: justify;\">Tegoroczne do\u017cynki w P\u0142o\u0144sku mia\u0142y imponuj\u0105c\u0105 opraw\u0119. Organizatorzy \u2013 Samorz\u0105d Wojew\u00f3dztwa Mazowieckiego, Diecezja P\u0142ocka, lokalne samorz\u0105dy oraz Mazowiecki O\u015brodek Doradztwa Rolniczego \u2013 zadbali o bogaty program, w kt\u00f3rym nie zabrak\u0142o tradycyjnego korowodu, Mszy \u015awi\u0119tej pod przewodnictwem biskupa Szymona Stu\u0142kowskiego oraz artystycznych wyst\u0119p\u00f3w.<\/p>\n<p style=\"text-align: justify;\">Powiat m\u0142awski, dzi\u0119ki aktywno\u015bci swoich mieszka\u0144c\u00f3w i zaanga\u017cowaniu K\u00f3\u0142 Gospody\u0144 Wiejskich, po raz kolejny zapisa\u0142 si\u0119 z\u0142otymi zg\u0142oskami w historii tego regionalnego \u015bwi\u0119ta.<\/p>\n<p style=\"text-align: justify;\">T.B fot. powiatmlawski.pl<\/p>\n<p style=\"text-align: justify;\">Komentarze<\/p>\n<p style=\"text-align: justify;\">Wydawca portalu nie ponosi odpowiedzialno\u015bci za tre\u015b\u0107 komentarzy zamieszczanych przez u\u017cytkownik\u00f3w. Osoby zamieszczaj\u0105ce wypowiedzi naruszaj\u0105ce prawo lub prawem chronione dobra os\u00f3b trzecich mog\u0105 ponie\u015b\u0107 z tego tytu\u0142u odpowiedzialno\u015b\u0107 karn\u0105 lub cywiln\u0105.JEDNOCZE\u015aNIE U\u017bYTKOWNICY ZAMIESZCZAJ\u0104C KOMENTARZ O\u015aWIADCZAJ\u0104, \u017bE BIOR\u0104 PE\u0141N\u0104 ODPOWIEDZIALNO\u015a\u0106 ZA TRE\u015aCI UMIESZCZONE PRZEZ SIEBIE<\/p>\n<p style=\"text-align: justify;\">\n<div style=\"padding-bottom:20px; padding-top:10px;\" class=\"hupso-share-buttons\"><!-- Hupso Share Buttons - https:\/\/www.hupso.com\/share\/ --><a class=\"hupso_pop\" href=\"https:\/\/www.hupso.com\/share\/\"><img decoding=\"async\" data-src=\"http:\/\/static.hupso.com\/share\/buttons\/button100x23.png\" style=\"border:0px; width:100; height: 23; \" alt=\"Share Button\" src=\"data:image\/svg+xml;base64,PHN2ZyB3aWR0aD0iMSIgaGVpZ2h0PSIxIiB4bWxucz0iaHR0cDovL3d3dy53My5vcmcvMjAwMC9zdmciPjwvc3ZnPg==\" class=\"lazyload\" \/><\/a><script type=\"text\/javascript\">var hupso_services=new Array(\"Twitter\",\"Facebook\",\"Pinterest\",\"Linkedin\",\"Tumblr\",\"StumbleUpon\",\"Digg\",\"Reddit\",\"Bebo\",\"Delicious\",\"QZone\",\"Renren\",\"Email\");var hupso_icon_type = \"labels\";var hupso_background=\"#3BF8FF\";var hupso_border=\"#FF2B0A\";var hupso_image_folder_url = \"\";var hupso_url=\"\";var hupso_title=\"Tradycje%20Powiatu%20M%C5%82awskiego%20na%20podium%20Mazowsza%20%E2%80%93%20triumf%20KGW%20podczas%20wojew%C3%B3dzkich%20do%C5%BCynek%20w%20P%C5%82o%C5%84sku\";<\/script><script type=\"text\/javascript\" src=\"http:\/\/static.hupso.com\/share\/js\/share.js\"><\/script><!-- Hupso Share Buttons --><\/div>","protected":false},"excerpt":{"rendered":"<p>W niedziel\u0119, 31 sierpnia 2025 roku, w P\u0142o\u0144sku odby\u0142o si\u0119 jedno z najwa\u017cniejszych wydarze\u0144 rolniczych regionu \u2013 Do\u017cynki Wojew\u00f3dztwa Mazowieckiego i Diecezji P\u0142ockiej. W barwnym \u015bwi\u0119cie plon\u00f3w siln\u0105 i widoczn\u0105&hellip; <\/p>\n<div style=\"padding-bottom:20px; padding-top:10px;\" class=\"hupso-share-buttons\"><!-- Hupso Share Buttons - https:\/\/www.hupso.com\/share\/ --><a class=\"hupso_pop\" href=\"https:\/\/www.hupso.com\/share\/\"><img data-src=\"http:\/\/static.hupso.com\/share\/buttons\/button100x23.png\" style=\"border:0px; width:100; height: 23; \" alt=\"Share Button\" src=\"data:image\/svg+xml;base64,PHN2ZyB3aWR0aD0iMSIgaGVpZ2h0PSIxIiB4bWxucz0iaHR0cDovL3d3dy53My5vcmcvMjAwMC9zdmciPjwvc3ZnPg==\" class=\"lazyload\" \/><\/a><script type=\"text\/javascript\">var hupso_services=new Array(\"Twitter\",\"Facebook\",\"Pinterest\",\"Linkedin\",\"Tumblr\",\"StumbleUpon\",\"Digg\",\"Reddit\",\"Bebo\",\"Delicious\",\"QZone\",\"Renren\",\"Email\");var hupso_icon_type = \"labels\";var hupso_background=\"#3BF8FF\";var hupso_border=\"#FF2B0A\";var hupso_image_folder_url = \"\";var hupso_url=\"\";var hupso_title=\"Tradycje%20Powiatu%20M%C5%82awskiego%20na%20podium%20Mazowsza%20%E2%80%93%20triumf%20KGW%20podczas%20wojew%C3%B3dzkich%20do%C5%BCynek%20w%20P%C5%82o%C5%84sku\";<\/script><script type=\"text\/javascript\" src=\"http:\/\/static.hupso.com\/share\/js\/share.js\"><\/script><!-- Hupso Share Buttons --><\/div>","protected":false},"author":1,"featured_media":9583,"comment_status":"open","ping_status":"open","sticky":false,"template":"","format":"standard","meta":{"_acf_changed":false,"wprm-recipe-roundup-name":"","wprm-recipe-roundup-description":"","footnotes":""},"categories":[19,3,28],"tags":[],"class_list":["post-9582","post","type-post","status-publish","format-standard","has-post-thumbnail","hentry","category-aktualnosci","category-kultura","category-wyd"],"acf":[],"amp_enabled":true,"_links":{"self":[{"href":"http:\/\/portalm\u0142awa.pl\/index.php?rest_route=\/wp\/v2\/posts\/9582","targetHints":{"allow":["GET"]}}],"collection":[{"href":"http:\/\/portalm\u0142awa.pl\/index.php?rest_route=\/wp\/v2\/posts"}],"about":[{"href":"http:\/\/portalm\u0142awa.pl\/index.php?rest_route=\/wp\/v2\/types\/post"}],"author":[{"embeddable":true,"href":"http:\/\/portalm\u0142awa.pl\/index.php?rest_route=\/wp\/v2\/users\/1"}],"replies":[{"embeddable":true,"href":"http:\/\/portalm\u0142awa.pl\/index.php?rest_route=%2Fwp%2Fv2%2Fcomments&post=9582"}],"version-history":[{"count":2,"href":"http:\/\/portalm\u0142awa.pl\/index.php?rest_route=\/wp\/v2\/posts\/9582\/revisions"}],"predecessor-version":[{"id":9588,"href":"http:\/\/portalm\u0142awa.pl\/index.php?rest_route=\/wp\/v2\/posts\/9582\/revisions\/9588"}],"wp:featuredmedia":[{"embeddable":true,"href":"http:\/\/portalm\u0142awa.pl\/index.php?rest_route=\/wp\/v2\/media\/9583"}],"wp:attachment":[{"href":"http:\/\/portalm\u0142awa.pl\/index.php?rest_route=%2Fwp%2Fv2%2Fmedia&parent=9582"}],"wp:term":[{"taxonomy":"category","embeddable":true,"href":"http:\/\/portalm\u0142awa.pl\/index.php?rest_route=%2Fwp%2Fv2%2Fcategories&post=9582"},{"taxonomy":"post_tag","embeddable":true,"href":"http:\/\/portalm\u0142awa.pl\/index.php?rest_route=%2Fwp%2Fv2%2Ftags&post=9582"}],"curies":[{"name":"wp","href":"https:\/\/api.w.org\/{rel}","templated":true}]}}