{"id":9617,"date":"2025-09-03T09:34:45","date_gmt":"2025-09-03T07:34:45","guid":{"rendered":"http:\/\/portalm\u0142awa.pl\/?p=9617"},"modified":"2025-09-03T09:43:07","modified_gmt":"2025-09-03T07:43:07","slug":"120-mln-zl-na-pomoc-pokrzywdzonym-rusza-konkurs-dla-organizacji-pozarzadowych","status":"publish","type":"post","link":"http:\/\/portalm\u0142awa.pl\/?p=9617","title":{"rendered":"120 mln z\u0142 na pomoc pokrzywdzonym \u2013 rusza konkurs dla organizacji pozarz\u0105dowych"},"content":{"rendered":"<p style=\"text-align: justify;\"><strong>Ministerstwo Sprawiedliwo\u015bci og\u0142asza konkurs dla organizacji pozarz\u0105dowych, kt\u00f3re prowadz\u0105 lub chc\u0105 prowadzi\u0107 dzia\u0142alno\u015b\u0107 polegaj\u0105c\u0105 na \u015bwiadczeniu pomocy osobom pokrzywdzonym przest\u0119pstwem. Oferty b\u0119dzie mo\u017cna sk\u0142ada\u0107 od 1 wrze\u015bnia br. (od godz. 15:00). Na wsparcie przeznaczono 120 mln z\u0142.<\/strong><\/p>\n<p style=\"text-align: justify;\">\u015arodki przeznaczone zostan\u0105 m.in. na pomoc prawn\u0105, wsparcie psychologiczne i materialne dla ofiar przest\u0119pstw, ich rodzin i \u015bwiadk\u00f3w. Konkurs obejmuje finansowanie o\u015brodk\u00f3w pomocy i lokalnych punkt\u00f3w pomocy prowadzonych w 47 okr\u0119gach w ca\u0142ym kraju.<\/p>\n<p style=\"text-align: justify;\">\u2013 Przekazujemy 120 milion\u00f3w z\u0142otych w ramach nowego konkursu, kt\u00f3ry b\u0119dzie finansowa\u0142 projekty realizowane przez organizacje pozarz\u0105dowe. To kluczowy moment dla Funduszu Sprawiedliwo\u015bci. Zale\u017cy nam na tym, by odzyska\u0107 zaufanie do funduszu i pokaza\u0107, \u017ce nasze dzia\u0142ania s\u0105 transparentne i efektywne \u2013 podkre\u015bla Dyrektor Departamentu Funduszy i Nieodp\u0142atnej Pomocy Prawnej Tomasz Gajewski.<\/p>\n<p style=\"text-align: justify;\">\u2013 Wierzymy, \u017ce to w\u0142a\u015bnie Pa\u0144stwo, dzi\u0119ki swojej wiedzy i do\u015bwiadczeniu, mo\u017cecie zapewni\u0107 ofiarom przest\u0119pstw i ich rodzinom realne, systemowe wsparcie, kt\u00f3rego tak bardzo potrzebuj\u0105. Dlatego serdecznie zapraszamy do udzia\u0142u w konkursie. Aplikujcie i wsp\u00f3lnie z nami pomagajcie tym, kt\u00f3rzy do\u015bwiadczyli krzywdy, by mogli odbudowa\u0107 swoje \u017cycie \u2013 dodaje Dyrektor Gajewski.<\/p>\n<p style=\"text-align: justify;\"><strong>\u017beby wzi\u0105\u0107 udzia\u0142 w konkursie<\/strong>, organizacja musi by\u0107 jednostk\u0105 pozarz\u0105dow\u0105 i dzia\u0142a\u0107 w interesie publicznym. Obejmuje to stowarzyszenia, fundacje i podobne instytucje. Oferty z\u0142o\u017cy\u0107 mog\u0105 zar\u00f3wno podmioty, kt\u00f3re dotychczas nie korzysta\u0142y z dotacji z Funduszu Sprawiedliwo\u015bci, jak i instytucje, kt\u00f3re otrzyma\u0142y wcze\u015bniej tak\u0105 dotacj\u0119 &#8211; pod warunkiem, \u017ce nie naruszy\u0142y zasad wydatkowania przyznanych pieni\u0119dzy.<\/p>\n<p style=\"text-align: justify;\">Organizacje w ofertach konkursowych maj\u0105 za zadanie zaproponowa\u0107 efektywne rozwi\u0105zania odpowiadaj\u0105ce na potrzeby os\u00f3b pokrzywdzonych przest\u0119pstwem, ich rodzin oraz \u015bwiadk\u00f3w.<\/p>\n<p style=\"text-align: justify;\"><strong>Standardy pracy o\u015brodk\u00f3w i punkt\u00f3w pomocy<\/strong><\/p>\n<p style=\"text-align: justify;\"><strong>Zgodnie z warunkami konkursu, o\u015brodki oraz punkty pomocy musz\u0105 spe\u0142nia\u0107 nast\u0119puj\u0105ce wymogi:<\/strong><\/p>\n<p style=\"text-align: justify;\">by\u0107 dost\u0119pne dla wszystkich potrzebuj\u0105cych r\u00f3wnie\u017c os\u00f3b niepe\u0142nosprawnych,<\/p>\n<p style=\"text-align: justify;\"><strong>o\u015brodki pomocy<\/strong> \u2013 maj\u0105 prowadzi\u0107 dzia\u0142alno\u015b\u0107 minimum 6 dni w tygodniu, oferuj\u0105c co najmniej 40 godzin wsparcia tygodniowo,<\/p>\n<p style=\"text-align: justify;\"><strong>lokalne punkty pomocy<\/strong> \u2013 maj\u0105 dzia\u0142a\u0107 minimum 2 dni w tygodniu, przez minimum 10 godzin tygodniowo, w tym pe\u0142ni\u0107 dy\u017cury telefoniczne.<\/p>\n<p style=\"text-align: justify;\"><strong>Nab\u00f3r wniosk\u00f3w i kluczowe terminy<\/strong><\/p>\n<p style=\"text-align: justify;\"><strong>Oferty b\u0119dzie mo\u017cna sk\u0142ada\u0107 od 1 wrze\u015bnia 2025 r. od godz. 15:00 i do 30 wrze\u015bnia 2025 r. do godz. 15:00<\/strong><\/p>\n<p style=\"text-align: justify;\">Sk\u0142adanie ofert odbywa si\u0119 wy\u0142\u0105cznie poprzez formularz dost\u0119pny w elektronicznym systemie Aplikacji Funduszu Sprawiedliwo\u015bci (AFS), pod adresem afs.ms.gov.pl<\/p>\n<p style=\"text-align: justify;\"><strong>Po z\u0142o\u017ceniu oferty w systemie AFS, nale\u017cy j\u0105 wydrukowa\u0107, podpisa\u0107 przez uprawnione osoby i dostarczy\u0107 w kopercie na adres Ministerstwa Sprawiedliwo\u015bci do 30 wrze\u015bnia 2025 r. do godz. 15:30.<\/strong> Alternatywnie mo\u017cna z\u0142o\u017cy\u0107 podpisan\u0105 elektronicznie ofert\u0119 i za\u0142\u0105czniki przez ePUAP lub eDor\u0119czenia MS w tym samym terminie,<\/p>\n<p style=\"text-align: justify;\"><strong>Og\u0142oszenie listy z\u0142o\u017conych ofert:<\/strong> do 7 dni po zako\u0144czeniu sk\u0142adania ofert,<\/p>\n<p style=\"text-align: justify;\"><strong>Ocena ofert:<\/strong> do 60 dni od daty og\u0142oszenia listy z\u0142o\u017conych ofert (z mo\u017cliwo\u015bci\u0105 przed\u0142u\u017cenia),<\/p>\n<p style=\"text-align: justify;\"><strong>Wyniki konkursu<\/strong>: publikacja w Biuletynie Informacji Publicznej,<\/p>\n<p style=\"text-align: justify;\"><strong>Realizacja zadania: 1 stycznia \u2013 31 grudnia 2026 r.<\/strong><\/p>\n<p style=\"text-align: justify;\"><strong>Cel konkursu<\/strong><\/p>\n<p style=\"text-align: justify;\">Celem konkursu jest zapewnienie systemowego i skutecznego wsparcia dla os\u00f3b pokrzywdzonych przest\u0119pstwem oraz odbudowa zaufania do Funduszu Sprawiedliwo\u015bci.<\/p>\n<p style=\"text-align: justify;\"><strong>Zapraszamy organizacje pozarz\u0105dowe do sk\u0142adania ofert<\/strong> i wsp\u00f3\u0142tworzenia Sieci Pomocy Pokrzywdzonym \u2013 razem mo\u017cemy skutecznie wspiera\u0107 tych, kt\u00f3rzy najbardziej tego potrzebuj\u0105.<\/p>\n<p style=\"text-align: justify;\">Konkurs ofert jest przeprowadzany zgodnie z przepisami Kodeksu karnego wykonawczego oraz rozporz\u0105dzenia Ministra Sprawiedliwo\u015bci dotycz\u0105cego Funduszu Sprawiedliwo\u015bci.<\/p>\n<p style=\"text-align: justify;\">Szczeg\u00f3\u0142owe informacje o konkursie dost\u0119pne s\u0105 na stronie Biuletynu Informacji Publicznej Ministerstwa Sprawiedliwo\u015bci: <a href=\"https:\/\/www.gov.pl\/web\/sprawiedliwosc\/ogloszenie-o-otwartym-konkursie-ofert-nr-12025-na-powierzenie-realizacji-zadan-ze-srodkow-funduszu-sprawiedliwosci\">Szczeg\u00f3\u0142y konkursu 1\/2025<\/a><\/p>\n<p style=\"text-align: justify;\">Zesp\u00f3\u0142 Prasowy Wojewody Mazowieckiego<\/p>\n<p>Komentarze<\/p>\n<p>Wydawca portalu nie ponosi odpowiedzialno\u015bci za tre\u015b\u0107 komentarzy zamieszczanych przez u\u017cytkownik\u00f3w. Osoby zamieszczaj\u0105ce wypowiedzi naruszaj\u0105ce prawo lub prawem chronione dobra os\u00f3b trzecich mog\u0105 ponie\u015b\u0107 z tego tytu\u0142u odpowiedzialno\u015b\u0107 karn\u0105 lub cywiln\u0105.JEDNOCZE\u015aNIE U\u017bYTKOWNICY ZAMIESZCZAJ\u0104C KOMENTARZ O\u015aWIADCZAJ\u0104, \u017bE BIOR\u0104 PE\u0141N\u0104 ODPOWIEDZIALNO\u015a\u0106 ZA TRE\u015aCI UMIESZCZONE PRZEZ SIEBIE<\/p>\n<div style=\"padding-bottom:20px; padding-top:10px;\" class=\"hupso-share-buttons\"><!-- Hupso Share Buttons - https:\/\/www.hupso.com\/share\/ --><a class=\"hupso_pop\" href=\"https:\/\/www.hupso.com\/share\/\"><img decoding=\"async\" data-src=\"http:\/\/static.hupso.com\/share\/buttons\/button100x23.png\" style=\"border:0px; width:100; height: 23; \" alt=\"Share Button\" src=\"data:image\/svg+xml;base64,PHN2ZyB3aWR0aD0iMSIgaGVpZ2h0PSIxIiB4bWxucz0iaHR0cDovL3d3dy53My5vcmcvMjAwMC9zdmciPjwvc3ZnPg==\" class=\"lazyload\" \/><\/a><script type=\"text\/javascript\">var hupso_services=new Array(\"Twitter\",\"Facebook\",\"Pinterest\",\"Linkedin\",\"Tumblr\",\"StumbleUpon\",\"Digg\",\"Reddit\",\"Bebo\",\"Delicious\",\"QZone\",\"Renren\",\"Email\");var hupso_icon_type = \"labels\";var hupso_background=\"#3BF8FF\";var hupso_border=\"#FF2B0A\";var hupso_image_folder_url = \"\";var hupso_url=\"\";var hupso_title=\"120%20mln%20z%C5%82%20na%20pomoc%20pokrzywdzonym%20%E2%80%93%20rusza%20konkurs%20dla%20organizacji%20pozarz%C4%85dowych\";<\/script><script type=\"text\/javascript\" src=\"http:\/\/static.hupso.com\/share\/js\/share.js\"><\/script><!-- Hupso Share Buttons --><\/div>","protected":false},"excerpt":{"rendered":"<p>Ministerstwo Sprawiedliwo\u015bci og\u0142asza konkurs dla organizacji pozarz\u0105dowych, kt\u00f3re prowadz\u0105 lub chc\u0105 prowadzi\u0107 dzia\u0142alno\u015b\u0107 polegaj\u0105c\u0105 na \u015bwiadczeniu pomocy osobom pokrzywdzonym przest\u0119pstwem. Oferty b\u0119dzie mo\u017cna sk\u0142ada\u0107 od 1 wrze\u015bnia br. (od godz.&hellip; <\/p>\n<div style=\"padding-bottom:20px; padding-top:10px;\" class=\"hupso-share-buttons\"><!-- Hupso Share Buttons - https:\/\/www.hupso.com\/share\/ --><a class=\"hupso_pop\" href=\"https:\/\/www.hupso.com\/share\/\"><img data-src=\"http:\/\/static.hupso.com\/share\/buttons\/button100x23.png\" style=\"border:0px; width:100; height: 23; \" alt=\"Share Button\" src=\"data:image\/svg+xml;base64,PHN2ZyB3aWR0aD0iMSIgaGVpZ2h0PSIxIiB4bWxucz0iaHR0cDovL3d3dy53My5vcmcvMjAwMC9zdmciPjwvc3ZnPg==\" class=\"lazyload\" \/><\/a><script type=\"text\/javascript\">var hupso_services=new Array(\"Twitter\",\"Facebook\",\"Pinterest\",\"Linkedin\",\"Tumblr\",\"StumbleUpon\",\"Digg\",\"Reddit\",\"Bebo\",\"Delicious\",\"QZone\",\"Renren\",\"Email\");var hupso_icon_type = \"labels\";var hupso_background=\"#3BF8FF\";var hupso_border=\"#FF2B0A\";var hupso_image_folder_url = \"\";var hupso_url=\"\";var hupso_title=\"120%20mln%20z%C5%82%20na%20pomoc%20pokrzywdzonym%20%E2%80%93%20rusza%20konkurs%20dla%20organizacji%20pozarz%C4%85dowych\";<\/script><script type=\"text\/javascript\" src=\"http:\/\/static.hupso.com\/share\/js\/share.js\"><\/script><!-- Hupso Share Buttons --><\/div>","protected":false},"author":1,"featured_media":9619,"comment_status":"open","ping_status":"open","sticky":false,"template":"","format":"standard","meta":{"_acf_changed":false,"wprm-recipe-roundup-name":"","wprm-recipe-roundup-description":"","footnotes":""},"categories":[19,28],"tags":[],"class_list":["post-9617","post","type-post","status-publish","format-standard","has-post-thumbnail","hentry","category-aktualnosci","category-wyd"],"acf":[],"amp_enabled":true,"_links":{"self":[{"href":"http:\/\/portalm\u0142awa.pl\/index.php?rest_route=\/wp\/v2\/posts\/9617","targetHints":{"allow":["GET"]}}],"collection":[{"href":"http:\/\/portalm\u0142awa.pl\/index.php?rest_route=\/wp\/v2\/posts"}],"about":[{"href":"http:\/\/portalm\u0142awa.pl\/index.php?rest_route=\/wp\/v2\/types\/post"}],"author":[{"embeddable":true,"href":"http:\/\/portalm\u0142awa.pl\/index.php?rest_route=\/wp\/v2\/users\/1"}],"replies":[{"embeddable":true,"href":"http:\/\/portalm\u0142awa.pl\/index.php?rest_route=%2Fwp%2Fv2%2Fcomments&post=9617"}],"version-history":[{"count":1,"href":"http:\/\/portalm\u0142awa.pl\/index.php?rest_route=\/wp\/v2\/posts\/9617\/revisions"}],"predecessor-version":[{"id":9618,"href":"http:\/\/portalm\u0142awa.pl\/index.php?rest_route=\/wp\/v2\/posts\/9617\/revisions\/9618"}],"wp:featuredmedia":[{"embeddable":true,"href":"http:\/\/portalm\u0142awa.pl\/index.php?rest_route=\/wp\/v2\/media\/9619"}],"wp:attachment":[{"href":"http:\/\/portalm\u0142awa.pl\/index.php?rest_route=%2Fwp%2Fv2%2Fmedia&parent=9617"}],"wp:term":[{"taxonomy":"category","embeddable":true,"href":"http:\/\/portalm\u0142awa.pl\/index.php?rest_route=%2Fwp%2Fv2%2Fcategories&post=9617"},{"taxonomy":"post_tag","embeddable":true,"href":"http:\/\/portalm\u0142awa.pl\/index.php?rest_route=%2Fwp%2Fv2%2Ftags&post=9617"}],"curies":[{"name":"wp","href":"https:\/\/api.w.org\/{rel}","templated":true}]}}