{"id":9649,"date":"2025-09-03T12:38:52","date_gmt":"2025-09-03T10:38:52","guid":{"rendered":"http:\/\/portalm\u0142awa.pl\/?p=9649"},"modified":"2025-09-03T12:38:52","modified_gmt":"2025-09-03T10:38:52","slug":"nietrzezwi-kierowcy-zatrzymani-dzieki-reakcji-swiadkow","status":"publish","type":"post","link":"http:\/\/portalm\u0142awa.pl\/?p=9649","title":{"rendered":"Nietrze\u017awi kierowcy zatrzymani dzi\u0119ki reakcji \u015bwiadk\u00f3w"},"content":{"rendered":"<div style=\"color: #2c2f45; font-family: Verdana, Arial, Helvetica, sans-serif; font-size: small; text-align: justify;\"><strong style=\"font-family: Arial, Helvetica, sans-serif; font-size: 13.2px; word-spacing: 1.92px;\">Dzi\u0119ki natychmiastowej reakcji \u015bwiadk\u00f3w, na ulicach M\u0142awy zatrzymano dw\u00f3ch nietrze\u017awych kierowc\u00f3w. Obaj zatrzymani to obywatele Kolumbii. Us\u0142yszeli ju\u017c zarzuty. Grozi im wysoka grzywna, s\u0105dowy zakaz kierowania pojazdami oraz kara do 3 lat pozbawienia wolno\u015bci.<\/strong><\/div>\n<div style=\"color: #2c2f45; font-family: Verdana, Arial, Helvetica, sans-serif; font-size: small;\">\n<article class=\"gwpba96e2c0_txt\" style=\"font-size: 12px; line-height: 18px; word-spacing: 0.16em; padding: 0px; margin: 0px; position: relative; font-family: Arial, Helvetica, sans-serif;\">\n<p style=\"text-align: justify;\">Do pierwszego zatrzymania dosz\u0142o 31 sierpnia, tu\u017c po godz. 1 w nocy. Przypadkowy \u015bwiadek zauwa\u017cy\u0142 kierowc\u0119 volkswagena, kt\u00f3ry pi\u0142 alkohol a potem wsiad\u0142 do samochodu i odjecha\u0142. \u015awiadek ruszy\u0142 za nim i zatrzyma\u0142 go na jednym z m\u0142awskich osiedli. Natychmiast powiadomi\u0142 policj\u0119. Zatrzymanym okaza\u0142 si\u0119\u00a0 32-letni obywatel Kolumbii. W organizmie mia\u0142 ponad 1,6 promila alkoholu. Zosta\u0142 osadzony w policyjnym areszcie.<\/p>\n<p style=\"text-align: justify;\">Kolejnej nocy, dzi\u0119ki reakcji przypadkowej osoby, patrol prewencji zatrzyma\u0142\u00a0 kierowc\u0119 renault, kt\u00f3ry mia\u0142 ponad 2 promile alkoholu w organizmie. 30-letni obywatel Kolumbii wytrze\u017awia\u0142 w policyjnym areszcie.<\/p>\n<p style=\"text-align: justify;\">Obaj zatrzymani, po tym jak wytrze\u017awieli, us\u0142yszeli zarzuty kierowania samochodem w stanie nietrze\u017awo\u015bci. Grozi im wysoka grzywna, s\u0105dowy zakaz kierowania pojazdami oraz kara do 3 lat pozbawienia wolno\u015bci. Post\u0119powania prowadzi m\u0142awska komenda policji.<\/p>\n<p style=\"text-align: justify;\">Odwaga i natychmiastowa reakcja dw\u00f3ch przypadkowych os\u00f3b, pozwoli\u0142a na wyeliminowanie z ruchu nietrze\u017awych kierowc\u00f3w. Dzi\u0119ki reakcji \u015bwiadk\u00f3w uda\u0142o si\u0119 zapobiec realnemu niebezpiecze\u0144stwu. Takie zdecydowane dzia\u0142anie ma ogromne znaczenie. Bezpiecze\u0144stwo zale\u017cy bowiem od ka\u017cdego z nas. Je\u015bli widzisz kierowc\u0119, kt\u00f3ry mo\u017ce by\u0107 pod wp\u0142ywem alkoholu lub narkotyk\u00f3w- natychmiast powiadom policj\u0119, dzwoni\u0105c pod numer alarmowy 112.<\/p>\n<p style=\"text-align: justify;\">Autor: asp.szt. Anna Paw\u0142owska<\/p>\n<\/article>\n<p style=\"box-sizing: border-box; margin-top: 0px; margin-bottom: 15px; color: #555555; font-family: Roboto, sans-serif; font-size: 15px; text-align: justify;\">Komentarze<\/p>\n<p style=\"box-sizing: border-box; margin-top: 0px; margin-bottom: 15px; color: #555555; font-family: Roboto, sans-serif; font-size: 15px; text-align: justify;\">Wydawca portalu nie ponosi odpowiedzialno\u015bci za tre\u015b\u0107 komentarzy zamieszczanych przez u\u017cytkownik\u00f3w. Osoby zamieszczaj\u0105ce wypowiedzi naruszaj\u0105ce prawo lub prawem chronione dobra os\u00f3b trzecich mog\u0105 ponie\u015b\u0107 z tego tytu\u0142u odpowiedzialno\u015b\u0107 karn\u0105 lub cywiln\u0105.JEDNOCZE\u015aNIE U\u017bYTKOWNICY ZAMIESZCZAJ\u0104C KOMENTARZ O\u015aWIADCZAJ\u0104, \u017bE BIOR\u0104 PE\u0141N\u0104 ODPOWIEDZIALNO\u015a\u0106 ZA TRE\u015aCI UMIESZCZONE PRZEZ SIEBIE<\/p>\n<\/div>\n<div style=\"padding-bottom:20px; padding-top:10px;\" class=\"hupso-share-buttons\"><!-- Hupso Share Buttons - https:\/\/www.hupso.com\/share\/ --><a class=\"hupso_pop\" href=\"https:\/\/www.hupso.com\/share\/\"><img decoding=\"async\" data-src=\"http:\/\/static.hupso.com\/share\/buttons\/button100x23.png\" style=\"border:0px; width:100; height: 23; \" alt=\"Share Button\" src=\"data:image\/svg+xml;base64,PHN2ZyB3aWR0aD0iMSIgaGVpZ2h0PSIxIiB4bWxucz0iaHR0cDovL3d3dy53My5vcmcvMjAwMC9zdmciPjwvc3ZnPg==\" class=\"lazyload\" \/><\/a><script type=\"text\/javascript\">var hupso_services=new Array(\"Twitter\",\"Facebook\",\"Pinterest\",\"Linkedin\",\"Tumblr\",\"StumbleUpon\",\"Digg\",\"Reddit\",\"Bebo\",\"Delicious\",\"QZone\",\"Renren\",\"Email\");var hupso_icon_type = \"labels\";var hupso_background=\"#3BF8FF\";var hupso_border=\"#FF2B0A\";var hupso_image_folder_url = \"\";var hupso_url=\"\";var hupso_title=\"Nietrze%C5%BAwi%20kierowcy%20zatrzymani%20dzi%C4%99ki%20reakcji%20%C5%9Bwiadk%C3%B3w\";<\/script><script type=\"text\/javascript\" src=\"http:\/\/static.hupso.com\/share\/js\/share.js\"><\/script><!-- Hupso Share Buttons --><\/div>","protected":false},"excerpt":{"rendered":"<p>Dzi\u0119ki natychmiastowej reakcji \u015bwiadk\u00f3w, na ulicach M\u0142awy zatrzymano dw\u00f3ch nietrze\u017awych kierowc\u00f3w. Obaj zatrzymani to obywatele Kolumbii. Us\u0142yszeli ju\u017c zarzuty. Grozi im wysoka grzywna, s\u0105dowy zakaz kierowania pojazdami oraz kara do&hellip; <\/p>\n<div style=\"padding-bottom:20px; padding-top:10px;\" class=\"hupso-share-buttons\"><!-- Hupso Share Buttons - https:\/\/www.hupso.com\/share\/ --><a class=\"hupso_pop\" href=\"https:\/\/www.hupso.com\/share\/\"><img data-src=\"http:\/\/static.hupso.com\/share\/buttons\/button100x23.png\" style=\"border:0px; width:100; height: 23; \" alt=\"Share Button\" src=\"data:image\/svg+xml;base64,PHN2ZyB3aWR0aD0iMSIgaGVpZ2h0PSIxIiB4bWxucz0iaHR0cDovL3d3dy53My5vcmcvMjAwMC9zdmciPjwvc3ZnPg==\" class=\"lazyload\" \/><\/a><script type=\"text\/javascript\">var hupso_services=new Array(\"Twitter\",\"Facebook\",\"Pinterest\",\"Linkedin\",\"Tumblr\",\"StumbleUpon\",\"Digg\",\"Reddit\",\"Bebo\",\"Delicious\",\"QZone\",\"Renren\",\"Email\");var hupso_icon_type = \"labels\";var hupso_background=\"#3BF8FF\";var hupso_border=\"#FF2B0A\";var hupso_image_folder_url = \"\";var hupso_url=\"\";var hupso_title=\"Nietrze%C5%BAwi%20kierowcy%20zatrzymani%20dzi%C4%99ki%20reakcji%20%C5%9Bwiadk%C3%B3w\";<\/script><script type=\"text\/javascript\" src=\"http:\/\/static.hupso.com\/share\/js\/share.js\"><\/script><!-- Hupso Share Buttons --><\/div>","protected":false},"author":1,"featured_media":1010,"comment_status":"open","ping_status":"open","sticky":false,"template":"","format":"standard","meta":{"_acf_changed":false,"wprm-recipe-roundup-name":"","wprm-recipe-roundup-description":"","footnotes":""},"categories":[19,5,28],"tags":[],"class_list":["post-9649","post","type-post","status-publish","format-standard","has-post-thumbnail","hentry","category-aktualnosci","category-na-sygnale","category-wyd"],"acf":[],"amp_enabled":true,"_links":{"self":[{"href":"http:\/\/portalm\u0142awa.pl\/index.php?rest_route=\/wp\/v2\/posts\/9649","targetHints":{"allow":["GET"]}}],"collection":[{"href":"http:\/\/portalm\u0142awa.pl\/index.php?rest_route=\/wp\/v2\/posts"}],"about":[{"href":"http:\/\/portalm\u0142awa.pl\/index.php?rest_route=\/wp\/v2\/types\/post"}],"author":[{"embeddable":true,"href":"http:\/\/portalm\u0142awa.pl\/index.php?rest_route=\/wp\/v2\/users\/1"}],"replies":[{"embeddable":true,"href":"http:\/\/portalm\u0142awa.pl\/index.php?rest_route=%2Fwp%2Fv2%2Fcomments&post=9649"}],"version-history":[{"count":1,"href":"http:\/\/portalm\u0142awa.pl\/index.php?rest_route=\/wp\/v2\/posts\/9649\/revisions"}],"predecessor-version":[{"id":9650,"href":"http:\/\/portalm\u0142awa.pl\/index.php?rest_route=\/wp\/v2\/posts\/9649\/revisions\/9650"}],"wp:featuredmedia":[{"embeddable":true,"href":"http:\/\/portalm\u0142awa.pl\/index.php?rest_route=\/wp\/v2\/media\/1010"}],"wp:attachment":[{"href":"http:\/\/portalm\u0142awa.pl\/index.php?rest_route=%2Fwp%2Fv2%2Fmedia&parent=9649"}],"wp:term":[{"taxonomy":"category","embeddable":true,"href":"http:\/\/portalm\u0142awa.pl\/index.php?rest_route=%2Fwp%2Fv2%2Fcategories&post=9649"},{"taxonomy":"post_tag","embeddable":true,"href":"http:\/\/portalm\u0142awa.pl\/index.php?rest_route=%2Fwp%2Fv2%2Ftags&post=9649"}],"curies":[{"name":"wp","href":"https:\/\/api.w.org\/{rel}","templated":true}]}}