{"id":9693,"date":"2025-09-04T09:51:14","date_gmt":"2025-09-04T07:51:14","guid":{"rendered":"http:\/\/portalm\u0142awa.pl\/?p=9693"},"modified":"2025-09-04T10:05:39","modified_gmt":"2025-09-04T08:05:39","slug":"13-emerytura-w-2026-roku-tak-malych-podwyzek-nie-bylo-od-lat-ile-dostana-seniorzy","status":"publish","type":"post","link":"http:\/\/portalm\u0142awa.pl\/?p=9693","title":{"rendered":"13. emerytura w 2026 roku. Tak ma\u0142ych podwy\u017cek nie by\u0142o od lat. Ile dostan\u0105 seniorzy?"},"content":{"rendered":"<div class=\"pageContentWrapper\" style=\"box-sizing: border-box; margin: 0px; padding: 0px; border: 0px none; list-style-type: none; color: #000000; font-family: Merriweather, sans-serif; font-size: medium;\">\n<section class=\"detailTopDownSection noStyle\" style=\"box-sizing: border-box; margin: 0px; padding: 0px; border: 0px none; list-style-type: none;\">\n<div class=\"wrapper\" style=\"box-sizing: border-box; margin: 0px; padding: 0px; border: 0px none; list-style-type: none;\">\n<div id=\"bill_top_id\" class=\"infor-ad justify\" style=\"box-sizing: border-box; margin: 0px auto; padding: 0px; border: 0px none; list-style-type: none; width: 384px; display: flex; flex-direction: column; justify-content: center; min-height: 100px; background-color: #fafafa;\" data-slot-name=\"bill_top\" data-ismobile=\"true\" data-height-desktop=\"321\" data-height-mobile=\"100\" data-run-module=\"local\/common.adsAll\" data-run-module-isrun=\"1\">\n<div id=\"bill_top\" class=\"stickyAds\" style=\"box-sizing: border-box; margin: 0px; padding: 0px; border: 0px none; list-style-type: none; position: sticky; top: 60px;\">\n<div class=\"textAds caption\" style=\"box-sizing: border-box; margin: 0px auto; padding: 4px 0px; border: 0px none; list-style-type: none; font-size: 10px; color: #bfbfbf; text-align: center; text-transform: uppercase;\">\n<p style=\"box-sizing: border-box; margin: 0px; padding: 0px; border: 0px none; list-style-type: none;\">a<span style=\"color: #202020; font-size: 18px; font-weight: bold; text-align: justify; background-color: #ffffff;\">ZUS w\u0142a\u015bnie rozpocz\u0105\u0142 wyp\u0142at\u0119 14. emerytur, a my postanowili\u015bmy przyjrze\u0107 si\u0119 ju\u017c przysz\u0142orocznej waloryzacji. O ile wzrosn\u0105 \u015bwiadczenia? Ile wyniesie 13. emerytura w 2026 roku? Niestety, prognozy nie s\u0105 zbyt optymistyczne. Tak ma\u0142ych podwy\u017cek nie by\u0142o od lat.<\/span><\/p>\n<\/div>\n<\/div>\n<\/div>\n<\/div>\n<\/section>\n<div id=\"contentWrapId\" style=\"box-sizing: border-box; margin: 0px auto; padding: 0px; border: 0px none; list-style-type: none;\">\n<div id=\"contentBody\" class=\"storyBody\" style=\"box-sizing: border-box; margin: 0px; padding: 0px; border: 0px none; list-style-type: none;\" data-run-module=\"local\/common.analytics\" data-run-module-isrun=\"1\">\n<div id=\"detailContentWrapper\" class=\"contentWrap\" style=\"box-sizing: border-box; margin: 0px auto; padding: 0px 10px; border: 0px none; list-style-type: none; position: relative;\" data-inforid=\"FOB0000000000007041885\">\n<div class=\"contentArticle\" style=\"box-sizing: border-box; margin: 0px; padding: 0px; border: 0px none; list-style-type: none;\">\n<div class=\"detail leadAdded\" style=\"box-sizing: border-box; margin: 0px; padding: 0px; border: 0px none; list-style-type: none;\" data-run-module=\"localmobile\/mobilemain.detail\" data-run-module-isrun=\"1\">\n<p class=\" \" style=\"box-sizing: border-box; margin: 0px 0px 21px; padding: 0px; border: 0px none; list-style-type: none; color: #202020; font-size: 18px; line-height: 1.625; text-align: justify;\" data-puuid=\"524234f6-0fb5-4ac4-9125-b0b6cb21cf5b\" data-scroll=\"paragraph\">Rada Ministr\u00f3w zatwierdzi\u0142a projekt rozporz\u0105dzenia, zgodnie z kt\u00f3rym w 2026 roku wska\u017anik waloryzacji emerytur i rent zostanie utrzymany na poziomie ustawowego minimum, kt\u00f3re wynosi 20 proc. realnego wzrostu przeci\u0119tnego wynagrodzenia z 2025 r. Oznacza to, \u017ce \u015bwiadczenia wzrosn\u0105 o 4,9 proc. B\u0119dzie to najni\u017cszy poziom waloryzacji od kilku lat. Dla por\u00f3wnania, w 2025 r. wyni\u00f3s\u0142 on 5,5 proc., w 2024 r. \u2013 12,14 proc., a w 2023 r. si\u0119gn\u0105\u0142 a\u017c 14,8 proc.<\/p>\n<h2 id=\"o-ile-wzrosna-emerytury-od-marca-2026-roku\" class=\"tableOfContent\" style=\"box-sizing: border-box; margin: -70px 0px 10px; padding: 70px 0px 0px; border: 0px none; list-style-type: none; font-family: 'Roboto Condensed', sans-serif; font-size: 19px; line-height: 1.4;\">O ile wzrosn\u0105 emerytury od marca 2026 roku?<\/h2>\n<p class=\" \" style=\"box-sizing: border-box; margin: 0px 0px 21px; padding: 0px; border: 0px none; list-style-type: none; color: #202020; font-size: 18px; line-height: 1.625;\" data-puuid=\"a3cad399-73b4-4249-b461-02f9e6707594\" data-scroll=\"paragraph\">Obecnie przeci\u0119tna emerytura w Polsce wynosi 4 045,20 z\u0142 brutto. Po planowanej waloryzacji \u015bwiadczenie to wzro\u015bnie do 4 243,41 z\u0142, co oznacza podwy\u017ck\u0119 o oko\u0142o 200 z\u0142.\u00a0<strong style=\"box-sizing: border-box; margin: 0px; padding: 0px; border: 0px none; list-style-type: none;\">Minimalna emerytura zwi\u0119kszy si\u0119 natomiast z 1 878,91 z\u0142 do 1 970,98 z\u0142 brutto, czyli o 92 z\u0142<\/strong>. Jak to wygl\u0105da w przypadku innych kwot?<\/p>\n<ul style=\"box-sizing: border-box; margin: 0px 0px 24px 10px; padding: 0px; border: 0px none; list-style-type: none; font-size: 20px; line-height: 1.625;\" data-scroll=\"bullet\">\n<li class=\"firstListItem\" style=\"box-sizing: border-box; margin: 0px 0px 5px; padding: 0px 0px 21px 20px; border: 0px none; list-style-type: none; position: relative; line-height: 1.5;\">2000 z\u0142 brutto emerytury w 2025 roku \u2192 2098 z\u0142 brutto emerytury w 2026 roku<\/li>\n<li class=\"firstListItem\" style=\"box-sizing: border-box; margin: 0px 0px 5px; padding: 0px 0px 21px 20px; border: 0px none; list-style-type: none; position: relative; line-height: 1.5;\">2500 z\u0142 brutto emerytury w 2025 roku \u2192 2622,50 z\u0142 brutto emerytury w 2026 roku<\/li>\n<li class=\"firstListItem\" style=\"box-sizing: border-box; margin: 0px 0px 5px; padding: 0px 0px 21px 20px; border: 0px none; list-style-type: none; position: relative; line-height: 1.5;\">3000 z\u0142 brutto emerytury w 2025 roku \u2192 3147 z\u0142 brutto emerytury w 2026 roku<\/li>\n<li class=\"firstListItem\" style=\"box-sizing: border-box; margin: 0px 0px 5px; padding: 0px 0px 0px 20px; border: 0px none; list-style-type: none; position: relative; line-height: 1.5;\">3500 z\u0142 brutto emerytury w 2025 roku \u2192 3671,50 z\u0142 brutto emerytury w 2026 roku.<\/li>\n<\/ul>\n<div class=\"frame-box\" style=\"box-sizing: border-box; margin: 15px 0px; padding: 15px; border: none; list-style-type: none; position: relative; font-size: 20px; line-height: 1.625; background: 0px 0px #f3f6f8; clear: both;\" data-uuid=\"0418dbb8-eaa7-4d7e-8017-1822620b39a3\">\n<h2 style=\"box-sizing: border-box; margin: 0px 0px 10px; padding: 0px; border: 0px none; list-style-type: none; position: relative; font-size: 20px; line-height: 20px; font-family: 'Roboto Condensed', sans-serif;\"><\/h2>\n<h3 style=\"box-sizing: border-box; margin: 0px 0px 10px; padding: 0px; border: 0px none; list-style-type: none; position: relative; font-size: 18px; line-height: 1.625; font-family: 'Roboto Condensed', sans-serif;\"><\/h3>\n<p class=\"\" style=\"box-sizing: border-box; margin: 0px 0px 10px; padding: 0px; border: 0px none; list-style-type: none; color: #202020; font-size: 18px; line-height: 1.625;\">Je\u015bli chcesz samodzielnie obliczy\u0107, o ile wzro\u015bnie Twoja emerytura brutto w 2026 roku, pomn\u00f3\u017c kwot\u0119 brutto emerytury, kt\u00f3r\u0105 obecnie otrzymujesz przez 1,049.<\/p>\n<\/div>\n<h2 id=\"trzynasta-emerytura-ile-wyniesie-w-2026-roku\" class=\"tableOfContent\" style=\"box-sizing: border-box; margin: -70px 0px 10px; padding: 70px 0px 0px; border: 0px none; list-style-type: none; font-family: 'Roboto Condensed', sans-serif; font-size: 19px; line-height: 1.4;\">Trzynasta emerytura \u2013 ile wyniesie w 2026 roku?<\/h2>\n<div id=\"videoOnNetworkDetail\" class=\"vtsInBody isMobile\" style=\"box-sizing: border-box; margin: 0px; padding: 0px; border: 0px none; list-style-type: none; min-height: 212px;\" data-ismobile=\"true\" data-sid=\"OEUsMCwxOU0=\" data-more-paragraph-than=\"5\" data-amount-paragraphs=\"20\" data-run-module=\"local\/videoTargetFactory.videoTargetStreamDomElementMove\" data-run-module-isrun=\"1\">\n<p>Podstaw\u0105 prawn\u0105 wyp\u0142aty trzynastej emerytury jest <a id=\"ef75e0f8-499c-48e4-8c6a-d96524eed65f\" style=\"box-sizing: border-box; margin: 0px; padding: 0px; text-decoration-line: none; border: 0px none; list-style-type: none; color: #a5181c;\" href=\"https:\/\/isap.sejm.gov.pl\/isap.nsf\/download.xsp\/WDU20210001808\/U\/D20211808Lj.pdf\" rel=\"dofollow\">ustawa z 9 stycznia 2020 r. o dodatkowym rocznym \u015bwiadczeniu pieni\u0119\u017cnym dla emeryt\u00f3w i rencist\u00f3w<\/a>. Jej wysoko\u015b\u0107 r\u00f3wna jest minimalnej emeryturze. W 2026 roku wyniesie wi\u0119c\u00a0<strong style=\"box-sizing: border-box; margin: 0px; padding: 0px; border: 0px none; list-style-type: none;\">1970,98 z\u0142 brutto<\/strong>. Warto jednak pami\u0119ta\u0107, \u017ce kwota netto, czyli ta, kt\u00f3r\u0105 emeryt otrzymuje \u201ena r\u0119k\u0119\u201d, mo\u017ce r\u00f3\u017cni\u0107 si\u0119 w zale\u017cno\u015bci od indywidualnej sytuacji podatkowej i sk\u0142adkowej \u015bwiadczeniobiorcy.<iframe id=\"google_ads_iframe_\/17796319\/newforsal\/video_0\" style=\"box-sizing: border-box; margin-right: 0px; margin-left: 0px; padding: 0px; border-width: 0px; border-style: initial; list-style-type: none; vertical-align: bottom;\" tabindex=\"0\" title=\"3rd party ad content\" name=\"google_ads_iframe_\/17796319\/newforsal\/video_0\" width=\"1\" height=\"1\" frameborder=\"0\" marginwidth=\"0\" marginheight=\"0\" scrolling=\"no\" aria-label=\"Advertisement\" data-load-complete=\"true\" data-google-container-id=\"2\"><\/iframe><\/p>\n<\/div>\n<p class=\" \" style=\"box-sizing: border-box; margin: 0px 0px 21px; padding: 0px; border: 0px none; list-style-type: none; color: #202020; font-size: 18px; line-height: 1.625;\" data-puuid=\"f40cfa96-6c86-4c8a-96e0-6f14b7a44116\" data-scroll=\"paragraph\">Osoby, kt\u00f3rych suma \u015bwiadczenia podstawowego i trzynastej emerytury wyniesie do 2500 z\u0142 brutto b\u0119d\u0105 mia\u0142y potr\u0105con\u0105 wy\u0142\u0105cznie 9-procentow\u0105 sk\u0142adk\u0119 zdrowotn\u0105. Natomiast seniorzy, kt\u00f3rych suma \u015bwiadcze\u0144 przekroczy ten pr\u00f3g, zostan\u0105 dodatkowo obci\u0105\u017ceni 12-procentow\u0105 zaliczk\u0105 na\u00a0<a id=\"0647b32c-4cbf-4381-8e12-723633ac5d53\" style=\"box-sizing: border-box; margin: 0px; padding: 0px; text-decoration-line: none; border: 0px none; list-style-type: none; color: #a5181c;\" title=\"podatek\" href=\"https:\/\/forsal.pl\/tagi\/podatek\">podatek<\/a> dochodowy od kwoty przewy\u017cszaj\u0105cej limit.<\/p>\n<p class=\" \" style=\"box-sizing: border-box; margin: 0px 0px 21px; padding: 0px; border: 0px none; list-style-type: none; color: #202020; font-size: 18px; line-height: 1.625;\" data-puuid=\"f40cfa96-6c86-4c8a-96e0-6f14b7a44116\" data-scroll=\"paragraph\"><strong><span style=\"font-family: 'Roboto Condensed', sans-serif; font-size: 19px; color: #000000;\">Trzynasta emerytura 2026 netto \u2013 jak obliczy\u0107?<\/span><\/strong><\/p>\n<p class=\" adSlotSibling\" style=\"box-sizing: border-box; margin: 0px 0px 21px; padding: 0px; border: 0px none; list-style-type: none; color: #202020; font-size: 18px; line-height: 1.625;\" data-puuid=\"e06df2ca-016a-4ea3-9179-35962c7e90c2\" data-async-ad-slot=\"true\" data-scroll=\"paragraph\">Jak zatem obliczy\u0107 kwot\u0119 netto trzynastej emerytury? Gdy emeryt dostaje w kwietniu razem z comiesi\u0119cznym \u015bwiadczeniem r\u00f3wnie\u017c trzynast\u0105 emerytur\u0119,\u00a0<a id=\"b3e8313c-276e-41cb-96e6-491de0d46d62\" style=\"box-sizing: border-box; margin: 0px; padding: 0px; text-decoration-line: none; border: 0px none; list-style-type: none; color: #a5181c;\" title=\"ZUS\" href=\"https:\/\/forsal.pl\/tagi\/zus\">ZUS<\/a>\u00a0sumuje oba \u015bwiadczenia i wylicza od tej sumy sk\u0142adk\u0119 zdrowotn\u0105 i zaliczk\u0119 na podatek dochodowy.<\/p>\n<p class=\" \" style=\"box-sizing: border-box; margin: 0px 0px 21px; padding: 0px; border: 0px none; list-style-type: none; color: #202020; font-size: 18px; line-height: 1.625;\" data-puuid=\"9d028025-79cd-4be8-881f-20ddda7eb5c7\" data-scroll=\"paragraph\">W praktyce wygl\u0105da to nast\u0119puj\u0105co:<\/p>\n<p class=\" \" style=\"box-sizing: border-box; margin: 0px 0px 21px; padding: 0px; border: 0px none; list-style-type: none; color: #202020; font-size: 18px; line-height: 1.625;\" data-puuid=\"d97e833e-15c6-4095-8ec0-ccb8bca692e9\" data-scroll=\"paragraph\"><em style=\"box-sizing: border-box; margin: 0px; padding: 0px; border: 0px none; list-style-type: none;\">Pani Barbara otrzymuje emerytur\u0119 w wysoko\u015bci 2000 z\u0142 brutto. Po waloryzacji w marcu 2026 roku przys\u0142uguj\u0105ce jej \u015bwiadczenie wzro\u015bnie do 2098 z\u0142 brutto. W kwietniu 2026 roku, jednym przelewem, otrzyma ona tak\u017ce trzynast\u0105 emerytur\u0119 w wysoko\u015bci 1970,98 z\u0142 brutto. Suma tych dw\u00f3ch \u015bwiadcze\u0144 wyniesie 4068,98 z\u0142 brutto, czyli o 1568,98 z\u0142 wi\u0119cej 2500 z\u0142, kt\u00f3re uprawnia do zwolnienia z podatku dochodowego. W kwietniu pani Barbara b\u0119dzie wi\u0119c musia\u0142a zap\u0142aci\u0107 nie tylko sk\u0142adk\u0119 zdrowotn\u0105, ale tak\u017ce zaliczk\u0119 na podatek dochodowy. Sprawd\u017amy, ile:<\/em><\/p>\n<ul style=\"box-sizing: border-box; margin: 0px 0px 24px 10px; padding: 0px; border: 0px none; list-style-type: none; font-size: 20px; line-height: 1.625;\" data-scroll=\"bullet\">\n<li class=\"firstListItem\" style=\"box-sizing: border-box; margin: 0px 0px 5px; padding: 0px 0px 21px 20px; border: 0px none; list-style-type: none; position: relative; line-height: 1.5;\"><em style=\"box-sizing: border-box; margin: 0px; padding: 0px; border: 0px none; list-style-type: none;\">sk\u0142adk\u0119 zdrowotn\u0105 obliczamy od ca\u0142ej kwoty brutto, czyli 4068,98 z\u0142 * 9% = 366,21 z\u0142,<\/em><\/li>\n<li class=\"firstListItem\" style=\"box-sizing: border-box; margin: 0px 0px 5px; padding: 0px 0px 0px 20px; border: 0px none; list-style-type: none; position: relative; line-height: 1.5;\"><em style=\"box-sizing: border-box; margin: 0px; padding: 0px; border: 0px none; list-style-type: none;\">zaliczk\u0119 na podatek dochodowy obliczamy od kwoty przewy\u017cszaj\u0105cej 2500 z\u0142 (4068,98 z\u0142 \u2013 2500 z\u0142) * 12% = 1568,98 z\u0142 * 12% = 188,28 z\u0142.<\/em><\/li>\n<\/ul>\n<p class=\" \" style=\"box-sizing: border-box; margin: 0px 0px 21px; padding: 0px; border: 0px none; list-style-type: none; color: #202020; font-size: 18px; line-height: 1.625;\" data-puuid=\"2ecc363e-138e-48de-822f-f9b5bf7b306b\" data-scroll=\"paragraph\"><em style=\"box-sizing: border-box; margin: 0px; padding: 0px; border: 0px none; list-style-type: none;\">Pani Barbara otrzyma wi\u0119c w kwietniu przelew o \u0142\u0105cznej kwocie 3514,49 z\u0142, poniewa\u017c:<\/em><\/p>\n<p class=\" adSlotSibling\" style=\"box-sizing: border-box; margin: 0px 0px 21px; padding: 0px; border: 0px none; list-style-type: none; color: #202020; font-size: 18px; line-height: 1.625;\" data-puuid=\"ff236d43-7b0f-4dea-8360-205749d58862\" data-async-ad-slot=\"true\" data-scroll=\"paragraph\"><em style=\"box-sizing: border-box; margin: 0px; padding: 0px; border: 0px none; list-style-type: none;\">4068,98 z\u0142 (emerytura + trzynasta emerytura brutto) \u2013 366,21 z\u0142 (sk\u0142adka zdrowotna) \u2013 188,28 z\u0142 (zaliczka na podatek dochodowy) = 3514,49 z\u0142 (emerytura + trzynasta emerytura netto).<\/em><\/p>\n<p class=\" adSlotSibling\" style=\"box-sizing: border-box; margin: 0px 0px 21px; padding: 0px; border: 0px none; list-style-type: none; color: #202020; font-size: 18px; line-height: 1.625;\" data-puuid=\"ff236d43-7b0f-4dea-8360-205749d58862\" data-async-ad-slot=\"true\" data-scroll=\"paragraph\"><span style=\"font-family: 'Roboto Condensed', sans-serif; font-size: 19px; text-align: center; color: #000000;\">Kto dostanie trzynast\u0105 emerytur\u0119 w 2026 roku?<\/span><\/p>\n<p class=\" \" style=\"box-sizing: border-box; margin: 0px 0px 21px; padding: 0px; border: 0px none; list-style-type: none; color: #202020; font-size: 18px; line-height: 1.625;\" data-puuid=\"18ae18bf-4e6b-4fe3-b72c-4c22b682f32a\" data-scroll=\"paragraph\">Trzynasta emerytura zostanie wyp\u0142acona osobom, kt\u00f3rym<strong style=\"box-sizing: border-box; margin: 0px; padding: 0px; border: 0px none; list-style-type: none;\">\u00a0w dniu 31 marca 2026 roku<\/strong>\u00a0b\u0119dzie przys\u0142ugiwa\u0142o\u00a0<a id=\"9fe1f659-be27-4af7-b8ef-af6f91f5008f\" style=\"box-sizing: border-box; margin: 0px; padding: 0px; text-decoration-line: none; border: 0px none; list-style-type: none; color: #a5181c;\" title=\"prawo\" href=\"https:\/\/forsal.pl\/tagi\/prawo\">prawo<\/a>\u00a0do:<\/p>\n<ul style=\"box-sizing: border-box; margin: 0px 0px 24px 10px; padding: 0px; border: 0px none; list-style-type: none; font-size: 20px; line-height: 1.625;\" data-scroll=\"bullet\">\n<li class=\"firstListItem\" style=\"box-sizing: border-box; margin: 0px 0px 5px; padding: 0px 0px 21px 20px; border: 0px none; list-style-type: none; position: relative; line-height: 1.5;\">emerytury,<\/li>\n<li class=\"firstListItem\" style=\"box-sizing: border-box; margin: 0px 0px 5px; padding: 0px 0px 21px 20px; border: 0px none; list-style-type: none; position: relative; line-height: 1.5;\">renty z tytu\u0142u niezdolno\u015bci do pracy,<\/li>\n<li class=\"firstListItem\" style=\"box-sizing: border-box; margin: 0px 0px 5px; padding: 0px 0px 21px 20px; border: 0px none; list-style-type: none; position: relative; line-height: 1.5;\">renty rodzinnej,<\/li>\n<li class=\"firstListItem\" style=\"box-sizing: border-box; margin: 0px 0px 5px; padding: 0px 0px 21px 20px; border: 0px none; list-style-type: none; position: relative; line-height: 1.5;\">renty socjalnej,<\/li>\n<li class=\"firstListItem\" style=\"box-sizing: border-box; margin: 0px 0px 5px; padding: 0px 0px 21px 20px; border: 0px none; list-style-type: none; position: relative; line-height: 1.5;\">\u015bwiadczenia przedemerytalnego,<\/li>\n<li class=\"firstListItem\" style=\"box-sizing: border-box; margin: 0px 0px 5px; padding: 0px 0px 21px 20px; border: 0px none; list-style-type: none; position: relative; line-height: 1.5;\">\u015bwiadczenia kompensacyjnego dla nauczycieli,<\/li>\n<li class=\"firstListItem\" style=\"box-sizing: border-box; margin: 0px 0px 5px; padding: 0px 0px 0px 20px; border: 0px none; list-style-type: none; position: relative; line-height: 1.5;\">\u015bwiadczenia uzupe\u0142niaj\u0105cego dla os\u00f3b niezdolnych do samodzielnej egzystencji.<\/li>\n<\/ul>\n<h2 id=\"kto-nie-dostanie-trzynastej-emerytury-w-2026-roku\" class=\"tableOfContent\" style=\"box-sizing: border-box; margin: -70px 0px 10px; padding: 70px 0px 0px; border: 0px none; list-style-type: none; font-family: 'Roboto Condensed', sans-serif; font-size: 19px; line-height: 1.4;\">Kto nie dostanie trzynastej emerytury w 2026 roku?<\/h2>\n<p class=\" \" style=\"box-sizing: border-box; margin: 0px 0px 21px; padding: 0px; border: 0px none; list-style-type: none; color: #202020; font-size: 18px; line-height: 1.625;\" data-puuid=\"f7e6a8b2-0096-4678-8bb3-00ade28b7297\" data-scroll=\"paragraph\"><strong style=\"box-sizing: border-box; margin: 0px; padding: 0px; border: 0px none; list-style-type: none;\">Trzynasta emerytura nie b\u0119dzie przys\u0142ugiwa\u0142a osobom, kt\u00f3re<\/strong>:<\/p>\n<p>nie b\u0119d\u0105 mia\u0142y ustalonego prawa do \u017cadnego z wymienionych wy\u017cej \u015bwiadcze\u0144 na dzie\u0144 31 marca 2026 roku,<\/p>\n<ul style=\"box-sizing: border-box; margin: 0px 0px 24px 10px; padding: 0px; border: 0px none; list-style-type: none; font-size: 20px; line-height: 1.625;\" data-scroll=\"bullet\">\n<li class=\"firstListItem\" style=\"box-sizing: border-box; margin: 0px 0px 5px; padding: 0px 0px 21px 20px; border: 0px none; list-style-type: none; position: relative; line-height: 1.5;\">pobieraj\u0105 emerytur\u0119 olimpijsk\u0105,<\/li>\n<li class=\"firstListItem\" style=\"box-sizing: border-box; margin: 0px 0px 5px; padding: 0px 0px 0px 20px; border: 0px none; list-style-type: none; position: relative; line-height: 1.5;\">pobieraj\u0105 \u015bwiadczenia dla s\u0119dzi\u00f3w w stanie spoczynku i prokurator\u00f3w.<\/li>\n<li class=\"firstListItem\" style=\"box-sizing: border-box; margin: 0px 0px 5px; padding: 0px 0px 0px 20px; border: 0px none; list-style-type: none; position: relative; line-height: 1.5;\">\n<div class=\"frameImageWrapper vertical\" style=\"box-sizing: border-box; margin: 0px; padding: 0px; border: 0px none; list-style-type: none; position: relative; display: inline !important;\">\n<div class=\"articleReadMoreBody\" style=\"box-sizing: border-box; margin: 0px; padding: 0px; border: 0px none; list-style-type: none; display: inline !important;\">\n<div class=\"title\" style=\"box-sizing: border-box; margin: 0px 0px 5px; padding: 0px; border: 0px none; list-style-type: none; font-size: 18px; line-height: 20px; font-family: 'Roboto Condensed', sans-serif; color: #231f20; display: inline !important;\"><span style=\"font-size: 19px; color: #000000;\">To b\u0119dzie najni\u017csza podwy\u017cka w 13. emeryturach od lat<\/span><\/div>\n<\/div>\n<\/div>\n<\/li>\n<\/ul>\n<p class=\" \" style=\"box-sizing: border-box; margin: 0px 0px 21px; padding: 0px; border: 0px none; list-style-type: none; color: #202020; font-size: 18px; line-height: 1.625;\" data-puuid=\"3fa6663c-72f9-46f4-b9cc-0e6b682058b0\" data-scroll=\"paragraph\">Przewiduje si\u0119, \u017ce\u00a0<strong style=\"box-sizing: border-box; margin: 0px; padding: 0px; border: 0px none; list-style-type: none;\">w 2026 roku wysoko\u015b\u0107 13. emerytury wzro\u015bnie jedynie o oko\u0142o 92 z\u0142ote\u00a0<\/strong>w por\u00f3wnaniu z rokiem 2025. To pierwsza tak niska podwy\u017cka od kilku lat. Dla przypomnienia trzynaste emerytury wynosi\u0142y odpowiednio:<\/p>\n<ul style=\"box-sizing: border-box; margin: 0px 0px 24px 10px; padding: 0px; border: 0px none; list-style-type: none; font-size: 20px; line-height: 1.625;\" data-scroll=\"bullet\">\n<li class=\"firstListItem\" style=\"box-sizing: border-box; margin: 0px 0px 5px; padding: 0px 0px 21px 20px; border: 0px none; list-style-type: none; position: relative; line-height: 1.5;\">w roku 2025 \u2013 1878,91 z\u0142 brutto;<\/li>\n<li class=\"firstListItem\" style=\"box-sizing: border-box; margin: 0px 0px 5px; padding: 0px 0px 21px 20px; border: 0px none; list-style-type: none; position: relative; line-height: 1.5;\">w roku 2024 &#8211; 1780,96 z\u0142 brutto;<\/li>\n<li class=\"firstListItem\" style=\"box-sizing: border-box; margin: 0px 0px 5px; padding: 0px 0px 21px 20px; border: 0px none; list-style-type: none; position: relative; line-height: 1.5;\">w roku 2023 &#8211; 1588,44 z\u0142 brutto;<\/li>\n<li class=\"firstListItem\" style=\"box-sizing: border-box; margin: 0px 0px 5px; padding: 0px 0px 0px 20px; border: 0px none; list-style-type: none; position: relative; line-height: 1.5;\">w roku 2022 &#8211; 1338,44 z\u0142 brutto.<\/li>\n<\/ul>\n<p class=\" \" style=\"box-sizing: border-box; margin: 0px 0px 21px; padding: 0px; border: 0px none; list-style-type: none; color: #202020; font-size: 18px; line-height: 1.625;\" data-puuid=\"7a07001f-2af3-4321-8de7-75ed0d0371cd\" data-scroll=\"paragraph\">Ta symboliczna waloryzacja, a co za tym idzie \u2013 podwy\u017cka 13. emerytury, jest konsekwencj\u0105 wcze\u015bniejszej, gwa\u0142townej fali inflacji sprzed kilku lat. Prognozowany na 2026 rok wska\u017anik waloryzacji w wysoko\u015bci 4,9% oznacza\u00a0<strong style=\"box-sizing: border-box; margin: 0px; padding: 0px; border: 0px none; list-style-type: none;\">powr\u00f3t do najni\u017cszych warto\u015bci notowanych jeszcze przed kryzysem inflacyjnym<\/strong>.<\/p>\n<h2 id=\"kiedy-poznamy-ostateczne-dane-dotyczace-trzynastych-emerytur-w-2026-roku\" class=\"tableOfContent\" style=\"box-sizing: border-box; margin: -70px 0px 10px; padding: 70px 0px 0px; border: 0px none; list-style-type: none; font-family: 'Roboto Condensed', sans-serif; font-size: 19px; line-height: 1.4;\">Kiedy poznamy ostateczne dane dotycz\u0105ce trzynastych emerytur w 2026 roku?<\/h2>\n<p class=\" \" style=\"box-sizing: border-box; margin: 0px 0px 21px; padding: 0px; border: 0px none; list-style-type: none; color: #202020; font-size: 18px; line-height: 1.625;\" data-puuid=\"8a285069-3253-47b0-8007-7b7bf52a251a\" data-scroll=\"paragraph\">Na ten moment wszystkie przedstawiane kwoty s\u0105 jedynie prognozami. Ostateczna warto\u015b\u0107 wska\u017anika waloryzacji zostanie podana dopiero\u00a0<strong style=\"box-sizing: border-box; margin: 0px; padding: 0px; border: 0px none; list-style-type: none;\">w lutym 2026 roku<\/strong>, kiedy GUS opublikuje oficjalne dane dotycz\u0105ce inflacji oraz wzrostu p\u0142ac w 2025 roku. Wtedy te\u017c poznamy ostateczn\u0105 wysoko\u015b\u0107 trzynastej emerytury, jaka zostanie wyp\u0142acona seniorom w 2026 roku.<\/p>\n<p data-puuid=\"8a285069-3253-47b0-8007-7b7bf52a251a\" data-scroll=\"paragraph\">\u0179r\u00f3d\u0142o Forsal.pl<\/p>\n<p data-puuid=\"8a285069-3253-47b0-8007-7b7bf52a251a\" data-scroll=\"paragraph\">\n<\/div>\n<\/div>\n<\/div>\n<\/div>\n<\/div>\n<\/div>\n<div style=\"padding-bottom:20px; padding-top:10px;\" class=\"hupso-share-buttons\"><!-- Hupso Share Buttons - https:\/\/www.hupso.com\/share\/ --><a class=\"hupso_pop\" href=\"https:\/\/www.hupso.com\/share\/\"><img decoding=\"async\" data-src=\"http:\/\/static.hupso.com\/share\/buttons\/button100x23.png\" style=\"border:0px; width:100; height: 23; \" alt=\"Share Button\" src=\"data:image\/svg+xml;base64,PHN2ZyB3aWR0aD0iMSIgaGVpZ2h0PSIxIiB4bWxucz0iaHR0cDovL3d3dy53My5vcmcvMjAwMC9zdmciPjwvc3ZnPg==\" class=\"lazyload\" \/><\/a><script type=\"text\/javascript\">var hupso_services=new Array(\"Twitter\",\"Facebook\",\"Pinterest\",\"Linkedin\",\"Tumblr\",\"StumbleUpon\",\"Digg\",\"Reddit\",\"Bebo\",\"Delicious\",\"QZone\",\"Renren\",\"Email\");var hupso_icon_type = \"labels\";var hupso_background=\"#3BF8FF\";var hupso_border=\"#FF2B0A\";var hupso_image_folder_url = \"\";var hupso_url=\"\";var hupso_title=\"13.%20emerytura%20w%202026%20roku.%20Tak%20ma%C5%82ych%20podwy%C5%BCek%20nie%20by%C5%82o%20od%20lat.%20Ile%20dostan%C4%85%20seniorzy%3F\";<\/script><script type=\"text\/javascript\" src=\"http:\/\/static.hupso.com\/share\/js\/share.js\"><\/script><!-- Hupso Share Buttons --><\/div>","protected":false},"excerpt":{"rendered":"<p>aZUS w\u0142a\u015bnie rozpocz\u0105\u0142 wyp\u0142at\u0119 14. emerytur, a my postanowili\u015bmy przyjrze\u0107 si\u0119 ju\u017c przysz\u0142orocznej waloryzacji. O ile wzrosn\u0105 \u015bwiadczenia? Ile wyniesie 13. emerytura w 2026 roku? Niestety, prognozy nie s\u0105 zbyt&hellip; <\/p>\n<div style=\"padding-bottom:20px; padding-top:10px;\" class=\"hupso-share-buttons\"><!-- Hupso Share Buttons - https:\/\/www.hupso.com\/share\/ --><a class=\"hupso_pop\" href=\"https:\/\/www.hupso.com\/share\/\"><img data-src=\"http:\/\/static.hupso.com\/share\/buttons\/button100x23.png\" style=\"border:0px; width:100; height: 23; \" alt=\"Share Button\" src=\"data:image\/svg+xml;base64,PHN2ZyB3aWR0aD0iMSIgaGVpZ2h0PSIxIiB4bWxucz0iaHR0cDovL3d3dy53My5vcmcvMjAwMC9zdmciPjwvc3ZnPg==\" class=\"lazyload\" \/><\/a><script type=\"text\/javascript\">var hupso_services=new Array(\"Twitter\",\"Facebook\",\"Pinterest\",\"Linkedin\",\"Tumblr\",\"StumbleUpon\",\"Digg\",\"Reddit\",\"Bebo\",\"Delicious\",\"QZone\",\"Renren\",\"Email\");var hupso_icon_type = \"labels\";var hupso_background=\"#3BF8FF\";var hupso_border=\"#FF2B0A\";var hupso_image_folder_url = \"\";var hupso_url=\"\";var hupso_title=\"13.%20emerytura%20w%202026%20roku.%20Tak%20ma%C5%82ych%20podwy%C5%BCek%20nie%20by%C5%82o%20od%20lat.%20Ile%20dostan%C4%85%20seniorzy%3F\";<\/script><script type=\"text\/javascript\" src=\"http:\/\/static.hupso.com\/share\/js\/share.js\"><\/script><!-- Hupso Share Buttons --><\/div>","protected":false},"author":1,"featured_media":2765,"comment_status":"open","ping_status":"open","sticky":false,"template":"","format":"standard","meta":{"_acf_changed":false,"wprm-recipe-roundup-name":"","wprm-recipe-roundup-description":"","footnotes":""},"categories":[19,28],"tags":[],"class_list":["post-9693","post","type-post","status-publish","format-standard","has-post-thumbnail","hentry","category-aktualnosci","category-wyd"],"acf":[],"amp_enabled":true,"_links":{"self":[{"href":"http:\/\/portalm\u0142awa.pl\/index.php?rest_route=\/wp\/v2\/posts\/9693","targetHints":{"allow":["GET"]}}],"collection":[{"href":"http:\/\/portalm\u0142awa.pl\/index.php?rest_route=\/wp\/v2\/posts"}],"about":[{"href":"http:\/\/portalm\u0142awa.pl\/index.php?rest_route=\/wp\/v2\/types\/post"}],"author":[{"embeddable":true,"href":"http:\/\/portalm\u0142awa.pl\/index.php?rest_route=\/wp\/v2\/users\/1"}],"replies":[{"embeddable":true,"href":"http:\/\/portalm\u0142awa.pl\/index.php?rest_route=%2Fwp%2Fv2%2Fcomments&post=9693"}],"version-history":[{"count":6,"href":"http:\/\/portalm\u0142awa.pl\/index.php?rest_route=\/wp\/v2\/posts\/9693\/revisions"}],"predecessor-version":[{"id":9700,"href":"http:\/\/portalm\u0142awa.pl\/index.php?rest_route=\/wp\/v2\/posts\/9693\/revisions\/9700"}],"wp:featuredmedia":[{"embeddable":true,"href":"http:\/\/portalm\u0142awa.pl\/index.php?rest_route=\/wp\/v2\/media\/2765"}],"wp:attachment":[{"href":"http:\/\/portalm\u0142awa.pl\/index.php?rest_route=%2Fwp%2Fv2%2Fmedia&parent=9693"}],"wp:term":[{"taxonomy":"category","embeddable":true,"href":"http:\/\/portalm\u0142awa.pl\/index.php?rest_route=%2Fwp%2Fv2%2Fcategories&post=9693"},{"taxonomy":"post_tag","embeddable":true,"href":"http:\/\/portalm\u0142awa.pl\/index.php?rest_route=%2Fwp%2Fv2%2Ftags&post=9693"}],"curies":[{"name":"wp","href":"https:\/\/api.w.org\/{rel}","templated":true}]}}