{"id":9708,"date":"2025-09-04T11:56:30","date_gmt":"2025-09-04T09:56:30","guid":{"rendered":"http:\/\/portalm\u0142awa.pl\/?p=9708"},"modified":"2025-09-04T12:11:19","modified_gmt":"2025-09-04T10:11:19","slug":"79-osob-bez-dachu-nad-glowa-a-ratusz-odpowiada-stan-techniczny-jest-wzgledny-czy-taka-powinna-reakcja-wladz","status":"publish","type":"post","link":"http:\/\/portalm\u0142awa.pl\/?p=9708","title":{"rendered":"79 os\u00f3b straci\u0142o dach nad g\u0142ow\u0105, a Ratusz odpowiada: \u201estan techniczny jest wzgl\u0119dny\u201d! Czy taka powinna  reakcja w\u0142adz?"},"content":{"rendered":"<p style=\"text-align: justify;\">Niedawno<span style=\"font-size: 12pt;\"> M\u0142awa do\u015bwiadczy\u0142a dramatycznego po\u017caru na ulicy S\u0142owackiego. <strong>79 os\u00f3b straci\u0142o dach nad g\u0142ow\u0105<\/strong>, a wci\u0105\u017c istniej\u0105 trzy budynki tego samego typu, w kt\u00f3rych mieszka <strong>194 mieszka\u0144c\u00f3w<\/strong>. Pytani o stan techniczny tych obiekt\u00f3w i zobaczcie jak przedstawiciel miasta odpowiada: \u201e<strong>ustalenie stanu technicznego jest poj\u0119ciem wzgl\u0119dnym, trudno zaj\u0105\u0107 konkretne stanowisko<\/strong>\u201d \u2013 m\u00f3wi Artur Ryfi\u0144ski, Naczelnik Wydzia\u0142u Promocji i Wsp\u00f3\u0142pracy w Urz\u0119dzie Miasta M\u0142awa.\u00a0<\/span><\/p>\n<p style=\"text-align: justify;\"><span style=\"font-size: 12pt;\">Jak nazwa\u0107 tak\u0105 postaw\u0119? Czy \u017cycie i bezpiecze\u0144stwo mieszka\u0144c\u00f3w naprawd\u0119 jest poj\u0119ciem wzgl\u0119dnym?<\/span><\/p>\n<p style=\"text-align: justify;\"><span style=\"font-size: 12pt;\">Miasto M\u0142awa jest w\u0142a\u015bcicielem <strong>5 budynk\u00f3w mieszkalnych<\/strong> przy ul. S\u0142owackiego. Trzy z nich s\u0105 podobne do spalonego i zamieszkuje je blisko <strong>200 os\u00f3b<\/strong>. Po tragicznym wypadku naturalnym wydaje si\u0119, \u017ce natychmiastowa kontrola i modernizacja powinna by\u0107 priorytetem. Tymczasem odpowied\u017a z Ratusza &#8211; <span style=\"color: #000000;\"><span style=\"font-family: Calibri, sans-serif; text-indent: -24px;\">Prace remontowe maj\u0105 si\u0119 rozpocz\u0105\u0107 w <\/span><strong style=\"font-family: Calibri, sans-serif; text-indent: -24px;\">2026 roku<\/strong><span style=\"font-family: Calibri, sans-serif; text-indent: -24px;\">\u00a0i zako\u0144czy\u0107 w\u00a0<\/span><strong style=\"font-family: Calibri, sans-serif; text-indent: -24px;\">2027 roku<\/strong><span style=\"font-family: Calibri, sans-serif; text-indent: -24px;\">, zgodnie z planem remont\u00f3w uj\u0119tych w za\u0142\u0105czniku do\u00a0<\/span><strong style=\"font-family: Calibri, sans-serif; text-indent: -24px;\">Uchwa\u0142y nr XLVII\/612\/2023 Rady Miasta M\u0142awa z dnia 10 lutego 2023 roku. Zaplanowane prace remontowe, b\u0119d\u0105 obejmowa\u0107 m.in. wymian\u0119 pion\u00f3w i poziom\u00f3w wodoci\u0105gowych i kanalizacyjnych<b>; <\/b>wymian\u0119 okien na klatkach schodowych;<br \/>\nwymian\u0119 drzwi zewn\u0119trznych do budynk\u00f3w;<br \/>\nmalowanie klatek schodowych; remont schod\u00f3w i podest\u00f3w zewn\u0119trznych. &#8211; odpowiada <\/strong><\/span><b><i>Anna Kubi\u0144ska z <\/i><\/b><i>Wydzia\u0142u Gospodarki Komunalnej, Mieszkaniowej i Ochrony \u015arodowiska<\/i><\/span><\/p>\n<p style=\"text-align: justify;\"><span style=\"font-size: 12pt;\">To nie tylko kwestia po\u017caru \u2013 to <strong>alarmuj\u0105cy sygna\u0142 ostrzegawczy<\/strong> dla wszystkich mieszka\u0144c\u00f3w. Czy w\u0142adze miasta traktuj\u0105 bezpiecze\u0144stwo ludzi powa\u017cnie? Czy po\u017car nie jest dostateczn\u0105 nauczk\u0105?<\/span><\/p>\n<p style=\"text-align: justify;\"><span style=\"font-size: 12pt;\"><strong>Co s\u0105dzisz o takiej postawie Ratusza? Czy mieszka\u0144cy maj\u0105 czu\u0107 si\u0119 bezpiecznie w takich budynkach?<\/strong><\/span><\/p>\n<p style=\"text-align: justify;\"><span style=\"font-size: 12pt;\">T.B<\/span><\/p>\n<p style=\"box-sizing: border-box; margin-top: 0px; margin-bottom: 15px; color: #555555; font-family: Roboto, sans-serif; font-size: 15px; text-align: justify;\"><span style=\"font-size: 12pt;\">Komentarze<\/span><\/p>\n<p style=\"box-sizing: border-box; margin-top: 0px; margin-bottom: 15px; color: #555555; font-family: Roboto, sans-serif; font-size: 15px; text-align: justify;\"><span style=\"font-size: 12pt;\">Wydawca portalu nie ponosi odpowiedzialno\u015bci za tre\u015b\u0107 komentarzy zamieszczanych przez u\u017cytkownik\u00f3w. Osoby zamieszczaj\u0105ce wypowiedzi naruszaj\u0105ce prawo lub prawem chronione dobra os\u00f3b trzecich mog\u0105 ponie\u015b\u0107 z tego tytu\u0142u odpowiedzialno\u015b\u0107 karn\u0105 lub cywiln\u0105.JEDNOCZE\u015aNIE U\u017bYTKOWNICY ZAMIESZCZAJ\u0104C KOMENTARZ O\u015aWIADCZAJ\u0104, \u017bE BIOR\u0104 PE\u0141N\u0104 ODPOWIEDZIALNO\u015a\u0106 ZA TRE\u015aCI UMIESZCZONE PRZEZ SIEBIE<\/span><\/p>\n<div style=\"padding-bottom:20px; padding-top:10px;\" class=\"hupso-share-buttons\"><!-- Hupso Share Buttons - https:\/\/www.hupso.com\/share\/ --><a class=\"hupso_pop\" href=\"https:\/\/www.hupso.com\/share\/\"><img decoding=\"async\" data-src=\"http:\/\/static.hupso.com\/share\/buttons\/button100x23.png\" style=\"border:0px; width:100; height: 23; \" alt=\"Share Button\" src=\"data:image\/svg+xml;base64,PHN2ZyB3aWR0aD0iMSIgaGVpZ2h0PSIxIiB4bWxucz0iaHR0cDovL3d3dy53My5vcmcvMjAwMC9zdmciPjwvc3ZnPg==\" class=\"lazyload\" \/><\/a><script type=\"text\/javascript\">var hupso_services=new Array(\"Twitter\",\"Facebook\",\"Pinterest\",\"Linkedin\",\"Tumblr\",\"StumbleUpon\",\"Digg\",\"Reddit\",\"Bebo\",\"Delicious\",\"QZone\",\"Renren\",\"Email\");var hupso_icon_type = \"labels\";var hupso_background=\"#3BF8FF\";var hupso_border=\"#FF2B0A\";var hupso_image_folder_url = \"\";var hupso_url=\"\";var hupso_title=\"79%20os%C3%B3b%20straci%C5%82o%20dach%20nad%20g%C5%82ow%C4%85%2C%20a%20Ratusz%20odpowiada%3A%20%E2%80%9Estan%20techniczny%20jest%20wzgl%C4%99dny%E2%80%9D%21%20Czy%20taka%20powinna%20%20reakcja%20w%C5%82adz%3F\";<\/script><script type=\"text\/javascript\" src=\"http:\/\/static.hupso.com\/share\/js\/share.js\"><\/script><!-- Hupso Share Buttons --><\/div>","protected":false},"excerpt":{"rendered":"<p>Niedawno M\u0142awa do\u015bwiadczy\u0142a dramatycznego po\u017caru na ulicy S\u0142owackiego. 79 os\u00f3b straci\u0142o dach nad g\u0142ow\u0105, a wci\u0105\u017c istniej\u0105 trzy budynki tego samego typu, w kt\u00f3rych mieszka 194 mieszka\u0144c\u00f3w. Pytani o stan&hellip; <\/p>\n<div style=\"padding-bottom:20px; padding-top:10px;\" class=\"hupso-share-buttons\"><!-- Hupso Share Buttons - https:\/\/www.hupso.com\/share\/ --><a class=\"hupso_pop\" href=\"https:\/\/www.hupso.com\/share\/\"><img data-src=\"http:\/\/static.hupso.com\/share\/buttons\/button100x23.png\" style=\"border:0px; width:100; height: 23; \" alt=\"Share Button\" src=\"data:image\/svg+xml;base64,PHN2ZyB3aWR0aD0iMSIgaGVpZ2h0PSIxIiB4bWxucz0iaHR0cDovL3d3dy53My5vcmcvMjAwMC9zdmciPjwvc3ZnPg==\" class=\"lazyload\" \/><\/a><script type=\"text\/javascript\">var hupso_services=new Array(\"Twitter\",\"Facebook\",\"Pinterest\",\"Linkedin\",\"Tumblr\",\"StumbleUpon\",\"Digg\",\"Reddit\",\"Bebo\",\"Delicious\",\"QZone\",\"Renren\",\"Email\");var hupso_icon_type = \"labels\";var hupso_background=\"#3BF8FF\";var hupso_border=\"#FF2B0A\";var hupso_image_folder_url = \"\";var hupso_url=\"\";var hupso_title=\"79%20os%C3%B3b%20straci%C5%82o%20dach%20nad%20g%C5%82ow%C4%85%2C%20a%20Ratusz%20odpowiada%3A%20%E2%80%9Estan%20techniczny%20jest%20wzgl%C4%99dny%E2%80%9D%21%20Czy%20taka%20powinna%20%20reakcja%20w%C5%82adz%3F\";<\/script><script type=\"text\/javascript\" src=\"http:\/\/static.hupso.com\/share\/js\/share.js\"><\/script><!-- Hupso Share Buttons --><\/div>","protected":false},"author":1,"featured_media":7484,"comment_status":"open","ping_status":"open","sticky":false,"template":"","format":"standard","meta":{"_acf_changed":false,"wprm-recipe-roundup-name":"","wprm-recipe-roundup-description":"","footnotes":""},"categories":[19,28],"tags":[],"class_list":["post-9708","post","type-post","status-publish","format-standard","has-post-thumbnail","hentry","category-aktualnosci","category-wyd"],"acf":[],"amp_enabled":true,"_links":{"self":[{"href":"http:\/\/portalm\u0142awa.pl\/index.php?rest_route=\/wp\/v2\/posts\/9708","targetHints":{"allow":["GET"]}}],"collection":[{"href":"http:\/\/portalm\u0142awa.pl\/index.php?rest_route=\/wp\/v2\/posts"}],"about":[{"href":"http:\/\/portalm\u0142awa.pl\/index.php?rest_route=\/wp\/v2\/types\/post"}],"author":[{"embeddable":true,"href":"http:\/\/portalm\u0142awa.pl\/index.php?rest_route=\/wp\/v2\/users\/1"}],"replies":[{"embeddable":true,"href":"http:\/\/portalm\u0142awa.pl\/index.php?rest_route=%2Fwp%2Fv2%2Fcomments&post=9708"}],"version-history":[{"count":4,"href":"http:\/\/portalm\u0142awa.pl\/index.php?rest_route=\/wp\/v2\/posts\/9708\/revisions"}],"predecessor-version":[{"id":9712,"href":"http:\/\/portalm\u0142awa.pl\/index.php?rest_route=\/wp\/v2\/posts\/9708\/revisions\/9712"}],"wp:featuredmedia":[{"embeddable":true,"href":"http:\/\/portalm\u0142awa.pl\/index.php?rest_route=\/wp\/v2\/media\/7484"}],"wp:attachment":[{"href":"http:\/\/portalm\u0142awa.pl\/index.php?rest_route=%2Fwp%2Fv2%2Fmedia&parent=9708"}],"wp:term":[{"taxonomy":"category","embeddable":true,"href":"http:\/\/portalm\u0142awa.pl\/index.php?rest_route=%2Fwp%2Fv2%2Fcategories&post=9708"},{"taxonomy":"post_tag","embeddable":true,"href":"http:\/\/portalm\u0142awa.pl\/index.php?rest_route=%2Fwp%2Fv2%2Ftags&post=9708"}],"curies":[{"name":"wp","href":"https:\/\/api.w.org\/{rel}","templated":true}]}}