{"id":9779,"date":"2025-09-05T11:10:10","date_gmt":"2025-09-05T09:10:10","guid":{"rendered":"http:\/\/portalm\u0142awa.pl\/?p=9779"},"modified":"2025-09-05T11:10:10","modified_gmt":"2025-09-05T09:10:10","slug":"15-latek-na-crossie-uciekal-przed-policja","status":"publish","type":"post","link":"http:\/\/portalm\u0142awa.pl\/?p=9779","title":{"rendered":"15-latek na crossie ucieka\u0142 przed policj\u0105"},"content":{"rendered":"<div class=\"head\" style=\"color: #000000; font-family: Arial, Helvetica, sans-serif; font-size: 15.996px; word-spacing: 2.55936px;\">\n<p class=\"intro\" style=\"font-size: 17.5956px; text-align: justify;\"><strong>Policjanci z p\u0142ockiej drog\u00f3wki zatrzymali nieletniego, kt\u00f3ry chcia\u0142 unikn\u0105\u0107 kontroli drogowej. 15-latek przed funkcjonariuszami ucieka\u0142 na crossie. Nie posiada\u0142 wymaganych uprawnie\u0144, a pojazd by\u0142 nieubezpieczony i niedopuszczony do ruchu. Sprawa trafi do s\u0105du rodzinnego, kt\u00f3ry zdecyduje o dalszych konsekwencjach.<\/strong><\/p>\n<\/div>\n<p style=\"color: #000000; font-family: Arial, Helvetica, sans-serif; font-size: 15.996px; word-spacing: 2.55936px; margin-bottom: 11px; text-align: justify;\">W \u015brod\u0119 (3.09) policjanci z Wydzia\u0142u Ruchu Drogowego p\u0142ockiej jednostki policji, patroluj\u0105c teren jednej z gmin, zauwa\u017cyli kieruj\u0105cego motocyklem bez tablicy rejestracyjnej. Funkcjonariusze podj\u0119li pr\u00f3b\u0119 zatrzymania pojazdu, u\u017cywaj\u0105c sygna\u0142\u00f3w \u015bwietlnych i d\u017awi\u0119kowych. Jednak kieruj\u0105cy jedno\u015bladem nie reagowa\u0142 i zacz\u0105\u0142 ucieka\u0107. Policjanci natychmiast ruszyli w po\u015bcig. Uciekinier chc\u0105c zgubi\u0107 patrol skr\u0119ca\u0142 w lokalne drogi. Po kr\u00f3tkim czasie zosta\u0142 zatrzymany przez policjant\u00f3w. Jak si\u0119 okaza\u0142o, kieruj\u0105cym motocyklem by\u0142 15-latek, kt\u00f3ry nie posiada\u0142 wymaganych uprawnie\u0144 do kierowania tego typu pojazdem. Dodatkowo motocykl typu cross nie by\u0142 ubezpieczony ani dopuszczony do ruchu. Po wykonaniu czynno\u015bci 15-latek zosta\u0142 przekazany pod opiek\u0119 matce.<\/p>\n<p style=\"color: #000000; font-family: Arial, Helvetica, sans-serif; font-size: 15.996px; word-spacing: 2.55936px; margin-bottom: 11px; text-align: justify;\">M\u0142ody mieszkaniec powiatu p\u0142ockiego za niezatrzymanie si\u0119 do kontroli drogowej, kierowanie pojazdem niedopuszczonym do ruchu oraz pomimo braku uprawnie\u0144 odpowie przed s\u0105dem rodzinnym.<\/p>\n<p style=\"color: #000000; font-family: Arial, Helvetica, sans-serif; font-size: 15.996px; word-spacing: 2.55936px; margin-bottom: 11px; text-align: justify;\"><strong>Policja apeluje o rozwag\u0119!<\/strong><\/p>\n<p style=\"color: #000000; font-family: Arial, Helvetica, sans-serif; font-size: 15.996px; word-spacing: 2.55936px; margin-bottom: 11px; text-align: justify;\">Nieletni poruszaj\u0105cy si\u0119 pojazdami mechanicznymi bez wymaganych uprawnie\u0144 to zagro\u017cenie \u2013 zar\u00f3wno dla samych kieruj\u0105cych, jak i innych uczestnik\u00f3w ruchu. Brak do\u015bwiadczenia, umiej\u0119tno\u015bci i wiedzy o przepisach zwi\u0119ksza ryzyko wypadku. Jazda nieubezpieczonym i niedopuszczonym do ruchu pojazdem to dodatkowe konsekwencje prawne i finansowe, a ucieczka przed patrolem mo\u017ce sko\u0144czy\u0107 si\u0119 tragedi\u0105.<\/p>\n<p style=\"color: #000000; font-family: Arial, Helvetica, sans-serif; font-size: 15.996px; word-spacing: 2.55936px; margin-bottom: 11px; text-align: justify;\">Rodzice odgrywaj\u0105 kluczow\u0105 rol\u0119 w kszta\u0142towaniu postaw m\u0142odych os\u00f3b. Policjanci apeluj\u0105, aby od najm\u0142odszych lat u\u015bwiadamia\u0107, jakie zagro\u017cenia wi\u0105\u017c\u0105 si\u0119 z nieodpowiedzialnym zachowaniem na drodze. Wa\u017cne aby m\u0142odzi ludzie korzystali z pojazd\u00f3w wy\u0142\u0105cznie zgodnie z prawem i w\u0142asnymi mo\u017cliwo\u015bciami.<\/p>\n<p style=\"color: #000000; font-family: Arial, Helvetica, sans-serif; font-size: 15.996px; word-spacing: 2.55936px; margin-bottom: 11px; text-align: justify;\">podkom. Monika Jakubowska\/KMP w P\u0142ocku<\/p>\n<p style=\"box-sizing: border-box; margin-top: 0px; margin-bottom: 15px; color: #555555; font-family: Roboto, sans-serif; font-size: 15px; text-align: justify;\"><span style=\"box-sizing: border-box; font-weight: bolder;\">KOMENTARZE<\/span><\/p>\n<p style=\"box-sizing: border-box; margin-top: 0px; margin-bottom: 15px; color: #555555; font-family: Roboto, sans-serif; font-size: 15px; text-align: justify;\"><em style=\"box-sizing: border-box;\">Wydawca portalu nie ponosi odpowiedzialno\u015bci za tre\u015b\u0107 komentarzy zamieszczanych przez u\u017cytkownik\u00f3w. Osoby zamieszczaj\u0105ce wypowiedzi naruszaj\u0105ce prawo lub prawem chronione dobra os\u00f3b trzecich mog\u0105 ponie\u015b\u0107 z tego tytu\u0142u odpowiedzialno\u015b\u0107 karn\u0105 lub cywiln\u0105.<\/em><span style=\"box-sizing: border-box; font-weight: bolder;\"><em style=\"box-sizing: border-box;\">JEDNOCZE\u015aNIE UZYTKOWNICY ZAMIESZCZAJ\u0104C KOMENTARZ OSWIADCZAJ\u0104, \u017bE BIOR\u0104 PE\u0141N\u0104 ODPOWIEDZIALNO\u015a\u0106 ZA TRE\u015aCI UMIESZCZONE PRZEZ SIEBIE<\/em><\/span><\/p>\n<section class=\"margin_y20 clear\" style=\"margin-top: 20px; margin-bottom: 20px; clear: both; color: #000000; font-family: Arial, Helvetica, sans-serif; font-size: 15.996px; word-spacing: 2.55936px;\">\n<h3 style=\"font-size: 1.1em; line-height: 26.3934px; font-weight: normal; color: #4a4a4a; padding: 0px; margin: 0px 0px 0.5em; text-align: justify;\"><span class=\"sr-only\" style=\"position: absolute !important; width: 1px !important; height: 1px !important; padding: 0px !important; margin: -1px !important; overflow: hidden !important; clip: rect(1px, 1px, 1px, 1px) !important; border: 0px !important; clip-path: inset(50%) !important; text-wrap-mode: nowrap !important;\">Film<\/span><\/h3>\n<\/section>\n<div style=\"padding-bottom:20px; padding-top:10px;\" class=\"hupso-share-buttons\"><!-- Hupso Share Buttons - https:\/\/www.hupso.com\/share\/ --><a class=\"hupso_pop\" href=\"https:\/\/www.hupso.com\/share\/\"><img decoding=\"async\" data-src=\"http:\/\/static.hupso.com\/share\/buttons\/button100x23.png\" style=\"border:0px; width:100; height: 23; \" alt=\"Share Button\" src=\"data:image\/svg+xml;base64,PHN2ZyB3aWR0aD0iMSIgaGVpZ2h0PSIxIiB4bWxucz0iaHR0cDovL3d3dy53My5vcmcvMjAwMC9zdmciPjwvc3ZnPg==\" class=\"lazyload\" \/><\/a><script type=\"text\/javascript\">var hupso_services=new Array(\"Twitter\",\"Facebook\",\"Pinterest\",\"Linkedin\",\"Tumblr\",\"StumbleUpon\",\"Digg\",\"Reddit\",\"Bebo\",\"Delicious\",\"QZone\",\"Renren\",\"Email\");var hupso_icon_type = \"labels\";var hupso_background=\"#3BF8FF\";var hupso_border=\"#FF2B0A\";var hupso_image_folder_url = \"\";var hupso_url=\"\";var hupso_title=\"15-latek%20na%20crossie%20ucieka%C5%82%20przed%20policj%C4%85\";<\/script><script type=\"text\/javascript\" src=\"http:\/\/static.hupso.com\/share\/js\/share.js\"><\/script><!-- Hupso Share Buttons --><\/div>","protected":false},"excerpt":{"rendered":"<p>Policjanci z p\u0142ockiej drog\u00f3wki zatrzymali nieletniego, kt\u00f3ry chcia\u0142 unikn\u0105\u0107 kontroli drogowej. 15-latek przed funkcjonariuszami ucieka\u0142 na crossie. Nie posiada\u0142 wymaganych uprawnie\u0144, a pojazd by\u0142 nieubezpieczony i niedopuszczony do ruchu. Sprawa&hellip; <\/p>\n<div style=\"padding-bottom:20px; padding-top:10px;\" class=\"hupso-share-buttons\"><!-- Hupso Share Buttons - https:\/\/www.hupso.com\/share\/ --><a class=\"hupso_pop\" href=\"https:\/\/www.hupso.com\/share\/\"><img data-src=\"http:\/\/static.hupso.com\/share\/buttons\/button100x23.png\" style=\"border:0px; width:100; height: 23; \" alt=\"Share Button\" src=\"data:image\/svg+xml;base64,PHN2ZyB3aWR0aD0iMSIgaGVpZ2h0PSIxIiB4bWxucz0iaHR0cDovL3d3dy53My5vcmcvMjAwMC9zdmciPjwvc3ZnPg==\" class=\"lazyload\" \/><\/a><script type=\"text\/javascript\">var hupso_services=new Array(\"Twitter\",\"Facebook\",\"Pinterest\",\"Linkedin\",\"Tumblr\",\"StumbleUpon\",\"Digg\",\"Reddit\",\"Bebo\",\"Delicious\",\"QZone\",\"Renren\",\"Email\");var hupso_icon_type = \"labels\";var hupso_background=\"#3BF8FF\";var hupso_border=\"#FF2B0A\";var hupso_image_folder_url = \"\";var hupso_url=\"\";var hupso_title=\"15-latek%20na%20crossie%20ucieka%C5%82%20przed%20policj%C4%85\";<\/script><script type=\"text\/javascript\" src=\"http:\/\/static.hupso.com\/share\/js\/share.js\"><\/script><!-- Hupso Share Buttons --><\/div>","protected":false},"author":1,"featured_media":2045,"comment_status":"open","ping_status":"open","sticky":false,"template":"","format":"standard","meta":{"_acf_changed":false,"wprm-recipe-roundup-name":"","wprm-recipe-roundup-description":"","footnotes":""},"categories":[19,5,28],"tags":[],"class_list":["post-9779","post","type-post","status-publish","format-standard","has-post-thumbnail","hentry","category-aktualnosci","category-na-sygnale","category-wyd"],"acf":[],"amp_enabled":true,"_links":{"self":[{"href":"http:\/\/portalm\u0142awa.pl\/index.php?rest_route=\/wp\/v2\/posts\/9779","targetHints":{"allow":["GET"]}}],"collection":[{"href":"http:\/\/portalm\u0142awa.pl\/index.php?rest_route=\/wp\/v2\/posts"}],"about":[{"href":"http:\/\/portalm\u0142awa.pl\/index.php?rest_route=\/wp\/v2\/types\/post"}],"author":[{"embeddable":true,"href":"http:\/\/portalm\u0142awa.pl\/index.php?rest_route=\/wp\/v2\/users\/1"}],"replies":[{"embeddable":true,"href":"http:\/\/portalm\u0142awa.pl\/index.php?rest_route=%2Fwp%2Fv2%2Fcomments&post=9779"}],"version-history":[{"count":1,"href":"http:\/\/portalm\u0142awa.pl\/index.php?rest_route=\/wp\/v2\/posts\/9779\/revisions"}],"predecessor-version":[{"id":9780,"href":"http:\/\/portalm\u0142awa.pl\/index.php?rest_route=\/wp\/v2\/posts\/9779\/revisions\/9780"}],"wp:featuredmedia":[{"embeddable":true,"href":"http:\/\/portalm\u0142awa.pl\/index.php?rest_route=\/wp\/v2\/media\/2045"}],"wp:attachment":[{"href":"http:\/\/portalm\u0142awa.pl\/index.php?rest_route=%2Fwp%2Fv2%2Fmedia&parent=9779"}],"wp:term":[{"taxonomy":"category","embeddable":true,"href":"http:\/\/portalm\u0142awa.pl\/index.php?rest_route=%2Fwp%2Fv2%2Fcategories&post=9779"},{"taxonomy":"post_tag","embeddable":true,"href":"http:\/\/portalm\u0142awa.pl\/index.php?rest_route=%2Fwp%2Fv2%2Ftags&post=9779"}],"curies":[{"name":"wp","href":"https:\/\/api.w.org\/{rel}","templated":true}]}}