{"id":9875,"date":"2025-09-08T14:09:32","date_gmt":"2025-09-08T12:09:32","guid":{"rendered":"http:\/\/portalm\u0142awa.pl\/?p=9875"},"modified":"2025-09-08T14:09:32","modified_gmt":"2025-09-08T12:09:32","slug":"pkp-intercity-postawilo-na-swoim-pociagi-wrocily-na-stacje-mlawa","status":"publish","type":"post","link":"http:\/\/portalm\u0142awa.pl\/?p=9875","title":{"rendered":"PKP Intercity postawi\u0142o na swoim. Poci\u0105gi wr\u00f3ci\u0142y na stacj\u0119 M\u0142awa"},"content":{"rendered":"<p style=\"box-sizing: border-box; margin: 0px 0px 10px; color: #666666; font-family: 'Roboto Condensed'; font-size: 18px; text-align: justify;\"><span style=\"box-sizing: border-box; font-weight: bold;\">Szybko zako\u0144czono pilota\u017cowe zatrzymywanie si\u0119 po\u0142\u0105cze\u0144 PKP Intercity na przystanku M\u0142awa Miasto. Cho\u0107 pocz\u0105tkowo przewidywano, \u017ce okres testowy potrwa przez pe\u0142ny rozk\u0142ad jazdy, przewo\u017anik zmieni\u0142 zdanie i od 1 wrze\u015bnia poci\u0105gi wr\u00f3ci\u0142y na stacj\u0119 M\u0142awa.<\/span><\/p>\n<p style=\"box-sizing: border-box; margin: 0px 0px 10px; color: #666666; font-family: 'Roboto Condensed'; font-size: 18px; text-align: justify;\">Dotychczasowy roczny rozk\u0142ad jazdy 2024\/2025 przewidywa\u0142, \u017ce poci\u0105gi PKP Intercity b\u0119d\u0105 zatrzymywa\u0107 si\u0119 na przystanku M\u0142awa Miasto co najmniej do po\u0142owy grudnia 2025 roku. Roczny pilota\u017c mia\u0142 pozwoli\u0107 na rzeteln\u0105 ocen\u0119 potok\u00f3w pasa\u017cerskich i efektywno\u015bci tego rozwi\u0105zania.<\/p>\n<p style=\"box-sizing: border-box; margin: 0px 0px 10px; color: #666666; font-family: 'Roboto Condensed'; font-size: 18px; text-align: justify;\">Na pocz\u0105tku lipca w sprawie likwidacji postoj\u00f3w na przystanku M\u0142awa Miasto i ich przeniesienia na stacj\u0119 M\u0142awa do ministra infrastruktury zapytanie poselskie skierowa\u0142a Paulina Matysiak. Zwr\u00f3ci\u0142a ona uwag\u0119, \u017ce decyzj\u0119 o zmianie lokalizacji podj\u0119to bez ujawnienia danych, np. o liczbie sprzedanych bilet\u00f3w, kt\u00f3re mog\u0105 by\u0107 podstaw\u0105 do oceny efektywno\u015bci zatrzyma\u0144.<\/p>\n<p style=\"box-sizing: border-box; margin: 0px 0px 10px; color: #666666; font-family: 'Roboto Condensed'; font-size: 18px; text-align: justify;\"><span style=\"font-family: inherit;\">Stacja M\u0142awa, do kt\u00f3rej maj\u0105 zosta\u0107 przeniesione postoje, jest po\u0142o\u017cona na peryferiach miasta, a perony na niej s\u0105 zbyt kr\u00f3tkie, by bezpiecznie obs\u0142ugiwa\u0107 poci\u0105gi zestawione z wagon\u00f3w pasa\u017cerskich kursuj\u0105cych na trasach mi\u0119dzywojew\u00f3dzkich \u2013 argumentowa\u0142a Paulina Matysiak.<\/span><\/p>\n<p style=\"box-sizing: border-box; margin: 0px 0px 10px; color: #666666; font-family: 'Roboto Condensed'; font-size: 18px; text-align: justify;\">Nawet burmistrz M\u0142awy z\u0142o\u017cy\u0142 do Ministerstwa Infrastruktury petycj\u0119 w sprawie kontynuacji postoj\u00f3w poci\u0105g\u00f3w IC i TLK na przystanku M\u0142awa Miasto.\u00a0\u017badne argumenty nie przekona\u0142y jednak przewo\u017anika ani Ministerstwa.<\/p>\n<p style=\"box-sizing: border-box; margin: 0px 0px 10px; color: #666666; font-family: 'Roboto Condensed'; font-size: 18px; text-align: justify;\">Piotr Malepszak, podsekretarz stanu w Ministerstwie Infrastruktury, przekaza\u0142, \u017ce analiza danych frekwencyjnych i eksploatacyjnych zebranych w czasie pilota\u017cu wykaza\u0142a, \u017ce przystanek M\u0142awa Miasto nie spe\u0142ni\u0142 stawianych oczekiwa\u0144. Dodaj\u0105c, \u017ce\u00a0\u00a0szczeg\u00f3\u0142owe dane statystyczne nie mog\u0105 zosta\u0107 publicznie ujawnione.<\/p>\n<p style=\"box-sizing: border-box; margin: 0px 0px 10px; color: #666666; font-family: 'Roboto Condensed'; font-size: 18px; text-align: justify;\"><span style=\"font-family: inherit;\">Zagregowane dane wskazuj\u0105 na wi\u0119ksz\u0105 i bardziej stabiln\u0105 wymian\u0119 pasa\u017cersk\u0105 na stacji M\u0142awa w por\u00f3wnaniu z przystankiem M\u0142awa Miasto. Liczba pasa\u017cer\u00f3w na przystanku M\u0142awa Miasto by\u0142a w analogicznym okresie o oko\u0142o 7% ni\u017csza ni\u017c na stacji M\u0142awa \u2013 przekaza\u0142 jedynie Piotr Malepszak.<\/span><\/p>\n<p style=\"box-sizing: border-box; margin: 0px 0px 10px; color: #666666; font-family: 'Roboto Condensed'; font-size: 18px; text-align: justify;\">Wiceminister doda\u0142, \u017ce z uwagi na brak wyra\u017anego wzrostu zainteresowania tym przystankiem uznano, \u017ce rozwi\u0105zanie nie przynosi zak\u0142adanych korzy\u015bci.<\/p>\n<p style=\"box-sizing: border-box; margin: 0px 0px 10px; color: #666666; font-family: 'Roboto Condensed'; font-size: 18px; text-align: justify;\"><span style=\"font-family: inherit;\">Stacja M\u0142awa, po\u0142o\u017cona w odleg\u0142o\u015bci 3 km od przystanku M\u0142awa Miasto, jest w dalszym ci\u0105gu dogodnie skomunikowana i obs\u0142uguje codzienne potoki pasa\u017cerskie, r\u00f3wnie\u017c Kolei Mazowieckich, a ponadto posiada wiele dogodnie zlokalizowanych miejsc parkingowych \u2013 podkre\u015bli\u0142 przedstawiciel resortu.\u00a0<\/span><\/p>\n<p><span style=\"color: #666666; font-family: 'Roboto Condensed'; font-size: 18px; text-align: justify;\">Przypomnijmy, \u017ce pod koniec wakacji przy stacji w M\u0142awie\u00a0<\/span><span style=\"box-sizing: border-box; color: #666666; font-family: 'Roboto Condensed'; font-size: 18px; text-align: justify; text-decoration-line: underline;\"><span style=\"box-sizing: border-box; font-weight: bold;\"><a style=\"box-sizing: border-box; background-color: rgba(255, 255, 255, 0); color: #666666; text-decoration-line: none; margin-top: 0px; transition: 0.4s;\" href=\"https:\/\/kolejowyportal.pl\/nowe-miejsca-postojowe-przy-stacji-w-mlawie\/\"><span style=\"box-sizing: border-box; color: #35a5d5;\">powsta\u0142 nowy parking, kt\u00f3ry ma 74 miejsca postojowe, w tym 4 przeznaczone dla os\u00f3b z trudno\u015bciami w poruszaniu si\u0119.<\/span><\/a><\/span><\/span><\/p>\n<p>\u0179r\u00f3d\u0142o\u00a0 Kolejowy Portal fot. PKP SA<\/p>\n<p style=\"box-sizing: border-box; margin-top: 0px; margin-bottom: 15px; color: #555555; font-family: Roboto, sans-serif; font-size: 15px; text-align: justify;\">Komentarze<\/p>\n<p style=\"box-sizing: border-box; margin-top: 0px; margin-bottom: 15px; color: #555555; font-family: Roboto, sans-serif; font-size: 15px; text-align: justify;\">Wydawca portalu nie ponosi odpowiedzialno\u015bci za tre\u015b\u0107 komentarzy zamieszczanych przez u\u017cytkownik\u00f3w. Osoby zamieszczaj\u0105ce wypowiedzi naruszaj\u0105ce prawo lub prawem chronione dobra os\u00f3b trzecich mog\u0105 ponie\u015b\u0107 z tego tytu\u0142u odpowiedzialno\u015b\u0107 karn\u0105 lub cywiln\u0105.JEDNOCZE\u015aNIE U\u017bYTKOWNICY ZAMIESZCZAJ\u0104C KOMENTARZ O\u015aWIADCZAJ\u0104, \u017bE BIOR\u0104 PE\u0141N\u0104 ODPOWIEDZIALNO\u015a\u0106 ZA TRE\u015aCI UMIESZCZONE PRZEZ SIEBIE<\/p>\n<p>&nbsp;<\/p>\n<div style=\"padding-bottom:20px; padding-top:10px;\" class=\"hupso-share-buttons\"><!-- Hupso Share Buttons - https:\/\/www.hupso.com\/share\/ --><a class=\"hupso_pop\" href=\"https:\/\/www.hupso.com\/share\/\"><img decoding=\"async\" data-src=\"http:\/\/static.hupso.com\/share\/buttons\/button100x23.png\" style=\"border:0px; width:100; height: 23; \" alt=\"Share Button\" src=\"data:image\/svg+xml;base64,PHN2ZyB3aWR0aD0iMSIgaGVpZ2h0PSIxIiB4bWxucz0iaHR0cDovL3d3dy53My5vcmcvMjAwMC9zdmciPjwvc3ZnPg==\" class=\"lazyload\" \/><\/a><script type=\"text\/javascript\">var hupso_services=new Array(\"Twitter\",\"Facebook\",\"Pinterest\",\"Linkedin\",\"Tumblr\",\"StumbleUpon\",\"Digg\",\"Reddit\",\"Bebo\",\"Delicious\",\"QZone\",\"Renren\",\"Email\");var hupso_icon_type = \"labels\";var hupso_background=\"#3BF8FF\";var hupso_border=\"#FF2B0A\";var hupso_image_folder_url = \"\";var hupso_url=\"\";var hupso_title=\"PKP%20Intercity%20postawi%C5%82o%20na%20swoim.%20Poci%C4%85gi%20wr%C3%B3ci%C5%82y%20na%20stacj%C4%99%20M%C5%82awa\";<\/script><script type=\"text\/javascript\" src=\"http:\/\/static.hupso.com\/share\/js\/share.js\"><\/script><!-- Hupso Share Buttons --><\/div>","protected":false},"excerpt":{"rendered":"<p>Szybko zako\u0144czono pilota\u017cowe zatrzymywanie si\u0119 po\u0142\u0105cze\u0144 PKP Intercity na przystanku M\u0142awa Miasto. Cho\u0107 pocz\u0105tkowo przewidywano, \u017ce okres testowy potrwa przez pe\u0142ny rozk\u0142ad jazdy, przewo\u017anik zmieni\u0142 zdanie i od 1 wrze\u015bnia&hellip; <\/p>\n<div style=\"padding-bottom:20px; padding-top:10px;\" class=\"hupso-share-buttons\"><!-- Hupso Share Buttons - https:\/\/www.hupso.com\/share\/ --><a class=\"hupso_pop\" href=\"https:\/\/www.hupso.com\/share\/\"><img data-src=\"http:\/\/static.hupso.com\/share\/buttons\/button100x23.png\" style=\"border:0px; width:100; height: 23; \" alt=\"Share Button\" src=\"data:image\/svg+xml;base64,PHN2ZyB3aWR0aD0iMSIgaGVpZ2h0PSIxIiB4bWxucz0iaHR0cDovL3d3dy53My5vcmcvMjAwMC9zdmciPjwvc3ZnPg==\" class=\"lazyload\" \/><\/a><script type=\"text\/javascript\">var hupso_services=new Array(\"Twitter\",\"Facebook\",\"Pinterest\",\"Linkedin\",\"Tumblr\",\"StumbleUpon\",\"Digg\",\"Reddit\",\"Bebo\",\"Delicious\",\"QZone\",\"Renren\",\"Email\");var hupso_icon_type = \"labels\";var hupso_background=\"#3BF8FF\";var hupso_border=\"#FF2B0A\";var hupso_image_folder_url = \"\";var hupso_url=\"\";var hupso_title=\"PKP%20Intercity%20postawi%C5%82o%20na%20swoim.%20Poci%C4%85gi%20wr%C3%B3ci%C5%82y%20na%20stacj%C4%99%20M%C5%82awa\";<\/script><script type=\"text\/javascript\" src=\"http:\/\/static.hupso.com\/share\/js\/share.js\"><\/script><!-- Hupso Share Buttons --><\/div>","protected":false},"author":1,"featured_media":9876,"comment_status":"open","ping_status":"open","sticky":false,"template":"","format":"standard","meta":{"_acf_changed":false,"wprm-recipe-roundup-name":"","wprm-recipe-roundup-description":"","footnotes":""},"categories":[19,28],"tags":[],"class_list":["post-9875","post","type-post","status-publish","format-standard","has-post-thumbnail","hentry","category-aktualnosci","category-wyd"],"acf":[],"amp_enabled":true,"_links":{"self":[{"href":"http:\/\/portalm\u0142awa.pl\/index.php?rest_route=\/wp\/v2\/posts\/9875","targetHints":{"allow":["GET"]}}],"collection":[{"href":"http:\/\/portalm\u0142awa.pl\/index.php?rest_route=\/wp\/v2\/posts"}],"about":[{"href":"http:\/\/portalm\u0142awa.pl\/index.php?rest_route=\/wp\/v2\/types\/post"}],"author":[{"embeddable":true,"href":"http:\/\/portalm\u0142awa.pl\/index.php?rest_route=\/wp\/v2\/users\/1"}],"replies":[{"embeddable":true,"href":"http:\/\/portalm\u0142awa.pl\/index.php?rest_route=%2Fwp%2Fv2%2Fcomments&post=9875"}],"version-history":[{"count":1,"href":"http:\/\/portalm\u0142awa.pl\/index.php?rest_route=\/wp\/v2\/posts\/9875\/revisions"}],"predecessor-version":[{"id":9877,"href":"http:\/\/portalm\u0142awa.pl\/index.php?rest_route=\/wp\/v2\/posts\/9875\/revisions\/9877"}],"wp:featuredmedia":[{"embeddable":true,"href":"http:\/\/portalm\u0142awa.pl\/index.php?rest_route=\/wp\/v2\/media\/9876"}],"wp:attachment":[{"href":"http:\/\/portalm\u0142awa.pl\/index.php?rest_route=%2Fwp%2Fv2%2Fmedia&parent=9875"}],"wp:term":[{"taxonomy":"category","embeddable":true,"href":"http:\/\/portalm\u0142awa.pl\/index.php?rest_route=%2Fwp%2Fv2%2Fcategories&post=9875"},{"taxonomy":"post_tag","embeddable":true,"href":"http:\/\/portalm\u0142awa.pl\/index.php?rest_route=%2Fwp%2Fv2%2Ftags&post=9875"}],"curies":[{"name":"wp","href":"https:\/\/api.w.org\/{rel}","templated":true}]}}